{"id":1115,"date":"2011-11-06T22:32:00","date_gmt":"2011-11-06T22:32:00","guid":{"rendered":"http:\/\/wolfgang-kipferl.de\/sch_aktuell_blog\/?p=1115"},"modified":"2011-11-08T19:08:05","modified_gmt":"2011-11-08T19:08:05","slug":"kreisjugendmeisterschaften-2011-titel-fur-lorenz-und-maria","status":"publish","type":"post","link":"https:\/\/wolfgang-kipferl.de\/sch_aktuell_blog\/?p=1115","title":{"rendered":"Kreisjugendmeisterschaften 2011 &#8211; Titel f\u00fcr Lorenz und Maria"},"content":{"rendered":"<p>Vom 4.-6. November fanden unter der souver\u00e4nen Leitung von Helmut Luther und Philipp &#8222;Super Mario&#8220; Junk die Kreisjugendmeisterschaften im Loni-\u00dcbler Haus statt. Erfreulicherweise waren 48 Teilnehmer am Start (so viele wie lange nicht mehr), darunter auch acht Neumarkter (auch das gab es lange nicht): Maria, Lorenz und Eva Schilay, Fabienne Held, Tim Erik Gresch, Paul Neppert, Johannes Hierl und Simon Drechsel.<br \/>\nUnd unser Nachwuchs zeigte gute Leistungen und kehrte erfolgreich aus N\u00fcrnberg zur\u00fcck. Maria konnte in der U8 ihren Titel verteidigen und Lorenz dominierte die U10 mit 7\/7. Eva wiederholte in der U12 den dritten Rang vom Vorjahr und sorgte somit f\u00fcr den dritten Podestrang. Tim, Paul und Simon wurden jeweils starker Vierter, Fabienne und Johannes sammelten wichtige Turniererfahrung und belegten die R\u00e4nge neun und zehn.<\/p>\n<p><a href=\"http:\/\/wolfgang-kipferl.de\/sch_aktuell_blog\/wp-content\/uploads\/2011\/11\/KJEMU10_2011.html\" target=\"_blank\">KJEMU10_2011<\/a><\/p>\n<p><a href=\"http:\/\/wolfgang-kipferl.de\/sch_aktuell_blog\/wp-content\/uploads\/2011\/11\/KJEMU10_2011FST.html\" target=\"_blank\">KJEMU10_2011FST<\/a><\/p>\n<p><a href=\"http:\/\/wolfgang-kipferl.de\/sch_aktuell_blog\/wp-content\/uploads\/2011\/11\/KJEMU12_2011.html\" target=\"_blank\">KJEMU12_2011<\/a><\/p>\n<p><a href=\"http:\/\/wolfgang-kipferl.de\/sch_aktuell_blog\/wp-content\/uploads\/2011\/11\/KJEMU12_2011FST.html\" target=\"_blank\">KJEMU12_2011FST<\/a><\/p>\n<p><a href=\"http:\/\/wolfgang-kipferl.de\/sch_aktuell_blog\/wp-content\/uploads\/2011\/11\/KJEMU14_2011.html\" target=\"_blank\">KJEMU14_2011<\/a><\/p>\n<p><a href=\"http:\/\/wolfgang-kipferl.de\/sch_aktuell_blog\/wp-content\/uploads\/2011\/11\/KJEMU14_2011FST.html\" target=\"_blank\">KJEMU14_2011FST<\/a><\/p>\n<p><!--more--><br \/>\nIn der U8 gab es nur drei Teilnehmer, so dass diese mit der U10 zusammengelegt wurde. Da Ruben Mantel (Zabo) f\u00fcr die U14 gemeldet hatte, war Lorenz klarer Favorit und er wurde dieser Rolle auch gerecht. Er gewann alle Partien souver\u00e4n, einzig gegen Tim stellte er in \u00fcberlegener Stellung einen Turm ein, hatte aber immer noch L\u00e4ufer + 3 Mehrbauern daf\u00fcr.<br \/>\nTim zeigte ebenfalls ein Klasseturnier und verpasste als Vierter mit vier Punkten nur knapp das Podest. Dabei hatte er im direkten Duell gegen den Drittplatzierten Michael Kolotiy (Zabo) bereits Dame f\u00fcr Turm und drohte undeckbar matt. Leider war der Vorbereitungszug ohne Schach und Tim wurde Grundreihenmatt gesetzt.<br \/>\nMaria holte ebenfalls vier Punkte u.a. gegen ihre beiden Konkurrenten in der U8 und wurde am Ende Sechste gleichbedeutend mit der erfolgreichen Titelverteidigung in der U8. Dabei wurde sie sogar unter Wert geschlagen: gegen Tim und Arthur Paul (N\u00fcrnberg S\u00fcd) griff sie beherzt an und stand jeweils auf Gewinn. Doch in beiden Partien lie\u00df sie eine gute Chance aus und wurde von z\u00e4h verteidigenden Gegnern ausgekontert. Und auch gegen den Vizemeister Tristan Stohl (Schwabach) stand Maria lange ausgeglichen und kam erst in Nachteil, als sie einen Springer unn\u00f6tig abgab.<br \/>\nFabienne k\u00e4mpfte sich in der ersten Runde nach einem Figurenverlust sch\u00f6n in die Partie zur\u00fcck nund nutzte ihre starken Zentrumsbauern zum Gewinn. Leider lie\u00df sie in Runde f\u00fcnf eine gute Chance aus und hatte am Ende das Pech gegen Lorenz hochgelost zu werden, sonst w\u00e4re noch mehr als Rang neun mit drei Punkten m\u00f6glich gewesen.<\/p>\n<p>In der U12 waren Eva, Paul und Johannes am Start. W\u00e4hrend Eva gute Podiumschancen hatte, sollten Paul und Johannes in erster Linie Spielpraxis sammeln. Gleich in Runde eins kam es zu einem denkw\u00fcrdigen Duell zwischen Eva und Paul. Eva eroberte dank einer Fesselung im Mittelspiel eine Figur und opferte anschlie\u00dfend eine Qualit\u00e4t um die Damen zu tauschen. So entstand ein Endspiel mit S+L+4B gegen den blanken Turm. Doch Paul k\u00e4mpfte und nutzte die Chancen die ihm Eva erlaubte. So ging Bauer um Bauer verloren und auch den Springer h\u00e4tte Paul per Fesselung erobern k\u00f6nnen. Mit ablaufender Bedenkzeit fanden beide nicht immer die besten Z\u00fcge, so blieb Eva der wichtige Freibauer \u00fcbrig und am Ende fiel \u00fcberraschend bei Paul die Zeit, wohingegen Eva noch drei Minuten \u00fcbrig hatte (es war die mit Abstand l\u00e4ngste U12 Partie des ganzen Turniers&#8230;). Johannes er\u00f6ffnete gegen Tamina M\u00e4nner (NT) zu zaghaft und \u00fcberlie\u00df ihr den Angriff. Beiden unterliefen immer wieder Ungenauigkeiten, die Bauern h\u00e4tten kosten k\u00f6nnen, doch am Ende setzte sich die Erfahrenere durch.<br \/>\nAm zweiten Turniertag erwischte Paul einen Sahnetag und gewann alle drei Partien. In Runde vier strapazierte er meine Nerven jedoch gewaltig als er mit zwei Figuren mehr auf einmal wieder Kurs Remis steuerte, doch dank eines Tempoverlustes seines Gegen\u00fcber konnte er einen Bauern behalten und zum Sieg verwerten. Eva hatte gegen denselben Gegner zuvor eine dicke M\u00f6glichkeit mit Dame gegen Turm weggeschmissen. Danach bezwang sie Tamina problemlos, da deren Figurenopfer nicht den gew\u00fcnschten Erfolg brachte. Leider stellte Eva in Runde vier gegen Sebastian Hoffmann (NT) eine Figur ein, weil sie &#8211; Achtung! &#8211; viel zu schnell spielte. Bei Johannes stand leider auch nach dem zweiten Tag noch die Null, dabei hielt er meist gut mit und hatte insbesondere gegen Juliane Ki\u00dfler (NT) bereits alle Tr\u00fcmpfe in der Hand.<br \/>\nAn Tag drei musste Paul zun\u00e4chst gegen den Topfavoriten Adrian Siegl (S\u00fcd) ran und verlor erwartungsgem\u00e4\u00df. Leider musste er in der folgenden Runde auch gegen Arnold Stohl (Schwabach) die Segel streichen und fiel damit fast raus aus dem Kampf ums Podest. Daf\u00fcr k\u00e4mpfte sich Eva mit zwei Siegen gegen Juliane und dem starken Steiner Maximilian K\u00f6rber auf Rang drei nach vorne. Damit ergab sich vor der letzten Runde folgende Ausgangslage: Adrian war mit 6 Punkten durch, dahinter k\u00e4mpften Maximilian, Eva und Tamina mit 4 Punkten ums Podest, aber auch Paul, Silas Diamantis (NT) und Arnold mit je 3 Punkten hatten noch eine Chance.<br \/>\nZun\u00e4chst griff Johannes in den Kampf ums Podium ein, indem er gegen Silas seinen \u00fcberf\u00e4lligen ersten Sieg holte. Diesmal spielte er etwas langsamer und konzentrierter und lie\u00df den Gegner den Fehler machen. Maximilian gewann gegen Juliane und sicherte sich somit einen Platz auf dem Podest, wohingegen Paul gegen Tamina siegreich blieb. Aufgrund der Buchholz war somit klar, dass Eva sich sogar eine Niederlage gegen Adrian leisten k\u00f6nnte und dank der Sch\u00fctzenhilfe von Paul trotzdem auf Platz drei bliebe. Doch Adrian war ganz Gentleman und gew\u00e4hrte Eva ein Remis. Somit wurde Eva wie im Vorjahr Dritte und das trotz zweier \u00e4rgerlicher Niederlagen. Verdient war es allemal, hatte sie doch die Zweit-, Viert- und F\u00fcnftplatzierten allesamt geschlagen. Paul beendete das Turnier mit vier Punkten auf einem ausgezeichneten vierten Rang, der aufgrund der Vorqualifikation von Adrian und Eva f\u00fcr die Quali zur BezirkEM reichen m\u00fcsste. Johannes wurde unter Wert geschlagen, aber zu viele einfache Fehler kosteten unn\u00f6tig Punkte. Dass er es besser kann bewies er in der letzten Runde.<\/p>\n<p>In der U14 k\u00e4mpfte Simon Drechsel als #5 der Setzliste gegen starke Konkurrenz um die Quali f\u00fcr Vorra. Nach einem lockeren Auftaktsieg folgte in Runde zwei ein spannendes Duell mit dem amtierenden U12 Meister Martin Drees (Cadolzburg). Die Partie war lange ausgeglichen, erst im Endspiel unterlief Simon in Zeitnot der entscheidende Fehler. Gegen Marcel Fortus (Zabo) tat sich Simon \u00fcberraschend schwer, v.a. weil er einen m\u00f6glichen Einschalg auf f7 auslie\u00df, da er was die gegnerischen Konterdrohungen angeht Gespenster sah. Doch im Endspiel nutzte Simon seine bessere Aktivit\u00e4t um zwei Bauern zu erobern und holte seinen zweiten Punkt.<br \/>\nIn der vierten Runde gewann er gegen Jonas Schmucker (NT) bereits in der Er\u00f6ffnung zwei Bauern und hatte alles im Griff. Leider unterlief ihm dann eine Ungenauigkeit woraufhin Jonas eine Dauerschachm\u00f6glichkeit serviert bekam, die er dankbar annahm. Damit wurde ein Podestplatz unrealistisch, doch Rang vier und damit die voraussichtliche Quali f\u00fcr Vorra waren noch in Reichweite. Doch dazu bedurfte es eines Erfolges \u00fcber die amtierende Bayerische U12 Meisterin Alisa Semenova (NT), die bis dato ein sehr gutes Turnier gespielt hatte. Simon spielte auf Sieg, wohingegen Alisa bunkerte und mehr auf ein Remis aus war. Doch Simon lehnte ab und fand einen Weg die Stellung zu \u00f6ffnen und einen Bauern zu gewinnen. Dank seines aktiven Turmes konnte er in ein gewonnenes Turmendspiel mit zwei verbundenen Freibauern abwickeln. Damit geh\u00f6rte Simon einem Quartett aus Spielern mit je 3,5 Punkten an, die sich hinter dem neuen Kreismeister Valentin Krasotin (S\u00fcd) klassierten. Mit seiner Buchholz reichte es f\u00fcr Simon zu einem starken vierten Rang &#8211; der Lohn f\u00fcr ein sehr gutes Turnier.<\/p>\n<p><a href=\"http:\/\/www.neumarktonline.de\/art.php?newsid=68120\" target=\"_blank\">Artikel bei Neumarkt Online<\/a><\/p>\n\n\t\t<style type=\"text\/css\">\n\t\t\t#gallery-1 {\n\t\t\t\tmargin: auto;\n\t\t\t}\n\t\t\t#gallery-1 .gallery-item {\n\t\t\t\tfloat: left;\n\t\t\t\tmargin-top: 10px;\n\t\t\t\ttext-align: center;\n\t\t\t\twidth: 33%;\n\t\t\t}\n\t\t\t#gallery-1 img {\n\t\t\t\tborder: 2px solid #cfcfcf;\n\t\t\t}\n\t\t\t#gallery-1 .gallery-caption {\n\t\t\t\tmargin-left: 0;\n\t\t\t}\n\t\t\t\/* see gallery_shortcode() in wp-includes\/media.php *\/\n\t\t<\/style>\n\t\t<div id='gallery-1' class='gallery galleryid-1115 gallery-columns-3 gallery-size-thumbnail'><dl class='gallery-item'>\n\t\t\t<dt class='gallery-icon landscape'>\n\t\t\t\t<a href='https:\/\/wolfgang-kipferl.de\/sch_aktuell_blog\/?attachment_id=1119'><img loading=\"lazy\" decoding=\"async\" width=\"150\" height=\"150\" src=\"https:\/\/wolfgang-kipferl.de\/sch_aktuell_blog\/wp-content\/uploads\/2011\/11\/CIMG1639-720x540-150x150.jpg\" class=\"attachment-thumbnail size-thumbnail\" alt=\"\" aria-describedby=\"gallery-1-1119\" \/><\/a>\n\t\t\t<\/dt>\n\t\t\t\t<dd class='wp-caption-text gallery-caption' id='gallery-1-1119'>\n\t\t\t\tEva und Paul nutzten in der ersten Runde beinahe die kompletten 2 Stunden und am Ende fiel \u00fcberraschend Paul auf Zeit. Vorne k\u00e4mpft Johannes gegen Tamina M\u00e4nner\n\t\t\t\t<\/dd><\/dl><dl class='gallery-item'>\n\t\t\t<dt class='gallery-icon landscape'>\n\t\t\t\t<a href='https:\/\/wolfgang-kipferl.de\/sch_aktuell_blog\/?attachment_id=1120'><img loading=\"lazy\" decoding=\"async\" width=\"150\" height=\"150\" src=\"https:\/\/wolfgang-kipferl.de\/sch_aktuell_blog\/wp-content\/uploads\/2011\/11\/CIMG1640-720x540-150x150.jpg\" class=\"attachment-thumbnail size-thumbnail\" alt=\"\" aria-describedby=\"gallery-1-1120\" \/><\/a>\n\t\t\t<\/dt>\n\t\t\t\t<dd class='wp-caption-text gallery-caption' id='gallery-1-1120'>\n\t\t\t\tSimon \u00fcberlegt messerscharf\n\t\t\t\t<\/dd><\/dl><dl class='gallery-item'>\n\t\t\t<dt class='gallery-icon landscape'>\n\t\t\t\t<a href='https:\/\/wolfgang-kipferl.de\/sch_aktuell_blog\/?attachment_id=1121'><img loading=\"lazy\" decoding=\"async\" width=\"150\" height=\"150\" src=\"https:\/\/wolfgang-kipferl.de\/sch_aktuell_blog\/wp-content\/uploads\/2011\/11\/CIMG1642-720x540-150x150.jpg\" class=\"attachment-thumbnail size-thumbnail\" alt=\"\" aria-describedby=\"gallery-1-1121\" \/><\/a>\n\t\t\t<\/dt>\n\t\t\t\t<dd class='wp-caption-text gallery-caption' id='gallery-1-1121'>\n\t\t\t\tVereinsduell zwischen Johannes und Paul, dahinter gelingt Eva ein wichtiger Sieg gegen Tamina M\u00e4nner (NT)\n\t\t\t\t<\/dd><\/dl><br style=\"clear: both\" \/><dl class='gallery-item'>\n\t\t\t<dt class='gallery-icon landscape'>\n\t\t\t\t<a href='https:\/\/wolfgang-kipferl.de\/sch_aktuell_blog\/?attachment_id=1122'><img loading=\"lazy\" decoding=\"async\" width=\"150\" height=\"150\" src=\"https:\/\/wolfgang-kipferl.de\/sch_aktuell_blog\/wp-content\/uploads\/2011\/11\/CIMG1644-720x540-150x150.jpg\" class=\"attachment-thumbnail size-thumbnail\" alt=\"\" aria-describedby=\"gallery-1-1122\" \/><\/a>\n\t\t\t<\/dt>\n\t\t\t\t<dd class='wp-caption-text gallery-caption' id='gallery-1-1122'>\n\t\t\t\tLorenz marschierte souver\u00e4n durch\n\t\t\t\t<\/dd><\/dl><dl class='gallery-item'>\n\t\t\t<dt class='gallery-icon landscape'>\n\t\t\t\t<a href='https:\/\/wolfgang-kipferl.de\/sch_aktuell_blog\/?attachment_id=1123'><img loading=\"lazy\" decoding=\"async\" width=\"150\" height=\"150\" src=\"https:\/\/wolfgang-kipferl.de\/sch_aktuell_blog\/wp-content\/uploads\/2011\/11\/CIMG1646-720x540-150x150.jpg\" class=\"attachment-thumbnail size-thumbnail\" alt=\"\" aria-describedby=\"gallery-1-1123\" \/><\/a>\n\t\t\t<\/dt>\n\t\t\t\t<dd class='wp-caption-text gallery-caption' id='gallery-1-1123'>\n\t\t\t\tMaria darf sich jetzt zweifache Kreismeisterin nennen\n\t\t\t\t<\/dd><\/dl><dl class='gallery-item'>\n\t\t\t<dt class='gallery-icon landscape'>\n\t\t\t\t<a href='https:\/\/wolfgang-kipferl.de\/sch_aktuell_blog\/?attachment_id=1124'><img loading=\"lazy\" decoding=\"async\" width=\"150\" height=\"150\" src=\"https:\/\/wolfgang-kipferl.de\/sch_aktuell_blog\/wp-content\/uploads\/2011\/11\/CIMG1647-720x540-150x150.jpg\" class=\"attachment-thumbnail size-thumbnail\" alt=\"\" aria-describedby=\"gallery-1-1124\" \/><\/a>\n\t\t\t<\/dt>\n\t\t\t\t<dd class='wp-caption-text gallery-caption' id='gallery-1-1124'>\n\t\t\t\tGegen Tim unterlief Lorenz der einzige Patzer aber es reichte dennoch\n\t\t\t\t<\/dd><\/dl><br style=\"clear: both\" \/><dl class='gallery-item'>\n\t\t\t<dt class='gallery-icon landscape'>\n\t\t\t\t<a href='https:\/\/wolfgang-kipferl.de\/sch_aktuell_blog\/?attachment_id=1125'><img loading=\"lazy\" decoding=\"async\" width=\"150\" height=\"150\" src=\"https:\/\/wolfgang-kipferl.de\/sch_aktuell_blog\/wp-content\/uploads\/2011\/11\/CIMG1648-720x540-150x150.jpg\" class=\"attachment-thumbnail size-thumbnail\" alt=\"\" aria-describedby=\"gallery-1-1125\" \/><\/a>\n\t\t\t<\/dt>\n\t\t\t\t<dd class='wp-caption-text gallery-caption' id='gallery-1-1125'>\n\t\t\t\tMaria hielt die Partie gegen den Vizemeister Tristan Stohl lange ausgeglichen \n\t\t\t\t<\/dd><\/dl><dl class='gallery-item'>\n\t\t\t<dt class='gallery-icon landscape'>\n\t\t\t\t<a href='https:\/\/wolfgang-kipferl.de\/sch_aktuell_blog\/?attachment_id=1126'><img loading=\"lazy\" decoding=\"async\" width=\"150\" height=\"150\" src=\"https:\/\/wolfgang-kipferl.de\/sch_aktuell_blog\/wp-content\/uploads\/2011\/11\/CIMG1650-720x540-150x150.jpg\" class=\"attachment-thumbnail size-thumbnail\" alt=\"\" aria-describedby=\"gallery-1-1126\" \/><\/a>\n\t\t\t<\/dt>\n\t\t\t\t<dd class='wp-caption-text gallery-caption' id='gallery-1-1126'>\n\t\t\t\tMaria spielte sehr sch\u00f6ne Partien, wurde aber zweimal ausgekontert\n\t\t\t\t<\/dd><\/dl><dl class='gallery-item'>\n\t\t\t<dt class='gallery-icon landscape'>\n\t\t\t\t<a href='https:\/\/wolfgang-kipferl.de\/sch_aktuell_blog\/?attachment_id=1127'><img loading=\"lazy\" decoding=\"async\" width=\"150\" height=\"150\" src=\"https:\/\/wolfgang-kipferl.de\/sch_aktuell_blog\/wp-content\/uploads\/2011\/11\/CIMG1651-720x540-150x150.jpg\" class=\"attachment-thumbnail size-thumbnail\" alt=\"\" aria-describedby=\"gallery-1-1127\" \/><\/a>\n\t\t\t<\/dt>\n\t\t\t\t<dd class='wp-caption-text gallery-caption' id='gallery-1-1127'>\n\t\t\t\tTim verpasste nur knapp das Podest\n\t\t\t\t<\/dd><\/dl><br style=\"clear: both\" \/><dl class='gallery-item'>\n\t\t\t<dt class='gallery-icon landscape'>\n\t\t\t\t<a href='https:\/\/wolfgang-kipferl.de\/sch_aktuell_blog\/?attachment_id=1128'><img loading=\"lazy\" decoding=\"async\" width=\"150\" height=\"150\" src=\"https:\/\/wolfgang-kipferl.de\/sch_aktuell_blog\/wp-content\/uploads\/2011\/11\/CIMG1652-720x540-150x150.jpg\" class=\"attachment-thumbnail size-thumbnail\" alt=\"\" aria-describedby=\"gallery-1-1128\" \/><\/a>\n\t\t\t<\/dt>\n\t\t\t\t<dd class='wp-caption-text gallery-caption' id='gallery-1-1128'>\n\t\t\t\tRunde 7: Lorenz gegen Fabienne\n\t\t\t\t<\/dd><\/dl><dl class='gallery-item'>\n\t\t\t<dt class='gallery-icon landscape'>\n\t\t\t\t<a href='https:\/\/wolfgang-kipferl.de\/sch_aktuell_blog\/?attachment_id=1129'><img loading=\"lazy\" decoding=\"async\" width=\"150\" height=\"150\" src=\"https:\/\/wolfgang-kipferl.de\/sch_aktuell_blog\/wp-content\/uploads\/2011\/11\/CIMG1655-720x540-150x150.jpg\" class=\"attachment-thumbnail size-thumbnail\" alt=\"\" aria-describedby=\"gallery-1-1129\" \/><\/a>\n\t\t\t<\/dt>\n\t\t\t\t<dd class='wp-caption-text gallery-caption' id='gallery-1-1129'>\n\t\t\t\tSiegerehrung U8: Raffael Merawi (Zabo), Maria Schilay und Robert Mager (NT)\n\t\t\t\t<\/dd><\/dl><dl class='gallery-item'>\n\t\t\t<dt class='gallery-icon landscape'>\n\t\t\t\t<a href='https:\/\/wolfgang-kipferl.de\/sch_aktuell_blog\/?attachment_id=1130'><img loading=\"lazy\" decoding=\"async\" width=\"150\" height=\"150\" src=\"https:\/\/wolfgang-kipferl.de\/sch_aktuell_blog\/wp-content\/uploads\/2011\/11\/CIMG1657-720x540-150x150.jpg\" class=\"attachment-thumbnail size-thumbnail\" alt=\"\" aria-describedby=\"gallery-1-1130\" \/><\/a>\n\t\t\t<\/dt>\n\t\t\t\t<dd class='wp-caption-text gallery-caption' id='gallery-1-1130'>\n\t\t\t\tSiegererhrung U10: Michael Kolotiy (Zabo), Lorenz Schilay und Tristan Stohl (Schwabach)\n\t\t\t\t<\/dd><\/dl><br style=\"clear: both\" \/><dl class='gallery-item'>\n\t\t\t<dt class='gallery-icon landscape'>\n\t\t\t\t<a href='https:\/\/wolfgang-kipferl.de\/sch_aktuell_blog\/?attachment_id=1131'><img loading=\"lazy\" decoding=\"async\" width=\"150\" height=\"150\" src=\"https:\/\/wolfgang-kipferl.de\/sch_aktuell_blog\/wp-content\/uploads\/2011\/11\/CIMG1660-720x540-150x150.jpg\" class=\"attachment-thumbnail size-thumbnail\" alt=\"\" aria-describedby=\"gallery-1-1131\" \/><\/a>\n\t\t\t<\/dt>\n\t\t\t\t<dd class='wp-caption-text gallery-caption' id='gallery-1-1131'>\n\t\t\t\tUnser erfolgreicher Nachwuchs\n\t\t\t\t<\/dd><\/dl><dl class='gallery-item'>\n\t\t\t<dt class='gallery-icon landscape'>\n\t\t\t\t<a href='https:\/\/wolfgang-kipferl.de\/sch_aktuell_blog\/?attachment_id=1132'><img loading=\"lazy\" decoding=\"async\" width=\"150\" height=\"150\" src=\"https:\/\/wolfgang-kipferl.de\/sch_aktuell_blog\/wp-content\/uploads\/2011\/11\/CIMG1662-720x540-150x150.jpg\" class=\"attachment-thumbnail size-thumbnail\" alt=\"\" aria-describedby=\"gallery-1-1132\" \/><\/a>\n\t\t\t<\/dt>\n\t\t\t\t<dd class='wp-caption-text gallery-caption' id='gallery-1-1132'>\n\t\t\t\tSiegerehrung U12: Maximilian K\u00f6rber (Stein), Adrian Siegl (S\u00fcd) und Eva Schilay\n\t\t\t\t<\/dd><\/dl><dl class='gallery-item'>\n\t\t\t<dt class='gallery-icon landscape'>\n\t\t\t\t<a href='https:\/\/wolfgang-kipferl.de\/sch_aktuell_blog\/?attachment_id=1133'><img loading=\"lazy\" decoding=\"async\" width=\"150\" height=\"150\" src=\"https:\/\/wolfgang-kipferl.de\/sch_aktuell_blog\/wp-content\/uploads\/2011\/11\/CIMG1663-720x540-150x150.jpg\" class=\"attachment-thumbnail size-thumbnail\" alt=\"\" aria-describedby=\"gallery-1-1133\" \/><\/a>\n\t\t\t<\/dt>\n\t\t\t\t<dd class='wp-caption-text gallery-caption' id='gallery-1-1133'>\n\t\t\t\tSimon spielte in der letzten Runde gegen Alisa Semenova (NT) auf Sieg und wurde mit einem starken vierten Rang belohnt\n\t\t\t\t<\/dd><\/dl><br style=\"clear: both\" \/>\n\t\t<\/div>\n\n<h3>Related Images:<\/h3>","protected":false},"excerpt":{"rendered":"<p>Vom 4.-6. November fanden unter der souver\u00e4nen Leitung von Helmut Luther und Philipp &#8222;Super Mario&#8220; Junk die Kreisjugendmeisterschaften im Loni-\u00dcbler Haus statt. Erfreulicherweise waren 48 Teilnehmer am Start (so viele wie lange nicht mehr), darunter auch acht Neumarkter (auch das &hellip; <a href=\"https:\/\/wolfgang-kipferl.de\/sch_aktuell_blog\/?p=1115\">Continue reading<\/a><\/p>\n","protected":false},"author":4,"featured_media":0,"comment_status":"closed","ping_status":"closed","sticky":false,"template":"","format":"standard","meta":{"ngg_post_thumbnail":0,"footnotes":""},"categories":[13],"tags":[],"class_list":["post-1115","post","type-post","status-publish","format-standard","hentry","category-jugend-1112"],"_links":{"self":[{"href":"https:\/\/wolfgang-kipferl.de\/sch_aktuell_blog\/index.php?rest_route=\/wp\/v2\/posts\/1115","targetHints":{"allow":["GET"]}}],"collection":[{"href":"https:\/\/wolfgang-kipferl.de\/sch_aktuell_blog\/index.php?rest_route=\/wp\/v2\/posts"}],"about":[{"href":"https:\/\/wolfgang-kipferl.de\/sch_aktuell_blog\/index.php?rest_route=\/wp\/v2\/types\/post"}],"author":[{"embeddable":true,"href":"https:\/\/wolfgang-kipferl.de\/sch_aktuell_blog\/index.php?rest_route=\/wp\/v2\/users\/4"}],"replies":[{"embeddable":true,"href":"https:\/\/wolfgang-kipferl.de\/sch_aktuell_blog\/index.php?rest_route=%2Fwp%2Fv2%2Fcomments&post=1115"}],"version-history":[{"count":0,"href":"https:\/\/wolfgang-kipferl.de\/sch_aktuell_blog\/index.php?rest_route=\/wp\/v2\/posts\/1115\/revisions"}],"wp:attachment":[{"href":"https:\/\/wolfgang-kipferl.de\/sch_aktuell_blog\/index.php?rest_route=%2Fwp%2Fv2%2Fmedia&parent=1115"}],"wp:term":[{"taxonomy":"category","embeddable":true,"href":"https:\/\/wolfgang-kipferl.de\/sch_aktuell_blog\/index.php?rest_route=%2Fwp%2Fv2%2Fcategories&post=1115"},{"taxonomy":"post_tag","embeddable":true,"href":"https:\/\/wolfgang-kipferl.de\/sch_aktuell_blog\/index.php?rest_route=%2Fwp%2Fv2%2Ftags&post=1115"}],"curies":[{"name":"wp","href":"https:\/\/api.w.org\/{rel}","templated":true}]}}