{"id":11347,"date":"2020-02-29T21:13:06","date_gmt":"2020-02-29T21:13:06","guid":{"rendered":"http:\/\/wolfgang-kipferl.de\/sch_aktuell_blog\/?p=11347"},"modified":"2020-03-03T21:56:41","modified_gmt":"2020-03-03T21:56:41","slug":"bezirksem-u12-18-2020","status":"publish","type":"post","link":"https:\/\/wolfgang-kipferl.de\/sch_aktuell_blog\/?p=11347","title":{"rendered":"BezirksEM U12-18 2020"},"content":{"rendered":"<p><a href=\"http:\/\/wolfgang-kipferl.de\/sch_aktuell_blog\/wp-content\/uploads\/2020\/03\/20200229_BezEM2020U18.jpg\"><img loading=\"lazy\" decoding=\"async\" src=\"http:\/\/wolfgang-kipferl.de\/sch_aktuell_blog\/wp-content\/uploads\/2020\/03\/20200229_BezEM2020U18-300x200.jpg\" alt=\"\" width=\"300\" height=\"200\" class=\"alignright size-medium wp-image-11348\" srcset=\"https:\/\/wolfgang-kipferl.de\/sch_aktuell_blog\/wp-content\/uploads\/2020\/03\/20200229_BezEM2020U18-300x200.jpg 300w, https:\/\/wolfgang-kipferl.de\/sch_aktuell_blog\/wp-content\/uploads\/2020\/03\/20200229_BezEM2020U18.jpg 720w\" sizes=\"auto, (max-width: 300px) 100vw, 300px\" \/><\/a>An den diesj\u00e4hrigen Bezirksmeisterschaften in den Alterklassen U12-U18, die vom 26. \u2013 29. Februar in Vorra stattfanden, nahmen f\u00fcnf Neumarkter teil. In der U12 unterlag Vinzenz Schilay drei nominell favorisierten Gegnern und kam in den letzten beiden Runden jeweils nicht \u00fcber ein Remis hinaus, so dass er mit drei Punkten Neunter wurde. Punktgleich einen Rang dahinter klassierte sich Leonhard Franke, der erst zur zweiten Runde einsteigen konnte. Maria Schilay hatte in der U16 nach vier Runden eine ausgeglichene Bilanz als sie krankheitsbedingt das Turnier beenden musste und somit Achte wurde. In der U18\/25 musste sich Lorenz nach zwei Siegen in Runde drei dem sp\u00e4teren Meister Joseph Homi (SGem F\u00fcrth) geschlagen geben, nachdem er einen Bauern eingeb\u00fc\u00dft hatte. Mit drei Siegen gegen starke Konkurrenz hatte er sich eine sehr gute Ausgangsposition vor der letzten Runde erarbeitet, lag er doch einen Punkt vor seinem letzten Verfolger im Kampf um den zweiten Quali-Platz. Im direkten &#8222;Lorenz-Duell&#8220; gegen Lorenz Hofmann (SV Lauf), mit dem er am Abend zuvor souver\u00e4n das Tandemturnier gewonnen hatte, unterlief Lorenz in guter Stellung ein Fehler, der Figur und Partie kostete. Sein Buchholz-Vorsprung war aber gro\u00df genug, so dass er sich als Zweiter einmal mehr f\u00fcr die Bayerische qualifiziert hat. Daiana Burger holte drei Punkte und wurde Neunte.<\/p>\n<p>Bei der Blitz-Meisterschaft kletterte Vinzenz mit 3,5 Punkten als Dritter auf das Podest. Leonhard hatte als F\u00fcnfter einen halben Z\u00e4hler weniger, obwohl er gegen die beiden vor ihm klassierten gewonnen hatte. In der U16 verpasste Maria as Vierte mit vier Punkten das Podest knapp. Lorenz gewann in der U20 sieben Partien und verlor deren drei, was f\u00fcr Rang drei reichte. Daiana wurde mit einem Punkt Elfte.<\/p>\n<p><a href=\"http:\/\/schachbezirk-mittelfranken.de\/sjm\/?p=3296\" rel=\"noopener noreferrer\" target=\"_blank\">Turnierseite<\/a><\/p>\n<h3>Related Images:<\/h3>","protected":false},"excerpt":{"rendered":"<p>An den diesj\u00e4hrigen Bezirksmeisterschaften in den Alterklassen U12-U18, die vom 26. \u2013 29. Februar in Vorra stattfanden, nahmen f\u00fcnf Neumarkter teil. In der U12 unterlag Vinzenz Schilay drei nominell favorisierten Gegnern und kam in den letzten beiden Runden jeweils nicht &hellip; <a href=\"https:\/\/wolfgang-kipferl.de\/sch_aktuell_blog\/?p=11347\">Continue reading<\/a><\/p>\n","protected":false},"author":4,"featured_media":0,"comment_status":"closed","ping_status":"closed","sticky":false,"template":"","format":"standard","meta":{"ngg_post_thumbnail":0,"footnotes":""},"categories":[51,50],"tags":[],"class_list":["post-11347","post","type-post","status-publish","format-standard","hentry","category-jugend-19-20","category-saison-19-20"],"_links":{"self":[{"href":"https:\/\/wolfgang-kipferl.de\/sch_aktuell_blog\/index.php?rest_route=\/wp\/v2\/posts\/11347","targetHints":{"allow":["GET"]}}],"collection":[{"href":"https:\/\/wolfgang-kipferl.de\/sch_aktuell_blog\/index.php?rest_route=\/wp\/v2\/posts"}],"about":[{"href":"https:\/\/wolfgang-kipferl.de\/sch_aktuell_blog\/index.php?rest_route=\/wp\/v2\/types\/post"}],"author":[{"embeddable":true,"href":"https:\/\/wolfgang-kipferl.de\/sch_aktuell_blog\/index.php?rest_route=\/wp\/v2\/users\/4"}],"replies":[{"embeddable":true,"href":"https:\/\/wolfgang-kipferl.de\/sch_aktuell_blog\/index.php?rest_route=%2Fwp%2Fv2%2Fcomments&post=11347"}],"version-history":[{"count":0,"href":"https:\/\/wolfgang-kipferl.de\/sch_aktuell_blog\/index.php?rest_route=\/wp\/v2\/posts\/11347\/revisions"}],"wp:attachment":[{"href":"https:\/\/wolfgang-kipferl.de\/sch_aktuell_blog\/index.php?rest_route=%2Fwp%2Fv2%2Fmedia&parent=11347"}],"wp:term":[{"taxonomy":"category","embeddable":true,"href":"https:\/\/wolfgang-kipferl.de\/sch_aktuell_blog\/index.php?rest_route=%2Fwp%2Fv2%2Fcategories&post=11347"},{"taxonomy":"post_tag","embeddable":true,"href":"https:\/\/wolfgang-kipferl.de\/sch_aktuell_blog\/index.php?rest_route=%2Fwp%2Fv2%2Ftags&post=11347"}],"curies":[{"name":"wp","href":"https:\/\/api.w.org\/{rel}","templated":true}]}}