{"id":12811,"date":"2022-07-20T21:38:22","date_gmt":"2022-07-20T21:38:22","guid":{"rendered":"https:\/\/wolfgang-kipferl.de\/sch_aktuell_blog\/?p=12811"},"modified":"2022-07-20T21:43:24","modified_gmt":"2022-07-20T21:43:24","slug":"magnus-carlsen-gibt-wm-titel-ab","status":"publish","type":"post","link":"https:\/\/wolfgang-kipferl.de\/sch_aktuell_blog\/?p=12811","title":{"rendered":"Magnus Carlsen gibt WM-Titel ab"},"content":{"rendered":"<p>Wie im Vorfeld bereits angedeutet, gab Weltmeister Magnus Carlsen heute am <a href=\"https:\/\/de.chessbase.com\/post\/heute-ist-der-internationale-schachtag\" rel=\"noopener\" target=\"_blank\">Internationalen Tag des Schachs<\/a> offiziell bekannt, dass er seinen WM-Titel nicht verteidigen wird. Der Weltranglistenerste hatte <a href=\"http:\/\/wolfgang-kipferl.de\/sch_aktuell_blog\/?p=4330\" rel=\"noopener\" target=\"_blank\">2013<\/a> Viswanathan Anand entthront und seinen Titel seitdem viermal verteidigt: <a href=\"https:\/\/wolfgang-kipferl.de\/sch_aktuell_blog\/?p=5573\" rel=\"noopener\" target=\"_blank\">2014<\/a> gegen Anand, <a href=\"https:\/\/wolfgang-kipferl.de\/sch_aktuell_blog\/?p=8171\" rel=\"noopener\" target=\"_blank\">2016<\/a> gegen Sergey Karjakin, <a href=\"https:\/\/wolfgang-kipferl.de\/sch_aktuell_blog\/?p=10077\" rel=\"noopener\" target=\"_blank\">2018<\/a> gegen Fabiano Caruana und zuletzt <a href=\"https:\/\/wolfgang-kipferl.de\/sch_aktuell_blog\/?p=12392\" rel=\"noopener\" target=\"_blank\">2021<\/a> gegen Ian Nepomniachtchi. Damit verzichtet Carlsen auch auf die Chance einen neuen WM-Rekord aufzustellen: diesen halten <a href=\"https:\/\/wolfgang-kipferl.de\/sch_aktuell_blog\/?p=10117\" rel=\"noopener\" target=\"_blank\">Emanuel Lasker<\/a> und Garry Kasparov mit f\u00fcnf erfolgreichen Titelverteidigungen. Emanuel Lasker h\u00e4lt zudem den Rekord der l\u00e4ngsten Regentschaft (1894 &#8211; 1921). Somit wird 2023 ein neuer Weltmeister gek\u00fcrt: der Sieger des <a href=\"https:\/\/wolfgang-kipferl.de\/sch_aktuell_blog\/?p=12702\" rel=\"noopener\" target=\"_blank\">Kandidatenturniers<\/a> Ian Nepomniachtchi und der dortige Zweite Ding Liren werden sich darum duellieren als 17. Weltmeister in die Schachgeschichte einzugehen.<\/p>\n<p><a href=\"https:\/\/chess24.com\/de\/lesen\/news\/Magnus-Carlsen-gibt-Weltmeistertitel-auf\" rel=\"noopener\" target=\"_blank\">Bericht bei Chess24<\/a><\/p>\n<h3>Related Images:<\/h3>","protected":false},"excerpt":{"rendered":"<p>Wie im Vorfeld bereits angedeutet, gab Weltmeister Magnus Carlsen heute am Internationalen Tag des Schachs offiziell bekannt, dass er seinen WM-Titel nicht verteidigen wird. Der Weltranglistenerste hatte 2013 Viswanathan Anand entthront und seinen Titel seitdem viermal verteidigt: 2014 gegen Anand, &hellip; <a href=\"https:\/\/wolfgang-kipferl.de\/sch_aktuell_blog\/?p=12811\">Continue reading<\/a><\/p>\n","protected":false},"author":4,"featured_media":0,"comment_status":"closed","ping_status":"closed","sticky":false,"template":"","format":"standard","meta":{"ngg_post_thumbnail":0,"footnotes":""},"categories":[1],"tags":[],"class_list":["post-12811","post","type-post","status-publish","format-standard","hentry","category-allgemein"],"_links":{"self":[{"href":"https:\/\/wolfgang-kipferl.de\/sch_aktuell_blog\/index.php?rest_route=\/wp\/v2\/posts\/12811","targetHints":{"allow":["GET"]}}],"collection":[{"href":"https:\/\/wolfgang-kipferl.de\/sch_aktuell_blog\/index.php?rest_route=\/wp\/v2\/posts"}],"about":[{"href":"https:\/\/wolfgang-kipferl.de\/sch_aktuell_blog\/index.php?rest_route=\/wp\/v2\/types\/post"}],"author":[{"embeddable":true,"href":"https:\/\/wolfgang-kipferl.de\/sch_aktuell_blog\/index.php?rest_route=\/wp\/v2\/users\/4"}],"replies":[{"embeddable":true,"href":"https:\/\/wolfgang-kipferl.de\/sch_aktuell_blog\/index.php?rest_route=%2Fwp%2Fv2%2Fcomments&post=12811"}],"version-history":[{"count":0,"href":"https:\/\/wolfgang-kipferl.de\/sch_aktuell_blog\/index.php?rest_route=\/wp\/v2\/posts\/12811\/revisions"}],"wp:attachment":[{"href":"https:\/\/wolfgang-kipferl.de\/sch_aktuell_blog\/index.php?rest_route=%2Fwp%2Fv2%2Fmedia&parent=12811"}],"wp:term":[{"taxonomy":"category","embeddable":true,"href":"https:\/\/wolfgang-kipferl.de\/sch_aktuell_blog\/index.php?rest_route=%2Fwp%2Fv2%2Fcategories&post=12811"},{"taxonomy":"post_tag","embeddable":true,"href":"https:\/\/wolfgang-kipferl.de\/sch_aktuell_blog\/index.php?rest_route=%2Fwp%2Fv2%2Ftags&post=12811"}],"curies":[{"name":"wp","href":"https:\/\/api.w.org\/{rel}","templated":true}]}}