{"id":12952,"date":"2022-09-27T19:46:03","date_gmt":"2022-09-27T19:46:03","guid":{"rendered":"https:\/\/wolfgang-kipferl.de\/sch_aktuell_blog\/?p=12952"},"modified":"2022-09-27T19:46:33","modified_gmt":"2022-09-27T19:46:33","slug":"jhv-vereinsfeier-2022","status":"publish","type":"post","link":"https:\/\/wolfgang-kipferl.de\/sch_aktuell_blog\/?p=12952","title":{"rendered":"JHV \/ Vereinsfeier 2022"},"content":{"rendered":"<p><a href=\"https:\/\/wolfgang-kipferl.de\/sch_aktuell_blog\/wp-content\/uploads\/2022\/09\/20220917_Vereinsfeier2022-4.jpg\" target=\"_blank\" rel=\"noopener\"><img loading=\"lazy\" decoding=\"async\" class=\"alignright wp-image-12953 size-medium\" src=\"https:\/\/wolfgang-kipferl.de\/sch_aktuell_blog\/wp-content\/uploads\/2022\/09\/20220917_Vereinsfeier2022-4-300x200.jpg\" alt=\"\" width=\"300\" height=\"200\" srcset=\"https:\/\/wolfgang-kipferl.de\/sch_aktuell_blog\/wp-content\/uploads\/2022\/09\/20220917_Vereinsfeier2022-4-300x200.jpg 300w, https:\/\/wolfgang-kipferl.de\/sch_aktuell_blog\/wp-content\/uploads\/2022\/09\/20220917_Vereinsfeier2022-4.jpg 720w\" sizes=\"auto, (max-width: 300px) 100vw, 300px\" \/><\/a>Bei der diesj\u00e4hrigen Jahreshauptversammlung des Schachklubs Neumarkt berichtete der 1. Vorsitzende Sebastian M\u00f6sl \u00fcber die Ereignisse der vergangenen Saison, die wie im Vorjahr unter dem Einfluss der Corona-Pandemie stand.<br \/>\nDiesmal konnte &#8211; wenn auch mit einer Unterbrechung in den Wintermonaten &#8211; der Mannschaftsspielbetrieb durchgef\u00fchrt werden. Die erste Mannschaft zeigte auch in der zweiten Saison nach dem Aufstieg in die Bezirksliga 1 eine starke Leistung und lieferte sich mit dem Ligafavoriten SC J\u00e4klechemie ein Kopf-an-Kopf-Rennen um die Meisterschaft. Die Niederlage im direkten Duell brachte letztlich die Entscheidung und die Neumarkter belegten einen hervorragenden zweiten Platz. Das Team Neumarkt II trat erst zum zweiten Mal in der Vereinsgeschichte in der Bezirksliga 2b an, war in jedem Wettkampf konkurrenzf\u00e4hig und hielt als Vierter problemlos die Klasse. Eine schwere Saison hatte Neumarkt III in der Kreisliga 2 zu bew\u00e4ltigen und wurde Achter. Die U20-Mannschaft des Vereins musste die Saison ersatzgeschw\u00e4cht bestreiten und belegte in der Bezirksliga 1 Rang zwei.<br \/>\nMaria Schilay erzielte bei den Bayerischen Meisterschaften in der U18 Platz vier und wurde zusammen mit ihrer Schwester Eva Schilay f\u00fcr die bayerische Auswahl bei der Deutschen Frauenmannschaftsmeisterschaft der Landesverb\u00e4nde nominiert.<br \/>\nF\u00fcnf Neumarkter nahmen an den Offenen Deutschen Juniorenmeisterschaften teil, wobei Christoph Reger im C-Turnier als Elfter das beste Resultat erzielte. Vinzenz Schilay kam auf Platz 29, w\u00e4hrend im B-Turnier Timon G\u00f6tz, Maria Schilay und Eva Schilay die R\u00e4nge 22, 26 und 37 belegten. Beim Wohlen R\u00f6ssli Rising Open in der Schweiz wurde Christoph Reger starker Vierter.<br \/>\nErfreulicherweise konnte erstmals seit 2019 wieder ein gro\u00dfes Schulschachturnier an der Theo-Betz-Schule durchgef\u00fchrt werden, das mit 75 Teilnehmern sofort wieder gro\u00dfen Anklang fand. Das traditionelle Jugendzeltlager, die Grillfeier, die Teilnahme am Volksfestzug sowie am Sommercampus des Kreisjugendrings rundeten die Saison ab.<\/p>\n<p>Bei einer anschlie\u00dfenden Vereinsfeier wurden die Sieger der Vereinsturniere sowie langj\u00e4hrige Mitglieder geehrt. Dabei erhielt zun\u00e4chst Jozef Smyk nachtr\u00e4glich seinen Pokal als Vereinsmeister 2020. Er hatte sich in der Gruppe A vor Martin Simon und Thomas Hummel durchgesetzt, w\u00e4hrend die Gruppe B von Rudolf Appl vor Josef Franke und Niklas Rebler gewonnen wurde, die Gruppe C von Peter Gruber vor Leonhard Franke und Christoph Reger. Jozef Smyk holte auch den Titel bei der Neumarkter Stadtmeisterschaft mit dem bemerkenswerten Ergebnis von f\u00fcnf Siegen in f\u00fcnf Runden. Vize-Meister wurde Mattias Birkner vor Lorenz Schilay, der gleichzeitig die Jugendwertung f\u00fcr sich entscheiden konnte. Bei der Vereinsmeisterschaft 2022 holte Rekord-Vereinsmeister Martin Simon bereits zum 15. Mal den Titel vor Jozef Smyk und Franz Xaver Beer. In der Gruppe B setzte sich Leonhard Franke vor Christoph Reger und Johannes Hierl durch.<br \/>\nDanach wurden Josef Lehmeier und Lothar Beyer f\u00fcr ihre zehnj\u00e4hrige Mitgliedschaft geehrt. Eine goldene Ehrennadel erhielt Wolfgang Brunner der bereits seit 40 Jahren dem Schachklub die Treue h\u00e4lt. Dabei ist er seit 1991 in der Vorstandschaft aktiv, war von 1991 bis 2013 22 Jahre lang zweiter Vorsitzender des Vereins und bekleidet seit 2013 das Amt des Materialwarts. Der dreifache Vereinsmeister und Stadtmeister von 2004 ist auch sportlich eine wichtige S\u00e4ule des Vereins, u.a. als langj\u00e4hriger Stammspieler der ersten Mannschaft, deren Mannschaftsf\u00fchrer er seit 2001 ist. Wolfgang ist bei allen Vereinsaktivit\u00e4ten mit helfender Hand dabei und mit seiner liebenswerten Art eine Bereicherung f\u00fcr den Verein. F\u00fcr all das langj\u00e4hrige Engagement am und neben dem Brett herzlichen Dank!<\/p>\n\n\t\t<style type=\"text\/css\">\n\t\t\t#gallery-1 {\n\t\t\t\tmargin: auto;\n\t\t\t}\n\t\t\t#gallery-1 .gallery-item {\n\t\t\t\tfloat: left;\n\t\t\t\tmargin-top: 10px;\n\t\t\t\ttext-align: center;\n\t\t\t\twidth: 33%;\n\t\t\t}\n\t\t\t#gallery-1 img {\n\t\t\t\tborder: 2px solid #cfcfcf;\n\t\t\t}\n\t\t\t#gallery-1 .gallery-caption {\n\t\t\t\tmargin-left: 0;\n\t\t\t}\n\t\t\t\/* see gallery_shortcode() in wp-includes\/media.php *\/\n\t\t<\/style>\n\t\t<div id='gallery-1' class='gallery galleryid-12952 gallery-columns-3 gallery-size-thumbnail'><dl class='gallery-item'>\n\t\t\t<dt class='gallery-icon landscape'>\n\t\t\t\t<a href='https:\/\/wolfgang-kipferl.de\/sch_aktuell_blog\/?attachment_id=12954'><img loading=\"lazy\" decoding=\"async\" width=\"150\" height=\"150\" src=\"https:\/\/wolfgang-kipferl.de\/sch_aktuell_blog\/wp-content\/uploads\/2022\/09\/20220917_Vereinsfeier2022-1-150x150.jpg\" class=\"attachment-thumbnail size-thumbnail\" alt=\"\" aria-describedby=\"gallery-1-12954\" srcset=\"https:\/\/wolfgang-kipferl.de\/sch_aktuell_blog\/wp-content\/uploads\/2022\/09\/20220917_Vereinsfeier2022-1-150x150.jpg 150w, https:\/\/wolfgang-kipferl.de\/sch_aktuell_blog\/wp-content\/uploads\/2022\/09\/20220917_Vereinsfeier2022-1-144x144.jpg 144w\" sizes=\"auto, (max-width: 150px) 100vw, 150px\" \/><\/a>\n\t\t\t<\/dt>\n\t\t\t\t<dd class='wp-caption-text gallery-caption' id='gallery-1-12954'>\n\t\t\t\tVM 2020 Gruppe B: 1. Rudi Appl, 2. Josef Franke, 3. Niklas Rebler\n\t\t\t\t<\/dd><\/dl><dl class='gallery-item'>\n\t\t\t<dt class='gallery-icon portrait'>\n\t\t\t\t<a href='https:\/\/wolfgang-kipferl.de\/sch_aktuell_blog\/?attachment_id=12955'><img loading=\"lazy\" decoding=\"async\" width=\"150\" height=\"150\" src=\"https:\/\/wolfgang-kipferl.de\/sch_aktuell_blog\/wp-content\/uploads\/2022\/09\/20220917_Vereinsfeier2022-2-150x150.jpg\" class=\"attachment-thumbnail size-thumbnail\" alt=\"\" aria-describedby=\"gallery-1-12955\" srcset=\"https:\/\/wolfgang-kipferl.de\/sch_aktuell_blog\/wp-content\/uploads\/2022\/09\/20220917_Vereinsfeier2022-2-150x150.jpg 150w, https:\/\/wolfgang-kipferl.de\/sch_aktuell_blog\/wp-content\/uploads\/2022\/09\/20220917_Vereinsfeier2022-2-144x144.jpg 144w\" sizes=\"auto, (max-width: 150px) 100vw, 150px\" \/><\/a>\n\t\t\t<\/dt>\n\t\t\t\t<dd class='wp-caption-text gallery-caption' id='gallery-1-12955'>\n\t\t\t\tVM 2022 Gruppe A: 2. Jozef Smyk, 1. Martin Simon, 3. Franz Xaver Beer\n\t\t\t\t<\/dd><\/dl><dl class='gallery-item'>\n\t\t\t<dt class='gallery-icon landscape'>\n\t\t\t\t<a href='https:\/\/wolfgang-kipferl.de\/sch_aktuell_blog\/?attachment_id=12956'><img loading=\"lazy\" decoding=\"async\" width=\"150\" height=\"150\" src=\"https:\/\/wolfgang-kipferl.de\/sch_aktuell_blog\/wp-content\/uploads\/2022\/09\/20220917_Vereinsfeier2022-3-150x150.jpg\" class=\"attachment-thumbnail size-thumbnail\" alt=\"\" aria-describedby=\"gallery-1-12956\" srcset=\"https:\/\/wolfgang-kipferl.de\/sch_aktuell_blog\/wp-content\/uploads\/2022\/09\/20220917_Vereinsfeier2022-3-150x150.jpg 150w, https:\/\/wolfgang-kipferl.de\/sch_aktuell_blog\/wp-content\/uploads\/2022\/09\/20220917_Vereinsfeier2022-3-144x144.jpg 144w\" sizes=\"auto, (max-width: 150px) 100vw, 150px\" \/><\/a>\n\t\t\t<\/dt>\n\t\t\t\t<dd class='wp-caption-text gallery-caption' id='gallery-1-12956'>\n\t\t\t\tSebastian M\u00f6sl und Martin Simon ehrten Wolfgang Brunner f\u00fcr seine 40-j\u00e4hrige Mitgliedschaft\n\t\t\t\t<\/dd><\/dl><br style=\"clear: both\" \/>\n\t\t<\/div>\n\n<h3>Related Images:<\/h3>","protected":false},"excerpt":{"rendered":"<p>Bei der diesj\u00e4hrigen Jahreshauptversammlung des Schachklubs Neumarkt berichtete der 1. Vorsitzende Sebastian M\u00f6sl \u00fcber die Ereignisse der vergangenen Saison, die wie im Vorjahr unter dem Einfluss der Corona-Pandemie stand. Diesmal konnte &#8211; wenn auch mit einer Unterbrechung in den Wintermonaten &hellip; <a href=\"https:\/\/wolfgang-kipferl.de\/sch_aktuell_blog\/?p=12952\">Continue reading<\/a><\/p>\n","protected":false},"author":4,"featured_media":0,"comment_status":"closed","ping_status":"closed","sticky":false,"template":"","format":"standard","meta":{"ngg_post_thumbnail":0,"footnotes":""},"categories":[63],"tags":[],"class_list":["post-12952","post","type-post","status-publish","format-standard","hentry","category-saison-22-23"],"_links":{"self":[{"href":"https:\/\/wolfgang-kipferl.de\/sch_aktuell_blog\/index.php?rest_route=\/wp\/v2\/posts\/12952","targetHints":{"allow":["GET"]}}],"collection":[{"href":"https:\/\/wolfgang-kipferl.de\/sch_aktuell_blog\/index.php?rest_route=\/wp\/v2\/posts"}],"about":[{"href":"https:\/\/wolfgang-kipferl.de\/sch_aktuell_blog\/index.php?rest_route=\/wp\/v2\/types\/post"}],"author":[{"embeddable":true,"href":"https:\/\/wolfgang-kipferl.de\/sch_aktuell_blog\/index.php?rest_route=\/wp\/v2\/users\/4"}],"replies":[{"embeddable":true,"href":"https:\/\/wolfgang-kipferl.de\/sch_aktuell_blog\/index.php?rest_route=%2Fwp%2Fv2%2Fcomments&post=12952"}],"version-history":[{"count":0,"href":"https:\/\/wolfgang-kipferl.de\/sch_aktuell_blog\/index.php?rest_route=\/wp\/v2\/posts\/12952\/revisions"}],"wp:attachment":[{"href":"https:\/\/wolfgang-kipferl.de\/sch_aktuell_blog\/index.php?rest_route=%2Fwp%2Fv2%2Fmedia&parent=12952"}],"wp:term":[{"taxonomy":"category","embeddable":true,"href":"https:\/\/wolfgang-kipferl.de\/sch_aktuell_blog\/index.php?rest_route=%2Fwp%2Fv2%2Fcategories&post=12952"},{"taxonomy":"post_tag","embeddable":true,"href":"https:\/\/wolfgang-kipferl.de\/sch_aktuell_blog\/index.php?rest_route=%2Fwp%2Fv2%2Ftags&post=12952"}],"curies":[{"name":"wp","href":"https:\/\/api.w.org\/{rel}","templated":true}]}}