{"id":13152,"date":"2022-12-10T20:56:42","date_gmt":"2022-12-10T20:56:42","guid":{"rendered":"https:\/\/wolfgang-kipferl.de\/sch_aktuell_blog\/?p=13152"},"modified":"2022-12-18T20:38:48","modified_gmt":"2022-12-18T20:38:48","slug":"weihnachtsfeier-2022","status":"publish","type":"post","link":"https:\/\/wolfgang-kipferl.de\/sch_aktuell_blog\/?p=13152","title":{"rendered":"Weihnachtsfeier 2022"},"content":{"rendered":"<p><a href=\"https:\/\/wolfgang-kipferl.de\/sch_aktuell_blog\/wp-content\/uploads\/2022\/12\/20221210_Weihnachtsfeier2022-5.jpg\"><img loading=\"lazy\" decoding=\"async\" src=\"https:\/\/wolfgang-kipferl.de\/sch_aktuell_blog\/wp-content\/uploads\/2022\/12\/20221210_Weihnachtsfeier2022-5-300x300.jpg\" alt=\"\" width=\"300\" height=\"300\" class=\"alignright size-medium wp-image-13157\" srcset=\"https:\/\/wolfgang-kipferl.de\/sch_aktuell_blog\/wp-content\/uploads\/2022\/12\/20221210_Weihnachtsfeier2022-5-300x300.jpg 300w, https:\/\/wolfgang-kipferl.de\/sch_aktuell_blog\/wp-content\/uploads\/2022\/12\/20221210_Weihnachtsfeier2022-5-150x150.jpg 150w, https:\/\/wolfgang-kipferl.de\/sch_aktuell_blog\/wp-content\/uploads\/2022\/12\/20221210_Weihnachtsfeier2022-5-144x144.jpg 144w, https:\/\/wolfgang-kipferl.de\/sch_aktuell_blog\/wp-content\/uploads\/2022\/12\/20221210_Weihnachtsfeier2022-5.jpg 720w\" sizes=\"auto, (max-width: 300px) 100vw, 300px\" \/><\/a>Zur traditionellen Weihnachtsfeier des Schachklubs Neumarkt im Gasthof Hiereth konnte 1.Vorsitzender Sebastian M\u00f6sl 55 Mitglieder begr\u00fc\u00dfen. In seinem Jahresr\u00fcckblick bedankte er sich bei allen Mitgliedern, die in Zeiten mit wenig Planungssicherheit und vielen ausgefallenen Wettk\u00e4mpfen und Veranstaltungen das Vereinsleben am Laufen gehalten haben. Danach wurden die Sieger der Stadtmeisterschaften sowie verdiente Mitglieder geehrt. Ein besonderes Schmankerl war ein Film mit vielen Bildern und lustigen Videos aus den Jahren 2011 &#8211; 2020, die das Vereinsleben in all seinen Facetten abbilden: von der Teilnahme an Jugendeuropa- und weltmeisterschaft und die Ausrichtung von Deutschen Meisterschaften \u00fcber zahlreiche Fahrten zu weiteren Turnieren bis hin zu \u00f6ffentlichen Aktionen des Vereins sowie Veranstaltungen wie M\u00e4dchenschachtage und Jugendzeltlager. Zum Abschluss gab es wie immer die Weihnachtstombola, ehe man den Abend gem\u00fctlich ausklingen lie\u00df.<\/p>\n<p><!--more--><br \/>\nAuch wenn der R\u00fcckblick deutlich k\u00fcrzer als in vergangenen Jahren ausfiel, gab es doch einiges zu berichten. Die erste Mannschaft war 2019 nach 23 Jahren wieder in die Bezirksliga 1 aufgestiegen und spielte auch in der zweiten Saison nach dem Aufstieg ganz vorne mit. Man lieferte dem klaren Meisterschaftsfavoriten SC J\u00e4klechemie ein Kopf-an-Kopf-Rennen bis zum letzten Spieltag und wurde Vize-Meister. Die Zweite hielt nach dem zweiten Aufstieg in die Bezirksliga 2 der Vereinsgeschichte als Vierter die Klasse und die dritte Mannschaft belegte in der Kreisliga 2 Rang acht. Im Schnellschach gelang in der Landesliga Nord als Sechster einmal mehr der Klassenerhalt.<br \/>\nMaria Schilay wurde 2021 nach einem dramatischen Finale mit Blitzentscheid und Armageddon-Partie <a href=\"https:\/\/wolfgang-kipferl.de\/sch_aktuell_blog\/?p=11952\" rel=\"noopener\" target=\"_blank\">Bayerische Meisterin in der U18w<\/a> und ist damit das dritte Mitglied des SKN das einen Bayerischen Jugendtitel gewonnen hat. Dieses Jahr wurde sie bei ihrer elften und letzten Teilnahme Vierte.<br \/>\nNach zwei Jahren Pause fanden wieder die Offenen Deutschen U25-Meisterschaften statt und der SK Neumarkt war mit einer f\u00fcnfk\u00f6pfigen Delegation vertreten. In der U25-B erzielten Timon G\u00f6tz, Maria und Eva Schilay die Pl\u00e4tze 22, 26 und 37 und in der U25-C verpasste Christoph Reger als Elfter nur hauchd\u00fcnn die Top-10, w\u00e4hrend Vinzenz Schilay Rang 29 belegte.<br \/>\nMaria Schilay belegte bei der Bayerischen Frauen-Blitzmeisterschaft Platz 14 und wurde bei der Bayerischen Frauenmeisterschaft im Schnellschach Zw\u00f6lfte. Christoph Reger beeindruckte bei seinem ersten internationalen Turnier in der Schweiz mit Rang vier.<br \/>\nIn der neuen Saison wurde Ivan Krushevsky <a href=\"https:\/\/wolfgang-kipferl.de\/sch_aktuell_blog\/?p=13047\" rel=\"noopener\" target=\"_blank\">Kreismeister<\/a> in der U14 und Christoph Reger kletterte als Dritter der U16 ebenfalls auf das Podest. Hinzu kamen zwei vierte Pl\u00e4tze f\u00fcr Theo Markert in der U8 sowie Leonhard Franke in der U14.<br \/>\nDas Willibald-Gluck-Gymnasium war bei den <a href=\"https:\/\/wolfgang-kipferl.de\/sch_aktuell_blog\/?p=13094\" rel=\"noopener\" target=\"_blank\">Oberpf\u00e4lzer Schulschachmeisterschaften<\/a> mit sieben Teams am Start und holte einen kompletten Medaillensatz: in der WK III gewann man souver\u00e4n den Titel, in der WK IV wurde man Vize-Meister und in der WK II Dritter. In der WK Grundschule war die Theo-Betz-Schule mit vier Mannschaften vertreten und stand als Dritter ebenfalls auf dem Podium. An der TBS fand nach zwei Jahren Pause das mittlerweile <a href=\"https:\/\/wolfgang-kipferl.de\/sch_aktuell_blog\/?p=12748\" rel=\"noopener\" target=\"_blank\">8. Theo-Betz-Schulschachturnier<\/a> mit 75 Kindern statt. In diesem Rahmen erhielt die Schule auch zum zweiten Mal nach 2015 die Auszeichnung &#8222;Deutsche Schachschule&#8220; verliehen.<br \/>\nNeben weiteren Turnierteilnahmen sowohl im Jugend- als auch Erwachsenenbereich, wurden zahlreiche Vereinsturniere durchgef\u00fchrt und weitere Veranstaltungen wie das traditionelle Jugendzeltlager, Grillfeier, Teilnahme am Volksfestzug, Ferienkurse und eine Vereinsfeier rundeten das Jahr ab.<br \/>\nDanach wurden die Siegerehrungen der diesj\u00e4hrigen Stadtmeisterschaften durchgef\u00fchrt. Die Jugendstadtmeisterschaft wurde diesmal nicht nach Alter in U14 und U20 aufgeteilt, sondern nach Spielst\u00e4rke in zwei Gruppen. In der Gruppe I setzte sich Samuel Hierl vor Sebastian Reger und Marek Brandl durch. Den Titel in Gruppe II gewann Christoph Reger, Andreas Hierl und Ivan Krushevsky komplettierten das Podest. Stadtmeister wurde zum zweiten Mal nach 2004 Wolfgang Brunner vor Martin Simon und Jozef Smyk.<br \/>\nDaraufhin wurden Erich Schilay, Daiana Burger, Reinhold Burger und Josef Franke f\u00fcr 10 Jahre Mitgliedschaft geehrt. Bereits seit 25 Jahren h\u00e4lt Ralf Seitner dem Verein die Treue.<\/p>\n\n\t\t<style type=\"text\/css\">\n\t\t\t#gallery-1 {\n\t\t\t\tmargin: auto;\n\t\t\t}\n\t\t\t#gallery-1 .gallery-item {\n\t\t\t\tfloat: left;\n\t\t\t\tmargin-top: 10px;\n\t\t\t\ttext-align: center;\n\t\t\t\twidth: 33%;\n\t\t\t}\n\t\t\t#gallery-1 img {\n\t\t\t\tborder: 2px solid #cfcfcf;\n\t\t\t}\n\t\t\t#gallery-1 .gallery-caption {\n\t\t\t\tmargin-left: 0;\n\t\t\t}\n\t\t\t\/* see gallery_shortcode() in wp-includes\/media.php *\/\n\t\t<\/style>\n\t\t<div id='gallery-1' class='gallery galleryid-13152 gallery-columns-3 gallery-size-thumbnail'><dl class='gallery-item'>\n\t\t\t<dt class='gallery-icon landscape'>\n\t\t\t\t<a href='https:\/\/wolfgang-kipferl.de\/sch_aktuell_blog\/?attachment_id=13154'><img loading=\"lazy\" decoding=\"async\" width=\"150\" height=\"150\" src=\"https:\/\/wolfgang-kipferl.de\/sch_aktuell_blog\/wp-content\/uploads\/2022\/12\/20221210_Weihnachtsfeier2022-2-150x150.jpg\" class=\"attachment-thumbnail size-thumbnail\" alt=\"\" aria-describedby=\"gallery-1-13154\" srcset=\"https:\/\/wolfgang-kipferl.de\/sch_aktuell_blog\/wp-content\/uploads\/2022\/12\/20221210_Weihnachtsfeier2022-2-150x150.jpg 150w, https:\/\/wolfgang-kipferl.de\/sch_aktuell_blog\/wp-content\/uploads\/2022\/12\/20221210_Weihnachtsfeier2022-2-300x300.jpg 300w, https:\/\/wolfgang-kipferl.de\/sch_aktuell_blog\/wp-content\/uploads\/2022\/12\/20221210_Weihnachtsfeier2022-2-144x144.jpg 144w, https:\/\/wolfgang-kipferl.de\/sch_aktuell_blog\/wp-content\/uploads\/2022\/12\/20221210_Weihnachtsfeier2022-2.jpg 720w\" sizes=\"auto, (max-width: 150px) 100vw, 150px\" \/><\/a>\n\t\t\t<\/dt>\n\t\t\t\t<dd class='wp-caption-text gallery-caption' id='gallery-1-13154'>\n\t\t\t\tSiegerehrung JugendSM Gruppe I\n\t\t\t\t<\/dd><\/dl><dl class='gallery-item'>\n\t\t\t<dt class='gallery-icon landscape'>\n\t\t\t\t<a href='https:\/\/wolfgang-kipferl.de\/sch_aktuell_blog\/?attachment_id=13155'><img loading=\"lazy\" decoding=\"async\" width=\"150\" height=\"150\" src=\"https:\/\/wolfgang-kipferl.de\/sch_aktuell_blog\/wp-content\/uploads\/2022\/12\/20221210_Weihnachtsfeier2022-3-150x150.jpg\" class=\"attachment-thumbnail size-thumbnail\" alt=\"\" aria-describedby=\"gallery-1-13155\" srcset=\"https:\/\/wolfgang-kipferl.de\/sch_aktuell_blog\/wp-content\/uploads\/2022\/12\/20221210_Weihnachtsfeier2022-3-150x150.jpg 150w, https:\/\/wolfgang-kipferl.de\/sch_aktuell_blog\/wp-content\/uploads\/2022\/12\/20221210_Weihnachtsfeier2022-3-300x300.jpg 300w, https:\/\/wolfgang-kipferl.de\/sch_aktuell_blog\/wp-content\/uploads\/2022\/12\/20221210_Weihnachtsfeier2022-3-144x144.jpg 144w, https:\/\/wolfgang-kipferl.de\/sch_aktuell_blog\/wp-content\/uploads\/2022\/12\/20221210_Weihnachtsfeier2022-3.jpg 720w\" sizes=\"auto, (max-width: 150px) 100vw, 150px\" \/><\/a>\n\t\t\t<\/dt>\n\t\t\t\t<dd class='wp-caption-text gallery-caption' id='gallery-1-13155'>\n\t\t\t\tSiegerehrung JugendSM Gruppe II\n\t\t\t\t<\/dd><\/dl><dl class='gallery-item'>\n\t\t\t<dt class='gallery-icon landscape'>\n\t\t\t\t<a href='https:\/\/wolfgang-kipferl.de\/sch_aktuell_blog\/?attachment_id=13156'><img loading=\"lazy\" decoding=\"async\" width=\"150\" height=\"150\" src=\"https:\/\/wolfgang-kipferl.de\/sch_aktuell_blog\/wp-content\/uploads\/2022\/12\/20221210_Weihnachtsfeier2022-4-150x150.jpg\" class=\"attachment-thumbnail size-thumbnail\" alt=\"\" aria-describedby=\"gallery-1-13156\" srcset=\"https:\/\/wolfgang-kipferl.de\/sch_aktuell_blog\/wp-content\/uploads\/2022\/12\/20221210_Weihnachtsfeier2022-4-150x150.jpg 150w, https:\/\/wolfgang-kipferl.de\/sch_aktuell_blog\/wp-content\/uploads\/2022\/12\/20221210_Weihnachtsfeier2022-4-300x300.jpg 300w, https:\/\/wolfgang-kipferl.de\/sch_aktuell_blog\/wp-content\/uploads\/2022\/12\/20221210_Weihnachtsfeier2022-4-144x144.jpg 144w, https:\/\/wolfgang-kipferl.de\/sch_aktuell_blog\/wp-content\/uploads\/2022\/12\/20221210_Weihnachtsfeier2022-4.jpg 720w\" sizes=\"auto, (max-width: 150px) 100vw, 150px\" \/><\/a>\n\t\t\t<\/dt>\n\t\t\t\t<dd class='wp-caption-text gallery-caption' id='gallery-1-13156'>\n\t\t\t\tSiegerehrung SM \n\t\t\t\t<\/dd><\/dl><br style=\"clear: both\" \/><dl class='gallery-item'>\n\t\t\t<dt class='gallery-icon landscape'>\n\t\t\t\t<a href='https:\/\/wolfgang-kipferl.de\/sch_aktuell_blog\/?attachment_id=13153'><img loading=\"lazy\" decoding=\"async\" width=\"150\" height=\"150\" src=\"https:\/\/wolfgang-kipferl.de\/sch_aktuell_blog\/wp-content\/uploads\/2022\/12\/20221210_Weihnachtsfeier2022-1-150x150.jpg\" class=\"attachment-thumbnail size-thumbnail\" alt=\"\" aria-describedby=\"gallery-1-13153\" srcset=\"https:\/\/wolfgang-kipferl.de\/sch_aktuell_blog\/wp-content\/uploads\/2022\/12\/20221210_Weihnachtsfeier2022-1-150x150.jpg 150w, https:\/\/wolfgang-kipferl.de\/sch_aktuell_blog\/wp-content\/uploads\/2022\/12\/20221210_Weihnachtsfeier2022-1-300x300.jpg 300w, https:\/\/wolfgang-kipferl.de\/sch_aktuell_blog\/wp-content\/uploads\/2022\/12\/20221210_Weihnachtsfeier2022-1-144x144.jpg 144w, https:\/\/wolfgang-kipferl.de\/sch_aktuell_blog\/wp-content\/uploads\/2022\/12\/20221210_Weihnachtsfeier2022-1.jpg 720w\" sizes=\"auto, (max-width: 150px) 100vw, 150px\" \/><\/a>\n\t\t\t<\/dt>\n\t\t\t\t<dd class='wp-caption-text gallery-caption' id='gallery-1-13153'>\n\t\t\t\tEhrung f\u00fcr 10- und 25j\u00e4hrige Mitgliedschaft\n\t\t\t\t<\/dd><\/dl><dl class='gallery-item'>\n\t\t\t<dt class='gallery-icon landscape'>\n\t\t\t\t<a href='https:\/\/wolfgang-kipferl.de\/sch_aktuell_blog\/?attachment_id=13159'><img loading=\"lazy\" decoding=\"async\" width=\"150\" height=\"150\" src=\"https:\/\/wolfgang-kipferl.de\/sch_aktuell_blog\/wp-content\/uploads\/2022\/12\/20221210_Weihnachtsfeier2022-7-150x150.jpg\" class=\"attachment-thumbnail size-thumbnail\" alt=\"\" srcset=\"https:\/\/wolfgang-kipferl.de\/sch_aktuell_blog\/wp-content\/uploads\/2022\/12\/20221210_Weihnachtsfeier2022-7-150x150.jpg 150w, https:\/\/wolfgang-kipferl.de\/sch_aktuell_blog\/wp-content\/uploads\/2022\/12\/20221210_Weihnachtsfeier2022-7-300x300.jpg 300w, https:\/\/wolfgang-kipferl.de\/sch_aktuell_blog\/wp-content\/uploads\/2022\/12\/20221210_Weihnachtsfeier2022-7-144x144.jpg 144w, https:\/\/wolfgang-kipferl.de\/sch_aktuell_blog\/wp-content\/uploads\/2022\/12\/20221210_Weihnachtsfeier2022-7.jpg 720w\" sizes=\"auto, (max-width: 150px) 100vw, 150px\" \/><\/a>\n\t\t\t<\/dt><\/dl><dl class='gallery-item'>\n\t\t\t<dt class='gallery-icon landscape'>\n\t\t\t\t<a href='https:\/\/wolfgang-kipferl.de\/sch_aktuell_blog\/?attachment_id=13158'><img loading=\"lazy\" decoding=\"async\" width=\"150\" height=\"150\" src=\"https:\/\/wolfgang-kipferl.de\/sch_aktuell_blog\/wp-content\/uploads\/2022\/12\/20221210_Weihnachtsfeier2022-6-150x150.jpg\" class=\"attachment-thumbnail size-thumbnail\" alt=\"\" srcset=\"https:\/\/wolfgang-kipferl.de\/sch_aktuell_blog\/wp-content\/uploads\/2022\/12\/20221210_Weihnachtsfeier2022-6-150x150.jpg 150w, https:\/\/wolfgang-kipferl.de\/sch_aktuell_blog\/wp-content\/uploads\/2022\/12\/20221210_Weihnachtsfeier2022-6-300x300.jpg 300w, https:\/\/wolfgang-kipferl.de\/sch_aktuell_blog\/wp-content\/uploads\/2022\/12\/20221210_Weihnachtsfeier2022-6-144x144.jpg 144w, https:\/\/wolfgang-kipferl.de\/sch_aktuell_blog\/wp-content\/uploads\/2022\/12\/20221210_Weihnachtsfeier2022-6.jpg 720w\" sizes=\"auto, (max-width: 150px) 100vw, 150px\" \/><\/a>\n\t\t\t<\/dt><\/dl><br style=\"clear: both\" \/>\n\t\t<\/div>\n\n<h3>Related Images:<\/h3>","protected":false},"excerpt":{"rendered":"<p>Zur traditionellen Weihnachtsfeier des Schachklubs Neumarkt im Gasthof Hiereth konnte 1.Vorsitzender Sebastian M\u00f6sl 55 Mitglieder begr\u00fc\u00dfen. In seinem Jahresr\u00fcckblick bedankte er sich bei allen Mitgliedern, die in Zeiten mit wenig Planungssicherheit und vielen ausgefallenen Wettk\u00e4mpfen und Veranstaltungen das Vereinsleben am &hellip; <a href=\"https:\/\/wolfgang-kipferl.de\/sch_aktuell_blog\/?p=13152\">Continue reading<\/a><\/p>\n","protected":false},"author":4,"featured_media":0,"comment_status":"closed","ping_status":"closed","sticky":false,"template":"","format":"standard","meta":{"ngg_post_thumbnail":0,"footnotes":""},"categories":[63],"tags":[],"class_list":["post-13152","post","type-post","status-publish","format-standard","hentry","category-saison-22-23"],"_links":{"self":[{"href":"https:\/\/wolfgang-kipferl.de\/sch_aktuell_blog\/index.php?rest_route=\/wp\/v2\/posts\/13152","targetHints":{"allow":["GET"]}}],"collection":[{"href":"https:\/\/wolfgang-kipferl.de\/sch_aktuell_blog\/index.php?rest_route=\/wp\/v2\/posts"}],"about":[{"href":"https:\/\/wolfgang-kipferl.de\/sch_aktuell_blog\/index.php?rest_route=\/wp\/v2\/types\/post"}],"author":[{"embeddable":true,"href":"https:\/\/wolfgang-kipferl.de\/sch_aktuell_blog\/index.php?rest_route=\/wp\/v2\/users\/4"}],"replies":[{"embeddable":true,"href":"https:\/\/wolfgang-kipferl.de\/sch_aktuell_blog\/index.php?rest_route=%2Fwp%2Fv2%2Fcomments&post=13152"}],"version-history":[{"count":0,"href":"https:\/\/wolfgang-kipferl.de\/sch_aktuell_blog\/index.php?rest_route=\/wp\/v2\/posts\/13152\/revisions"}],"wp:attachment":[{"href":"https:\/\/wolfgang-kipferl.de\/sch_aktuell_blog\/index.php?rest_route=%2Fwp%2Fv2%2Fmedia&parent=13152"}],"wp:term":[{"taxonomy":"category","embeddable":true,"href":"https:\/\/wolfgang-kipferl.de\/sch_aktuell_blog\/index.php?rest_route=%2Fwp%2Fv2%2Fcategories&post=13152"},{"taxonomy":"post_tag","embeddable":true,"href":"https:\/\/wolfgang-kipferl.de\/sch_aktuell_blog\/index.php?rest_route=%2Fwp%2Fv2%2Ftags&post=13152"}],"curies":[{"name":"wp","href":"https:\/\/api.w.org\/{rel}","templated":true}]}}