{"id":13243,"date":"2023-01-13T20:37:51","date_gmt":"2023-01-13T20:37:51","guid":{"rendered":"https:\/\/wolfgang-kipferl.de\/sch_aktuell_blog\/?p=13243"},"modified":"2023-01-15T20:44:48","modified_gmt":"2023-01-15T20:44:48","slug":"kreisliga-2-runde-2-2","status":"publish","type":"post","link":"https:\/\/wolfgang-kipferl.de\/sch_aktuell_blog\/?p=13243","title":{"rendered":"Kreisliga 2 \u2013 Runde 2"},"content":{"rendered":"<p>Die dritte Mannschaft unterlag in Runde zwei der Kreisliga 2 dem klaren Favoriten SC Postbauer-Heng 3 mit 3:5. Benedikt M\u00fcnz, Christoph Reger, Niklas Rebler und Andreas Hierl erzielten gegen nominell h\u00f6her einzusch\u00e4tzende Gegner jeweils ein Remis, w\u00e4hrend Dominik Feldm\u00fcller seine Partie kampflos gewann. Rudi Appl, Josef Steinleitner und Dieter Eggerling mussten sich jeweils geschlagen geben. <\/p>\n<p><a href=\"https:\/\/www.ligamanager.schachbund-bayern.de\/mfr-mitte\/ergebnisse\/spielplan.htm?ligaId=2070\" rel=\"noopener\" target=\"_blank\">Kreisliga 2<\/a><\/p>\n<h3>Related Images:<\/h3>","protected":false},"excerpt":{"rendered":"<p>Die dritte Mannschaft unterlag in Runde zwei der Kreisliga 2 dem klaren Favoriten SC Postbauer-Heng 3 mit 3:5. Benedikt M\u00fcnz, Christoph Reger, Niklas Rebler und Andreas Hierl erzielten gegen nominell h\u00f6her einzusch\u00e4tzende Gegner jeweils ein Remis, w\u00e4hrend Dominik Feldm\u00fcller seine &hellip; <a href=\"https:\/\/wolfgang-kipferl.de\/sch_aktuell_blog\/?p=13243\">Continue reading<\/a><\/p>\n","protected":false},"author":4,"featured_media":0,"comment_status":"closed","ping_status":"closed","sticky":false,"template":"","format":"standard","meta":{"ngg_post_thumbnail":0,"footnotes":""},"categories":[63],"tags":[],"class_list":["post-13243","post","type-post","status-publish","format-standard","hentry","category-saison-22-23"],"_links":{"self":[{"href":"https:\/\/wolfgang-kipferl.de\/sch_aktuell_blog\/index.php?rest_route=\/wp\/v2\/posts\/13243","targetHints":{"allow":["GET"]}}],"collection":[{"href":"https:\/\/wolfgang-kipferl.de\/sch_aktuell_blog\/index.php?rest_route=\/wp\/v2\/posts"}],"about":[{"href":"https:\/\/wolfgang-kipferl.de\/sch_aktuell_blog\/index.php?rest_route=\/wp\/v2\/types\/post"}],"author":[{"embeddable":true,"href":"https:\/\/wolfgang-kipferl.de\/sch_aktuell_blog\/index.php?rest_route=\/wp\/v2\/users\/4"}],"replies":[{"embeddable":true,"href":"https:\/\/wolfgang-kipferl.de\/sch_aktuell_blog\/index.php?rest_route=%2Fwp%2Fv2%2Fcomments&post=13243"}],"version-history":[{"count":2,"href":"https:\/\/wolfgang-kipferl.de\/sch_aktuell_blog\/index.php?rest_route=\/wp\/v2\/posts\/13243\/revisions"}],"predecessor-version":[{"id":13245,"href":"https:\/\/wolfgang-kipferl.de\/sch_aktuell_blog\/index.php?rest_route=\/wp\/v2\/posts\/13243\/revisions\/13245"}],"wp:attachment":[{"href":"https:\/\/wolfgang-kipferl.de\/sch_aktuell_blog\/index.php?rest_route=%2Fwp%2Fv2%2Fmedia&parent=13243"}],"wp:term":[{"taxonomy":"category","embeddable":true,"href":"https:\/\/wolfgang-kipferl.de\/sch_aktuell_blog\/index.php?rest_route=%2Fwp%2Fv2%2Fcategories&post=13243"},{"taxonomy":"post_tag","embeddable":true,"href":"https:\/\/wolfgang-kipferl.de\/sch_aktuell_blog\/index.php?rest_route=%2Fwp%2Fv2%2Ftags&post=13243"}],"curies":[{"name":"wp","href":"https:\/\/api.w.org\/{rel}","templated":true}]}}