{"id":13279,"date":"2023-02-03T19:37:53","date_gmt":"2023-02-03T19:37:53","guid":{"rendered":"https:\/\/wolfgang-kipferl.de\/sch_aktuell_blog\/?p=13279"},"modified":"2023-02-05T19:41:13","modified_gmt":"2023-02-05T19:41:13","slug":"kreisliga-2-runde-3-2","status":"publish","type":"post","link":"https:\/\/wolfgang-kipferl.de\/sch_aktuell_blog\/?p=13279","title":{"rendered":"Kreisliga 2 \u2013 Runde 3"},"content":{"rendered":"<p>Die dritte Mannschaft verkaufte sich auch in der dritten Runde der Kreisliga 2 teuer, musste sich aber dem an allen Brettern nominell favorisierten Tabellenf\u00fchrer SW N\u00fcrnberg S\u00fcd 5 mit 2,5:5,5 geschlagen geben. Erschwerend kam hinzu, dass man ein Brett kampflos abgeben musste, zudem unterlagen Rudi Appl und Christoph Reger. Benedikt M\u00fcnz, Niklas Rebler, Andreas Hierl, Dominik Feldm\u00fcller sowie Philipp Kaufmann erzielten jeweils ein Remis. <\/p>\n<p><a href=\"https:\/\/www.ligamanager.schachbund-bayern.de\/mfr-mitte\/ergebnisse\/spielplan.htm?ligaId=2070&#038;runde=3\" rel=\"noopener\" target=\"_blank\">Kreisliga 2<\/a><\/p>\n<h3>Related Images:<\/h3>","protected":false},"excerpt":{"rendered":"<p>Die dritte Mannschaft verkaufte sich auch in der dritten Runde der Kreisliga 2 teuer, musste sich aber dem an allen Brettern nominell favorisierten Tabellenf\u00fchrer SW N\u00fcrnberg S\u00fcd 5 mit 2,5:5,5 geschlagen geben. Erschwerend kam hinzu, dass man ein Brett kampflos &hellip; <a href=\"https:\/\/wolfgang-kipferl.de\/sch_aktuell_blog\/?p=13279\">Continue reading<\/a><\/p>\n","protected":false},"author":4,"featured_media":0,"comment_status":"closed","ping_status":"closed","sticky":false,"template":"","format":"standard","meta":{"ngg_post_thumbnail":0,"footnotes":""},"categories":[63],"tags":[],"class_list":["post-13279","post","type-post","status-publish","format-standard","hentry","category-saison-22-23"],"_links":{"self":[{"href":"https:\/\/wolfgang-kipferl.de\/sch_aktuell_blog\/index.php?rest_route=\/wp\/v2\/posts\/13279","targetHints":{"allow":["GET"]}}],"collection":[{"href":"https:\/\/wolfgang-kipferl.de\/sch_aktuell_blog\/index.php?rest_route=\/wp\/v2\/posts"}],"about":[{"href":"https:\/\/wolfgang-kipferl.de\/sch_aktuell_blog\/index.php?rest_route=\/wp\/v2\/types\/post"}],"author":[{"embeddable":true,"href":"https:\/\/wolfgang-kipferl.de\/sch_aktuell_blog\/index.php?rest_route=\/wp\/v2\/users\/4"}],"replies":[{"embeddable":true,"href":"https:\/\/wolfgang-kipferl.de\/sch_aktuell_blog\/index.php?rest_route=%2Fwp%2Fv2%2Fcomments&post=13279"}],"version-history":[{"count":1,"href":"https:\/\/wolfgang-kipferl.de\/sch_aktuell_blog\/index.php?rest_route=\/wp\/v2\/posts\/13279\/revisions"}],"predecessor-version":[{"id":13280,"href":"https:\/\/wolfgang-kipferl.de\/sch_aktuell_blog\/index.php?rest_route=\/wp\/v2\/posts\/13279\/revisions\/13280"}],"wp:attachment":[{"href":"https:\/\/wolfgang-kipferl.de\/sch_aktuell_blog\/index.php?rest_route=%2Fwp%2Fv2%2Fmedia&parent=13279"}],"wp:term":[{"taxonomy":"category","embeddable":true,"href":"https:\/\/wolfgang-kipferl.de\/sch_aktuell_blog\/index.php?rest_route=%2Fwp%2Fv2%2Fcategories&post=13279"},{"taxonomy":"post_tag","embeddable":true,"href":"https:\/\/wolfgang-kipferl.de\/sch_aktuell_blog\/index.php?rest_route=%2Fwp%2Fv2%2Ftags&post=13279"}],"curies":[{"name":"wp","href":"https:\/\/api.w.org\/{rel}","templated":true}]}}