{"id":13305,"date":"2023-02-10T23:41:31","date_gmt":"2023-02-10T23:41:31","guid":{"rendered":"https:\/\/wolfgang-kipferl.de\/sch_aktuell_blog\/?p=13305"},"modified":"2023-02-12T21:34:58","modified_gmt":"2023-02-12T21:34:58","slug":"1-monatsrapidturnier","status":"publish","type":"post","link":"https:\/\/wolfgang-kipferl.de\/sch_aktuell_blog\/?p=13305","title":{"rendered":"1. Monatsrapidturnier"},"content":{"rendered":"<p>Zum ersten Monatsrapidturnier 2023 fanden sich zw\u00f6lf Teilneher ein. In der ersten Runde konnte sich die obere Setzlistenh\u00e4lfte unisono durchsetzen, wobei Ralf Seitner lange k\u00e4mpfen musste ehe er seinen Mehrbauern gegen Ihor Malakov verwerten konnte. In Runde zwei hatte Sebastian M\u00f6sl eine aussichtsreiche Stellung gegen Ralf im Mittelspiel, fand aber die richtige Idee nicht und Ralf bot Remis, als sich die Partie wieder im Ausgleich befand. Thomas Hummel setzte sich gegen Jozef Smyk durch und \u00fcbernahm zusammen mit Martin Simon die F\u00fchrung. Im direkten Duell der beiden behielt Martin die Oberhand und damit als einziger Spieler seine wei\u00dfe Weste. Ralf unterlag Jozef, w\u00e4hrend Sebastian mit viel Gl\u00fcck Wolfgang Brunner bezwingen konnte. Nach einem Qualit\u00e4tsverlust opferte er eine Figur und prompt unterlief Wolfgang noch ein Fehler und aus dem Mattnetz gab es kein Entkommen mehr. Sebastian war der n\u00e4chste in der Reihe derer, die versuchten Martin an diesem Abend vom Siegkurs abzubringen, aber diese Mission geriet im Mittelspiel in Schieflage und letztlich verlor er das wohl haltbare Turmendspiel mit Minusbauer. Ralf setzte sich gegen Thomas durch und Jozef bezwang Yevgen Malakov, wohingegen Wolfgang gegen Ihor nach einem Turmverlust auf die Verliererstra\u00dfe geraten war. In der letzten Runde rang Martin auch Jozef im Endspiel nieder und gewann das Turnier mit perfekten 5\/5. Sebastian und Ralf gewannen gegen Ihor und Yevgen, womit sie mit 3,5 Z\u00e4hlern die R\u00e4nge zwei und drei belegten. Thomas hatte gegen Ivan Krushevsky das Nachsehen, wodurch Ivan hinter Jozef mit drei Punkten F\u00fcnfter wurde.  <\/p>\n<p><a href=\"https:\/\/wolfgang-kipferl.de\/sch_aktuell_blog\/wp-content\/uploads\/2023\/02\/Monatsrapid1-Fort.html\" target=\"_blank\" rel=\"noopener\">Endstand<\/a><\/p>\n<h3>Related Images:<\/h3>","protected":false},"excerpt":{"rendered":"<p>Zum ersten Monatsrapidturnier 2023 fanden sich zw\u00f6lf Teilneher ein. In der ersten Runde konnte sich die obere Setzlistenh\u00e4lfte unisono durchsetzen, wobei Ralf Seitner lange k\u00e4mpfen musste ehe er seinen Mehrbauern gegen Ihor Malakov verwerten konnte. In Runde zwei hatte Sebastian &hellip; <a href=\"https:\/\/wolfgang-kipferl.de\/sch_aktuell_blog\/?p=13305\">Continue reading<\/a><\/p>\n","protected":false},"author":4,"featured_media":0,"comment_status":"closed","ping_status":"closed","sticky":false,"template":"","format":"standard","meta":{"ngg_post_thumbnail":0,"footnotes":""},"categories":[63,65],"tags":[],"class_list":["post-13305","post","type-post","status-publish","format-standard","hentry","category-saison-22-23","category-turniere-22-23"],"_links":{"self":[{"href":"https:\/\/wolfgang-kipferl.de\/sch_aktuell_blog\/index.php?rest_route=\/wp\/v2\/posts\/13305","targetHints":{"allow":["GET"]}}],"collection":[{"href":"https:\/\/wolfgang-kipferl.de\/sch_aktuell_blog\/index.php?rest_route=\/wp\/v2\/posts"}],"about":[{"href":"https:\/\/wolfgang-kipferl.de\/sch_aktuell_blog\/index.php?rest_route=\/wp\/v2\/types\/post"}],"author":[{"embeddable":true,"href":"https:\/\/wolfgang-kipferl.de\/sch_aktuell_blog\/index.php?rest_route=\/wp\/v2\/users\/4"}],"replies":[{"embeddable":true,"href":"https:\/\/wolfgang-kipferl.de\/sch_aktuell_blog\/index.php?rest_route=%2Fwp%2Fv2%2Fcomments&post=13305"}],"version-history":[{"count":3,"href":"https:\/\/wolfgang-kipferl.de\/sch_aktuell_blog\/index.php?rest_route=\/wp\/v2\/posts\/13305\/revisions"}],"predecessor-version":[{"id":13317,"href":"https:\/\/wolfgang-kipferl.de\/sch_aktuell_blog\/index.php?rest_route=\/wp\/v2\/posts\/13305\/revisions\/13317"}],"wp:attachment":[{"href":"https:\/\/wolfgang-kipferl.de\/sch_aktuell_blog\/index.php?rest_route=%2Fwp%2Fv2%2Fmedia&parent=13305"}],"wp:term":[{"taxonomy":"category","embeddable":true,"href":"https:\/\/wolfgang-kipferl.de\/sch_aktuell_blog\/index.php?rest_route=%2Fwp%2Fv2%2Fcategories&post=13305"},{"taxonomy":"post_tag","embeddable":true,"href":"https:\/\/wolfgang-kipferl.de\/sch_aktuell_blog\/index.php?rest_route=%2Fwp%2Fv2%2Ftags&post=13305"}],"curies":[{"name":"wp","href":"https:\/\/api.w.org\/{rel}","templated":true}]}}