{"id":13442,"date":"2023-03-24T17:17:39","date_gmt":"2023-03-24T17:17:39","guid":{"rendered":"https:\/\/wolfgang-kipferl.de\/sch_aktuell_blog\/?p=13442"},"modified":"2023-03-28T17:20:34","modified_gmt":"2023-03-28T17:20:34","slug":"kreisliga-2-runde-5-3","status":"publish","type":"post","link":"https:\/\/wolfgang-kipferl.de\/sch_aktuell_blog\/?p=13442","title":{"rendered":"Kreisliga 2 \u2013 Runde 5"},"content":{"rendered":"<p>Und wieder Mal gab es eine knappe 3,5:4,5 Niederlage f\u00fcr unsere dritte Mannschaft in der Kreisliga 2, diesmal gegen SW N\u00fcrnberg S\u00fcd 6. Christoph Reger, Andreas Hierl und Philipp Kaufmann gewannen ihre Partien, Benedikt M\u00fcnz steuerte ein Unentschieden bei. Dagegen mussten sich Zlatko Zidar, Rudi Appl, Niklas Rebler sowie Dominik Feldm\u00fcller geschlagen geben.<\/p>\n<p><a href=\"https:\/\/www.ligamanager.schachbund-bayern.de\/mfr-mitte\/ergebnisse\/spielplan.htm?ligaId=2070\" rel=\"noopener\" target=\"_blank\">Kreisliga 2<\/a><\/p>\n<h3>Related Images:<\/h3>","protected":false},"excerpt":{"rendered":"<p>Und wieder Mal gab es eine knappe 3,5:4,5 Niederlage f\u00fcr unsere dritte Mannschaft in der Kreisliga 2, diesmal gegen SW N\u00fcrnberg S\u00fcd 6. Christoph Reger, Andreas Hierl und Philipp Kaufmann gewannen ihre Partien, Benedikt M\u00fcnz steuerte ein Unentschieden bei. Dagegen &hellip; <a href=\"https:\/\/wolfgang-kipferl.de\/sch_aktuell_blog\/?p=13442\">Continue reading<\/a><\/p>\n","protected":false},"author":4,"featured_media":0,"comment_status":"closed","ping_status":"closed","sticky":false,"template":"","format":"standard","meta":{"ngg_post_thumbnail":0,"footnotes":""},"categories":[63],"tags":[],"class_list":["post-13442","post","type-post","status-publish","format-standard","hentry","category-saison-22-23"],"_links":{"self":[{"href":"https:\/\/wolfgang-kipferl.de\/sch_aktuell_blog\/index.php?rest_route=\/wp\/v2\/posts\/13442","targetHints":{"allow":["GET"]}}],"collection":[{"href":"https:\/\/wolfgang-kipferl.de\/sch_aktuell_blog\/index.php?rest_route=\/wp\/v2\/posts"}],"about":[{"href":"https:\/\/wolfgang-kipferl.de\/sch_aktuell_blog\/index.php?rest_route=\/wp\/v2\/types\/post"}],"author":[{"embeddable":true,"href":"https:\/\/wolfgang-kipferl.de\/sch_aktuell_blog\/index.php?rest_route=\/wp\/v2\/users\/4"}],"replies":[{"embeddable":true,"href":"https:\/\/wolfgang-kipferl.de\/sch_aktuell_blog\/index.php?rest_route=%2Fwp%2Fv2%2Fcomments&post=13442"}],"version-history":[{"count":1,"href":"https:\/\/wolfgang-kipferl.de\/sch_aktuell_blog\/index.php?rest_route=\/wp\/v2\/posts\/13442\/revisions"}],"predecessor-version":[{"id":13443,"href":"https:\/\/wolfgang-kipferl.de\/sch_aktuell_blog\/index.php?rest_route=\/wp\/v2\/posts\/13442\/revisions\/13443"}],"wp:attachment":[{"href":"https:\/\/wolfgang-kipferl.de\/sch_aktuell_blog\/index.php?rest_route=%2Fwp%2Fv2%2Fmedia&parent=13442"}],"wp:term":[{"taxonomy":"category","embeddable":true,"href":"https:\/\/wolfgang-kipferl.de\/sch_aktuell_blog\/index.php?rest_route=%2Fwp%2Fv2%2Fcategories&post=13442"},{"taxonomy":"post_tag","embeddable":true,"href":"https:\/\/wolfgang-kipferl.de\/sch_aktuell_blog\/index.php?rest_route=%2Fwp%2Fv2%2Ftags&post=13442"}],"curies":[{"name":"wp","href":"https:\/\/api.w.org\/{rel}","templated":true}]}}