{"id":13762,"date":"2023-07-28T10:19:05","date_gmt":"2023-07-28T10:19:05","guid":{"rendered":"https:\/\/wolfgang-kipferl.de\/sch_aktuell_blog\/?p=13762"},"modified":"2023-07-29T21:31:05","modified_gmt":"2023-07-29T21:31:05","slug":"lenz-wastl-cup-2023","status":"publish","type":"post","link":"https:\/\/wolfgang-kipferl.de\/sch_aktuell_blog\/?p=13762","title":{"rendered":"Lenz-Wastl-Cup 2023"},"content":{"rendered":"\r\n<p>Wie in jedem Jahr f\u00fchren wir im Sommer wieder in Gedenken an unseren langj\u00e4hrigen 1.Vorsitzenden Wastl Lenz eine Schnellschach-Turnierserie an drei Terminen durch.<\/p>\r\n\r\n\r\n\r\n<p><strong>Turnier 3 am 28.07.2023<\/strong><\/p>\r\n\r\n\r\n\r\n<p>Noch einmal gut besucht mit 10 Teilnehmern war das dritte und letzte Turnier der Lenz-Wastl-Serie, in der Jozef ja bereits als Gesamtsieger feststand. Wieder einmal gab es spannende Begegnungen und \u00fcberraschende Ergebnisse.  Jozef setzte sich von Anfang an wieder an die Spitze, in Runde 3 kam es zum Duell der F\u00fchrenden gegen Mattias, wobei dieser wagemutig (und inkorrekt) seinen L\u00e4ufer auf f7 opferte., um jozefs K\u00f6nig ins Freie zu zwingen. De Plan misslang und Mattias \u00fcbersah im sp\u00e4teren, turbulenten Verlauf einen m\u00f6glichen Turmgewinn und musste die Segel streichen, wonach Jozefs Durchmarsch kaum noch zu stoppen war. Etwas \u00fcberraschend musste er jedoch in Runde 4 einen halben Punkt gegen Niklas abgeben, behielt jedoch bis zum Schluss die F\u00fchrung. Allein unser Jungstar Andi Hierl blieb bis zum Schluss in Schlagdistanz, hatte er doch im Verlauf Wolfgang und Erwin geschlagen.<\/p>\r\n\r\n\r\n\r\n<figure class=\"wp-block-image size-full\"><img loading=\"lazy\" decoding=\"async\" width=\"530\" height=\"310\" src=\"https:\/\/wolfgang-kipferl.de\/sch_aktuell_blog\/wp-content\/uploads\/2023\/07\/image-7.png\" alt=\"\" class=\"wp-image-13801\" srcset=\"https:\/\/wolfgang-kipferl.de\/sch_aktuell_blog\/wp-content\/uploads\/2023\/07\/image-7.png 530w, https:\/\/wolfgang-kipferl.de\/sch_aktuell_blog\/wp-content\/uploads\/2023\/07\/image-7-300x175.png 300w\" sizes=\"auto, (max-width: 530px) 100vw, 530px\" \/><\/figure>\r\n\r\n\r\n\r\n<figure class=\"wp-block-image size-full\"><img loading=\"lazy\" decoding=\"async\" width=\"634\" height=\"362\" src=\"https:\/\/wolfgang-kipferl.de\/sch_aktuell_blog\/wp-content\/uploads\/2023\/07\/image-9.png\" alt=\"\" class=\"wp-image-13803\" srcset=\"https:\/\/wolfgang-kipferl.de\/sch_aktuell_blog\/wp-content\/uploads\/2023\/07\/image-9.png 634w, https:\/\/wolfgang-kipferl.de\/sch_aktuell_blog\/wp-content\/uploads\/2023\/07\/image-9-300x171.png 300w\" sizes=\"auto, (max-width: 634px) 100vw, 634px\" \/><\/figure>\r\n\r\n\r\n<a href=\"https:\/\/wolfgang-kipferl.de\/sch_aktuell_blog\/wp-content\/uploads\/2023\/07\/20230728_LWGT2023.jpg\"><img loading=\"lazy\" decoding=\"async\" src=\"https:\/\/wolfgang-kipferl.de\/sch_aktuell_blog\/wp-content\/uploads\/2023\/07\/20230728_LWGT2023.jpg\" alt=\"\" width=\"720\" height=\"540\" class=\"aligncenter size-full wp-image-13817\" srcset=\"https:\/\/wolfgang-kipferl.de\/sch_aktuell_blog\/wp-content\/uploads\/2023\/07\/20230728_LWGT2023.jpg 720w, https:\/\/wolfgang-kipferl.de\/sch_aktuell_blog\/wp-content\/uploads\/2023\/07\/20230728_LWGT2023-300x225.jpg 300w\" sizes=\"auto, (max-width: 720px) 100vw, 720px\" \/><\/a>\r\n\r\n\r\n<p><strong>Turnier 2 am 14.07.2023<\/strong><\/p>\r\n\r\n\r\n\r\n<p>Aufgrund des Jugendzeltlagers in H\u00f6henberg in etwas dezimierter Form, obwohl mit F.X. und Philipp zwei Neueinsteiger in den Cup zu begr\u00fc\u00dfen waren. Den besten Start legten wieder einmal Martin und Wolfgang hin, Jozef, der Sieger von Turnier 1 konnte sich von der Niederlage gegen Brunni schnell erholen und traf in der Schlussrunde als F\u00fchrender auf den punktgleichen Ralf. Jozef lie\u00df sich die Chance auf den zweiten Turniersieg nicht nehmen und gewann deutlich mit 4 aus 5.<strong> Damit ist Jozef auch &#8211; wegen einer Streichwertung &#8211; der Gesamtsieg in der Serie nicht mehr zu nehmen, und er hat seinen Wastl-Cup-Sieger-Titel vom Vorjahr vorzeitig verteidigt!<\/strong><\/p>\r\n\r\n\r\n\n\t\t<style type=\"text\/css\">\n\t\t\t#gallery-1 {\n\t\t\t\tmargin: auto;\n\t\t\t}\n\t\t\t#gallery-1 .gallery-item {\n\t\t\t\tfloat: left;\n\t\t\t\tmargin-top: 10px;\n\t\t\t\ttext-align: center;\n\t\t\t\twidth: 50%;\n\t\t\t}\n\t\t\t#gallery-1 img {\n\t\t\t\tborder: 2px solid #cfcfcf;\n\t\t\t}\n\t\t\t#gallery-1 .gallery-caption {\n\t\t\t\tmargin-left: 0;\n\t\t\t}\n\t\t\t\/* see gallery_shortcode() in wp-includes\/media.php *\/\n\t\t<\/style>\n\t\t<div id='gallery-1' class='gallery galleryid-13762 gallery-columns-2 gallery-size-thumbnail'><dl class='gallery-item'>\n\t\t\t<dt class='gallery-icon landscape'>\n\t\t\t\t<a href='https:\/\/wolfgang-kipferl.de\/sch_aktuell_blog\/wp-content\/uploads\/2023\/07\/20230714_LWGT2_2023-1.jpg'><img loading=\"lazy\" decoding=\"async\" width=\"150\" height=\"150\" src=\"https:\/\/wolfgang-kipferl.de\/sch_aktuell_blog\/wp-content\/uploads\/2023\/07\/20230714_LWGT2_2023-1-150x150.jpg\" class=\"attachment-thumbnail size-thumbnail\" alt=\"\" srcset=\"https:\/\/wolfgang-kipferl.de\/sch_aktuell_blog\/wp-content\/uploads\/2023\/07\/20230714_LWGT2_2023-1-150x150.jpg 150w, https:\/\/wolfgang-kipferl.de\/sch_aktuell_blog\/wp-content\/uploads\/2023\/07\/20230714_LWGT2_2023-1-144x144.jpg 144w\" sizes=\"auto, (max-width: 150px) 100vw, 150px\" \/><\/a>\n\t\t\t<\/dt><\/dl><dl class='gallery-item'>\n\t\t\t<dt class='gallery-icon landscape'>\n\t\t\t\t<a href='https:\/\/wolfgang-kipferl.de\/sch_aktuell_blog\/wp-content\/uploads\/2023\/07\/20230714_LWGT2_2023-2.jpg'><img loading=\"lazy\" decoding=\"async\" width=\"150\" height=\"150\" src=\"https:\/\/wolfgang-kipferl.de\/sch_aktuell_blog\/wp-content\/uploads\/2023\/07\/20230714_LWGT2_2023-2-150x150.jpg\" class=\"attachment-thumbnail size-thumbnail\" alt=\"\" srcset=\"https:\/\/wolfgang-kipferl.de\/sch_aktuell_blog\/wp-content\/uploads\/2023\/07\/20230714_LWGT2_2023-2-150x150.jpg 150w, https:\/\/wolfgang-kipferl.de\/sch_aktuell_blog\/wp-content\/uploads\/2023\/07\/20230714_LWGT2_2023-2-144x144.jpg 144w\" sizes=\"auto, (max-width: 150px) 100vw, 150px\" \/><\/a>\n\t\t\t<\/dt><\/dl><br style=\"clear: both\" \/>\n\t\t<\/div>\n\r\n\r\n\r\n<figure class=\"wp-block-image size-full\"><img loading=\"lazy\" decoding=\"async\" width=\"523\" height=\"311\" src=\"https:\/\/wolfgang-kipferl.de\/sch_aktuell_blog\/wp-content\/uploads\/2023\/07\/image-2.png\" alt=\"\" class=\"wp-image-13776\" srcset=\"https:\/\/wolfgang-kipferl.de\/sch_aktuell_blog\/wp-content\/uploads\/2023\/07\/image-2.png 523w, https:\/\/wolfgang-kipferl.de\/sch_aktuell_blog\/wp-content\/uploads\/2023\/07\/image-2-300x178.png 300w\" sizes=\"auto, (max-width: 523px) 100vw, 523px\" \/><\/figure>\r\n\r\n\r\n\r\n<figure class=\"wp-block-image size-full\"><img loading=\"lazy\" decoding=\"async\" width=\"609\" height=\"361\" src=\"https:\/\/wolfgang-kipferl.de\/sch_aktuell_blog\/wp-content\/uploads\/2023\/07\/image-6.png\" alt=\"\" class=\"wp-image-13784\" srcset=\"https:\/\/wolfgang-kipferl.de\/sch_aktuell_blog\/wp-content\/uploads\/2023\/07\/image-6.png 609w, https:\/\/wolfgang-kipferl.de\/sch_aktuell_blog\/wp-content\/uploads\/2023\/07\/image-6-300x178.png 300w\" sizes=\"auto, (max-width: 609px) 100vw, 609px\" \/><\/figure>\r\n\r\n\r\n\r\n<p><mark style=\"background-color: #f6da00;\" class=\"has-inline-color has-vivid-red-color\"><strong>Das dritte und letzte Turnier findet am \u00fcbern\u00e4chsten Freitag, 28.Juli, 19:30 Uhr statt. Zu jedem Turnier sind nat\u00fcrlich Neueinsteiger willkommen!<\/strong><\/mark><\/p>\r\n\r\n\r\n\r\n<p><strong>Turnier 1 am 07.07.2023<\/strong><\/p>\r\n\r\n\r\n\r\n<p>Zum gestrigen ersten Turnier des Lenz-Wastl-Ged\u00e4chtnis-Cups haben sich 12 Spieler eingefunden und ein sch\u00f6nes 5-rundiges Schnellschachturnier gespielt. Am Start war das R\u00fcckgrat der ersten Aufstiegsmannschaft, zwei Jugendspieler, ein interessierter &#8222;Gastspieler&#8220; bei seinem ersten Over-the-Board (OTB) Turnier, und ein paar andere.<br>Einen ersten Akzent konnte in der ersten Runde der Nicht-Vereinsspieler Dr. Kheiri setzen, der gegen Sebi einen fr\u00fch gewonnenen Mehrbauern souver\u00e4n zum Sieg verwandelte. Martin kam mit 2 Siegen am Besten aus den Startl\u00f6chern, lie\u00df dann aber stark nach. Mit insgesamt 8 Remisen aus 30 Partien (27%) war die Remisquote zwar objektiv im Normbereich f\u00fcr unsere Verh\u00e4ltnisse allerdings recht hoch.<br>Vor der letzten Runde lagen Jozef und &#8211; etwas \u00fcberraschend &#8211; Thomas auf dem geteilten ersten Platz und mussten den Sieg in der Schlussrunde ausspielen, den Jozef relativ sicher f\u00fcr sich entscheiden konnte. In der Schlussrundenbegegnung zwischen unserem Ralf und Ali, konnte sich unser Spitzenmann erst nach einigen sehr engen Momenten durchsetzen, was Ralf sehr beeindruckt zur\u00fccklie\u00df. Immerhin hatte sich Ali &#8222;nur&#8220; durch konsequentes Onlineschach auf ein bemerkenswertes Niveau (erspielte DWZ-Leistung 1940) gebracht.<\/p>\r\n\r\n\r\n\r\n<figure class=\"wp-block-image size-full\"><img loading=\"lazy\" decoding=\"async\" width=\"543\" height=\"367\" src=\"https:\/\/wolfgang-kipferl.de\/sch_aktuell_blog\/wp-content\/uploads\/2023\/07\/image.png\" alt=\"\" class=\"wp-image-13763\" srcset=\"https:\/\/wolfgang-kipferl.de\/sch_aktuell_blog\/wp-content\/uploads\/2023\/07\/image.png 543w, https:\/\/wolfgang-kipferl.de\/sch_aktuell_blog\/wp-content\/uploads\/2023\/07\/image-300x203.png 300w\" sizes=\"auto, (max-width: 543px) 100vw, 543px\" \/><\/figure>\r\n\r\n\r\n\r\n<p>Wie immer bekommt f\u00fcr die Cup-Gesamtwertung der Erste 20 Punkte, der Zweite 19 Punkte, usw.<\/p>\r\n\r\n\r\n\r\n<p>&nbsp;<\/p>\r\n<h3>Related Images:<\/h3>","protected":false},"excerpt":{"rendered":"<p>Wie in jedem Jahr f\u00fchren wir im Sommer wieder in Gedenken an unseren langj\u00e4hrigen 1.Vorsitzenden Wastl Lenz eine Schnellschach-Turnierserie an drei Terminen durch. Turnier 3 am 28.07.2023 Noch einmal gut besucht mit 10 Teilnehmern war das dritte und letzte Turnier &hellip; <a href=\"https:\/\/wolfgang-kipferl.de\/sch_aktuell_blog\/?p=13762\">Continue reading<\/a><\/p>\n","protected":false},"author":15,"featured_media":0,"comment_status":"closed","ping_status":"closed","sticky":false,"template":"","format":"standard","meta":{"ngg_post_thumbnail":0,"footnotes":""},"categories":[1,63,65],"tags":[],"class_list":["post-13762","post","type-post","status-publish","format-standard","hentry","category-allgemein","category-saison-22-23","category-turniere-22-23"],"_links":{"self":[{"href":"https:\/\/wolfgang-kipferl.de\/sch_aktuell_blog\/index.php?rest_route=\/wp\/v2\/posts\/13762","targetHints":{"allow":["GET"]}}],"collection":[{"href":"https:\/\/wolfgang-kipferl.de\/sch_aktuell_blog\/index.php?rest_route=\/wp\/v2\/posts"}],"about":[{"href":"https:\/\/wolfgang-kipferl.de\/sch_aktuell_blog\/index.php?rest_route=\/wp\/v2\/types\/post"}],"author":[{"embeddable":true,"href":"https:\/\/wolfgang-kipferl.de\/sch_aktuell_blog\/index.php?rest_route=\/wp\/v2\/users\/15"}],"replies":[{"embeddable":true,"href":"https:\/\/wolfgang-kipferl.de\/sch_aktuell_blog\/index.php?rest_route=%2Fwp%2Fv2%2Fcomments&post=13762"}],"version-history":[{"count":9,"href":"https:\/\/wolfgang-kipferl.de\/sch_aktuell_blog\/index.php?rest_route=\/wp\/v2\/posts\/13762\/revisions"}],"predecessor-version":[{"id":13818,"href":"https:\/\/wolfgang-kipferl.de\/sch_aktuell_blog\/index.php?rest_route=\/wp\/v2\/posts\/13762\/revisions\/13818"}],"wp:attachment":[{"href":"https:\/\/wolfgang-kipferl.de\/sch_aktuell_blog\/index.php?rest_route=%2Fwp%2Fv2%2Fmedia&parent=13762"}],"wp:term":[{"taxonomy":"category","embeddable":true,"href":"https:\/\/wolfgang-kipferl.de\/sch_aktuell_blog\/index.php?rest_route=%2Fwp%2Fv2%2Fcategories&post=13762"},{"taxonomy":"post_tag","embeddable":true,"href":"https:\/\/wolfgang-kipferl.de\/sch_aktuell_blog\/index.php?rest_route=%2Fwp%2Fv2%2Ftags&post=13762"}],"curies":[{"name":"wp","href":"https:\/\/api.w.org\/{rel}","templated":true}]}}