{"id":13912,"date":"2023-09-08T20:25:43","date_gmt":"2023-09-08T20:25:43","guid":{"rendered":"https:\/\/wolfgang-kipferl.de\/sch_aktuell_blog\/?p=13912"},"modified":"2023-09-11T20:29:03","modified_gmt":"2023-09-11T20:29:03","slug":"jhv-2023","status":"publish","type":"post","link":"https:\/\/wolfgang-kipferl.de\/sch_aktuell_blog\/?p=13912","title":{"rendered":"JHV 2023"},"content":{"rendered":"<p>Bei der diesj\u00e4hrigen Jahreshauptversammlung des Schachklubs Neumarkt konnte der 1. Vorsitzende Sebastian M\u00f6sl wieder \u00fcber eine ereignisreiche und erfolgreiche Saison berichten.<br \/>\nHerausragend war dabei der Erfolg der ersten Mannschaft als Meister in der Bezirksliga 1, gleichbedeutend mit dem ersten Aufstieg in die Regionalliga in der Vereinsgeschichte. Der Wermutstropfen war dagegen der Abstieg der Zweiten aus der Bezirksliga 2b. In der Vorsaison als Aufsteiger noch starker Vierter, lie\u00df man diesmal einfach zu viele Chancen auf Punkte liegen und musste als Neunter wieder in die Kreisliga 1. Team Neumarkt III belegte in der Kreisliga 2 Rang sieben und im Schnellschach wurden die Neumarkter in der Landesliga Nord Sechster.<br \/>\nAuch im Jugendbereich gab es einen Meistertitel zu feiern: die U20-Mannschaft wurde Erster in der Bezirksliga 1 und stieg damit drei Jahre nach dem freiwilligen R\u00fcckzug wieder in die Landesliga Nord auf. Bei den U16 Bezirksmannschaftsmeisterschaften belegte der Neumarkter Nachwuchs Platz drei.<br \/>\nF\u00fcnf Neumarkter nahmen an den Offenen Deutschen Juniorenmeisterschaften teil, wobei sich Andreas Hierl und Leonhard Franke in der U25C als Neunter und Zehnter weit vorne klassieren konnten. Vinzenz Schilay belegte Rang 59, hinzu kamen die starken Ergebnisse  von Timon G\u00f6tz und Christoph Reger in der U25B auf den Pl\u00e4tzen 18 und 30. Bei der Bayerischen U25 Schnellschachmeisterschaft wussten Ihor Malakov und Paul Neppert als F\u00fcnfter und Sechster zu \u00fcberzeugen, Maria Schilay gewann als Zw\u00f6lftplatzierte die Damenwertung. Dar\u00fcberhinaus nahm Maria Schilay an den Bayerischen Frauenmeisterschaften teil, wobei sie im Schnellschach Rang zw\u00f6lf und im Blitzschach Platz vierzehn belegte.<br \/>\nEs wurde wieder ein gro\u00dfes Schulschachturnier an der Theo-Betz-Schule mit einer Rekordbeteiligung von 125 Spielerinnen und Spielern durchgef\u00fchrt. Das Willibald-Gluck-Gymnasium holte bei den Bayerischen Schulschachmeisterschaften in der Wertungsklasse III zum siebten Mal einen Titel und wurde bei der Deutschen Meisterschaft Sechster.<br \/>\nStadt- und Vereinsmeisterschaft, monatliche Blitz- und Schnellschachturniere, das traditionelle Jugendzeltlager, Grill- und Weihnachtsfeier, ein Schachstand beim Kindernachmittag am Altstadtfest sowie am Hoffest des G6, die Teilnahme am Volksfestzug und ein Ferienkurs geh\u00f6rten ebenfalls zum umfangreichen Vereinsprogramm.<br \/>\nBei den folgenden Neuwahlen wurden der 1.Vorsitzende Sebastian M\u00f6sl, Schatzmeister Martin Simon sowie Spielleiter Mattias Birkner in ihren \u00c4mtern best\u00e4tigt. Zum neuen 2.Vorsitzenden wurde Johannes Hierl gew\u00e4hlt, Timon G\u00f6tz bekleidet nun das Amt des Schriftf\u00fchrers. Schon zuvor wurde bei der Jugendversammlung Sebastian M\u00f6sl als Jugendleiter wiedergew\u00e4hlt.<\/p>\n<h3>Related Images:<\/h3>","protected":false},"excerpt":{"rendered":"<p>Bei der diesj\u00e4hrigen Jahreshauptversammlung des Schachklubs Neumarkt konnte der 1. Vorsitzende Sebastian M\u00f6sl wieder \u00fcber eine ereignisreiche und erfolgreiche Saison berichten. Herausragend war dabei der Erfolg der ersten Mannschaft als Meister in der Bezirksliga 1, gleichbedeutend mit dem ersten Aufstieg &hellip; <a href=\"https:\/\/wolfgang-kipferl.de\/sch_aktuell_blog\/?p=13912\">Continue reading<\/a><\/p>\n","protected":false},"author":4,"featured_media":0,"comment_status":"closed","ping_status":"closed","sticky":false,"template":"","format":"standard","meta":{"ngg_post_thumbnail":0,"footnotes":""},"categories":[67],"tags":[],"class_list":["post-13912","post","type-post","status-publish","format-standard","hentry","category-saison-23-24"],"_links":{"self":[{"href":"https:\/\/wolfgang-kipferl.de\/sch_aktuell_blog\/index.php?rest_route=\/wp\/v2\/posts\/13912","targetHints":{"allow":["GET"]}}],"collection":[{"href":"https:\/\/wolfgang-kipferl.de\/sch_aktuell_blog\/index.php?rest_route=\/wp\/v2\/posts"}],"about":[{"href":"https:\/\/wolfgang-kipferl.de\/sch_aktuell_blog\/index.php?rest_route=\/wp\/v2\/types\/post"}],"author":[{"embeddable":true,"href":"https:\/\/wolfgang-kipferl.de\/sch_aktuell_blog\/index.php?rest_route=\/wp\/v2\/users\/4"}],"replies":[{"embeddable":true,"href":"https:\/\/wolfgang-kipferl.de\/sch_aktuell_blog\/index.php?rest_route=%2Fwp%2Fv2%2Fcomments&post=13912"}],"version-history":[{"count":1,"href":"https:\/\/wolfgang-kipferl.de\/sch_aktuell_blog\/index.php?rest_route=\/wp\/v2\/posts\/13912\/revisions"}],"predecessor-version":[{"id":13913,"href":"https:\/\/wolfgang-kipferl.de\/sch_aktuell_blog\/index.php?rest_route=\/wp\/v2\/posts\/13912\/revisions\/13913"}],"wp:attachment":[{"href":"https:\/\/wolfgang-kipferl.de\/sch_aktuell_blog\/index.php?rest_route=%2Fwp%2Fv2%2Fmedia&parent=13912"}],"wp:term":[{"taxonomy":"category","embeddable":true,"href":"https:\/\/wolfgang-kipferl.de\/sch_aktuell_blog\/index.php?rest_route=%2Fwp%2Fv2%2Fcategories&post=13912"},{"taxonomy":"post_tag","embeddable":true,"href":"https:\/\/wolfgang-kipferl.de\/sch_aktuell_blog\/index.php?rest_route=%2Fwp%2Fv2%2Ftags&post=13912"}],"curies":[{"name":"wp","href":"https:\/\/api.w.org\/{rel}","templated":true}]}}