{"id":13975,"date":"2023-10-05T11:07:31","date_gmt":"2023-10-05T11:07:31","guid":{"rendered":"https:\/\/wolfgang-kipferl.de\/sch_aktuell_blog\/?p=13975"},"modified":"2023-10-07T07:47:03","modified_gmt":"2023-10-07T07:47:03","slug":"monatsrapid-am-freitag","status":"publish","type":"post","link":"https:\/\/wolfgang-kipferl.de\/sch_aktuell_blog\/?p=13975","title":{"rendered":"Monatsrapid am Freitag."},"content":{"rendered":"\n<p>Da am kommenden Freitag, 06.10.2023, eine kleine Nachholrunde der Stadtmeisterschaft angesetzt ist, findet dann auch das letzte Monatsrapid-Turnier des Jahres statt:<\/p>\n\n\n\n<ul class=\"wp-block-list\">\n<li>Beginn: 20 Uhr<\/li>\n\n\n\n<li>Bedenkzeit: 10 Minuten + 10 Sekunden pro Zug<\/li>\n\n\n\n<li>5 Runden Schweizer System<\/li>\n\n\n\n<li>Teilnahmebedingung: offen f\u00fcr alle interessierten Schachfreunde.<\/li>\n<\/ul>\n\n\n\n<p>Von den acht Teilnehmern erwies sich Jozef Smyk wieder einmal als der Best\u00e4ndigste und konnte seine Rapid-Dominanz in diesem Jahr noch einmal untermauern.<\/p>\n\n\n\n<figure class=\"wp-block-image size-full\"><img loading=\"lazy\" decoding=\"async\" width=\"515\" height=\"605\" src=\"https:\/\/wolfgang-kipferl.de\/sch_aktuell_blog\/wp-content\/uploads\/2023\/10\/image-2.png\" alt=\"\" class=\"wp-image-13980\" srcset=\"https:\/\/wolfgang-kipferl.de\/sch_aktuell_blog\/wp-content\/uploads\/2023\/10\/image-2.png 515w, https:\/\/wolfgang-kipferl.de\/sch_aktuell_blog\/wp-content\/uploads\/2023\/10\/image-2-255x300.png 255w\" sizes=\"auto, (max-width: 515px) 100vw, 515px\" \/><\/figure>\n\n\n\n<p>In der Jahreswertung konnte Martin sich um drei Punkte verbessern und die alleinige F\u00fchrung \u00fcbernehmen, da Jozefs Sieg nur als Streichwertung eingeht (nur die drei besten Rapidergebnisse z\u00e4hlen). \u00dcber den Geamtsieg wird die Stadtmeisterschaft und die Blitz-SM entscheiden.<\/p>\n\n\n\n<figure class=\"wp-block-image size-full\"><img loading=\"lazy\" decoding=\"async\" width=\"878\" height=\"798\" src=\"https:\/\/wolfgang-kipferl.de\/sch_aktuell_blog\/wp-content\/uploads\/2023\/10\/image-3.png\" alt=\"\" class=\"wp-image-13981\" srcset=\"https:\/\/wolfgang-kipferl.de\/sch_aktuell_blog\/wp-content\/uploads\/2023\/10\/image-3.png 878w, https:\/\/wolfgang-kipferl.de\/sch_aktuell_blog\/wp-content\/uploads\/2023\/10\/image-3-300x273.png 300w, https:\/\/wolfgang-kipferl.de\/sch_aktuell_blog\/wp-content\/uploads\/2023\/10\/image-3-768x698.png 768w\" sizes=\"auto, (max-width: 878px) 100vw, 878px\" \/><\/figure>\n<h3>Related Images:<\/h3>","protected":false},"excerpt":{"rendered":"<p>Da am kommenden Freitag, 06.10.2023, eine kleine Nachholrunde der Stadtmeisterschaft angesetzt ist, findet dann auch das letzte Monatsrapid-Turnier des Jahres statt: Von den acht Teilnehmern erwies sich Jozef Smyk wieder einmal als der Best\u00e4ndigste und konnte seine Rapid-Dominanz in diesem &hellip; <a href=\"https:\/\/wolfgang-kipferl.de\/sch_aktuell_blog\/?p=13975\">Continue reading<\/a><\/p>\n","protected":false},"author":15,"featured_media":0,"comment_status":"closed","ping_status":"closed","sticky":false,"template":"","format":"standard","meta":{"ngg_post_thumbnail":0,"footnotes":""},"categories":[1,63,65],"tags":[],"class_list":["post-13975","post","type-post","status-publish","format-standard","hentry","category-allgemein","category-saison-22-23","category-turniere-22-23"],"_links":{"self":[{"href":"https:\/\/wolfgang-kipferl.de\/sch_aktuell_blog\/index.php?rest_route=\/wp\/v2\/posts\/13975","targetHints":{"allow":["GET"]}}],"collection":[{"href":"https:\/\/wolfgang-kipferl.de\/sch_aktuell_blog\/index.php?rest_route=\/wp\/v2\/posts"}],"about":[{"href":"https:\/\/wolfgang-kipferl.de\/sch_aktuell_blog\/index.php?rest_route=\/wp\/v2\/types\/post"}],"author":[{"embeddable":true,"href":"https:\/\/wolfgang-kipferl.de\/sch_aktuell_blog\/index.php?rest_route=\/wp\/v2\/users\/15"}],"replies":[{"embeddable":true,"href":"https:\/\/wolfgang-kipferl.de\/sch_aktuell_blog\/index.php?rest_route=%2Fwp%2Fv2%2Fcomments&post=13975"}],"version-history":[{"count":4,"href":"https:\/\/wolfgang-kipferl.de\/sch_aktuell_blog\/index.php?rest_route=\/wp\/v2\/posts\/13975\/revisions"}],"predecessor-version":[{"id":13982,"href":"https:\/\/wolfgang-kipferl.de\/sch_aktuell_blog\/index.php?rest_route=\/wp\/v2\/posts\/13975\/revisions\/13982"}],"wp:attachment":[{"href":"https:\/\/wolfgang-kipferl.de\/sch_aktuell_blog\/index.php?rest_route=%2Fwp%2Fv2%2Fmedia&parent=13975"}],"wp:term":[{"taxonomy":"category","embeddable":true,"href":"https:\/\/wolfgang-kipferl.de\/sch_aktuell_blog\/index.php?rest_route=%2Fwp%2Fv2%2Fcategories&post=13975"},{"taxonomy":"post_tag","embeddable":true,"href":"https:\/\/wolfgang-kipferl.de\/sch_aktuell_blog\/index.php?rest_route=%2Fwp%2Fv2%2Ftags&post=13975"}],"curies":[{"name":"wp","href":"https:\/\/api.w.org\/{rel}","templated":true}]}}