{"id":14018,"date":"2023-10-20T19:11:28","date_gmt":"2023-10-20T19:11:28","guid":{"rendered":"https:\/\/wolfgang-kipferl.de\/sch_aktuell_blog\/?p=14018"},"modified":"2023-10-25T19:17:50","modified_gmt":"2023-10-25T19:17:50","slug":"kreisliga-1-runde-1-7","status":"publish","type":"post","link":"https:\/\/wolfgang-kipferl.de\/sch_aktuell_blog\/?p=14018","title":{"rendered":"Kreisliga 1 &#8211; Runde 1"},"content":{"rendered":"<p>F\u00fcr die zweite Mannschaft hei\u00dft es nach zwei Jahren in der Bezirksliga 2 wieder Spieltag am Freitagabend. Zum Auftakt der Kreisliga 1 gelang ein 5:3 Erfolg bei der SG M\u00fchlhof-Reichelsdorf\/Schwabach 2, womit man sogar die Tabellenf\u00fchrung \u00fcbernahm. Dabei feierten die jugendlichen Deb\u00fctanten Andreas Hierl und Ivan Krushevsky eine erfolgreiche Premiere in der Zweiten und gewannen ihre Partien. Auch Christian Junker gestaltete seine Partie siegreich, w\u00e4hrend Andr\u00e9 Schilay die einzige Niederlage quittieren musste. Thomas Hummel, Franz Xaver Beer, Maria Schilay und Benedikt M\u00fcnz spielten jeweils remis.<\/p>\n<p><a href=\"https:\/\/www.ligamanager.schachbund-bayern.de\/mfr-mitte\/ergebnisse\/spielplan.htm?ligaId=2208\" rel=\"noopener\" target=\"_blank\">Kreisliga 1<\/a><\/p>\n<h3>Related Images:<\/h3>","protected":false},"excerpt":{"rendered":"<p>F\u00fcr die zweite Mannschaft hei\u00dft es nach zwei Jahren in der Bezirksliga 2 wieder Spieltag am Freitagabend. Zum Auftakt der Kreisliga 1 gelang ein 5:3 Erfolg bei der SG M\u00fchlhof-Reichelsdorf\/Schwabach 2, womit man sogar die Tabellenf\u00fchrung \u00fcbernahm. Dabei feierten die &hellip; <a href=\"https:\/\/wolfgang-kipferl.de\/sch_aktuell_blog\/?p=14018\">Continue reading<\/a><\/p>\n","protected":false},"author":4,"featured_media":0,"comment_status":"closed","ping_status":"closed","sticky":false,"template":"","format":"standard","meta":{"ngg_post_thumbnail":0,"footnotes":""},"categories":[70],"tags":[],"class_list":["post-14018","post","type-post","status-publish","format-standard","hentry","category-saison-2324"],"_links":{"self":[{"href":"https:\/\/wolfgang-kipferl.de\/sch_aktuell_blog\/index.php?rest_route=\/wp\/v2\/posts\/14018","targetHints":{"allow":["GET"]}}],"collection":[{"href":"https:\/\/wolfgang-kipferl.de\/sch_aktuell_blog\/index.php?rest_route=\/wp\/v2\/posts"}],"about":[{"href":"https:\/\/wolfgang-kipferl.de\/sch_aktuell_blog\/index.php?rest_route=\/wp\/v2\/types\/post"}],"author":[{"embeddable":true,"href":"https:\/\/wolfgang-kipferl.de\/sch_aktuell_blog\/index.php?rest_route=\/wp\/v2\/users\/4"}],"replies":[{"embeddable":true,"href":"https:\/\/wolfgang-kipferl.de\/sch_aktuell_blog\/index.php?rest_route=%2Fwp%2Fv2%2Fcomments&post=14018"}],"version-history":[{"count":2,"href":"https:\/\/wolfgang-kipferl.de\/sch_aktuell_blog\/index.php?rest_route=\/wp\/v2\/posts\/14018\/revisions"}],"predecessor-version":[{"id":14020,"href":"https:\/\/wolfgang-kipferl.de\/sch_aktuell_blog\/index.php?rest_route=\/wp\/v2\/posts\/14018\/revisions\/14020"}],"wp:attachment":[{"href":"https:\/\/wolfgang-kipferl.de\/sch_aktuell_blog\/index.php?rest_route=%2Fwp%2Fv2%2Fmedia&parent=14018"}],"wp:term":[{"taxonomy":"category","embeddable":true,"href":"https:\/\/wolfgang-kipferl.de\/sch_aktuell_blog\/index.php?rest_route=%2Fwp%2Fv2%2Fcategories&post=14018"},{"taxonomy":"post_tag","embeddable":true,"href":"https:\/\/wolfgang-kipferl.de\/sch_aktuell_blog\/index.php?rest_route=%2Fwp%2Fv2%2Ftags&post=14018"}],"curies":[{"name":"wp","href":"https:\/\/api.w.org\/{rel}","templated":true}]}}