{"id":14327,"date":"2023-12-16T10:23:59","date_gmt":"2023-12-16T10:23:59","guid":{"rendered":"https:\/\/wolfgang-kipferl.de\/sch_aktuell_blog\/?p=14327"},"modified":"2023-12-24T10:11:54","modified_gmt":"2023-12-24T10:11:54","slug":"blirt-stadtmeisterschaft-ralf-seitner-ist-wieder-der-schnellste","status":"publish","type":"post","link":"https:\/\/wolfgang-kipferl.de\/sch_aktuell_blog\/?p=14327","title":{"rendered":"Blitz-Stadtmeisterschaft: Ralf Seitner ist wieder der Schnellste."},"content":{"rendered":"\n<p>15 Schnelldenker fanden sich am Freitagabend im Gesindehaus ein, um den Blitzstadtmeister 2023 auszuspielen. Darunter waren Favoriten, wie Titelverteidiger Ralf Seitner, Blitzmeister Erwin Hirn, und die Seriensieger Martin Simon und Jozef Smyk, oder auch Dauer-Geheimfavorit Sebastian M\u00f6sl. Oder sollte diesmal einer der zahlreichen Jugendlichen, oder Neumitgliedern f\u00fcr eine \u00dcberraschung sorgen?<\/p>\n\n\n\n<p>F\u00fcr Martin und Jozef ging es ganz nebenbei noch um den Gesamtsieg in der Super-Cup-Serie, in der Martin knappe zwei Punkte in F\u00fchrung lag und damit Jozef mindestens den zweiten Platz machen musste, wenn Martin nicht aufs Podest k\u00e4me.<\/p>\n\n\n\n<p>Das Turnier begann mit einem Blitzstart von Andi Hierl (4 aus 4) knapp gefolgt von Martin Simon (3,5) und Ralf Seitner (3). Jozef misslang der Start nach einer Niederlage gegen Ralf und zwei Punkten auf Rang 8. In Runde 5 unterlag andi \u00fcberraschend Niklas Rebler und Ralf konnte gleichziehen. Nach einer weiteren Niederlage Andis gegen Erwin, der einen gruseligen Start erwischte,  konnte Ralf  die alleinige Tabellenf\u00fchrung \u00fcbernehmen, die er dann auch nicht mehr abgab, auch wenn ihm Lorenz Schilay und Jozef auf den Fersen blieben.<br>S<strong>chlie\u00dflich verteidigte Ralf Seitner also ungeschlagen mit 13 Punkten aus 14 Partien seinen Titel als Blitz-Stadtmeister vor Lorenz Schilay und Jozef Smyk, der Martin damit im Super-Cup nicht mehr einholen konnte. Herzlichen Gl\u00fcckwunsch! <\/strong><\/p>\n\n\n\n<p><a href=\"https:\/\/wolfgang-kipferl.de\/sch_aktuell_blog\/wp-content\/uploads\/2023\/12\/endstand-BSM23.html\">Endstand<\/a><\/p>\n<h3>Related Images:<\/h3>","protected":false},"excerpt":{"rendered":"<p>15 Schnelldenker fanden sich am Freitagabend im Gesindehaus ein, um den Blitzstadtmeister 2023 auszuspielen. Darunter waren Favoriten, wie Titelverteidiger Ralf Seitner, Blitzmeister Erwin Hirn, und die Seriensieger Martin Simon und Jozef Smyk, oder auch Dauer-Geheimfavorit Sebastian M\u00f6sl. Oder sollte diesmal &hellip; <a href=\"https:\/\/wolfgang-kipferl.de\/sch_aktuell_blog\/?p=14327\">Continue reading<\/a><\/p>\n","protected":false},"author":15,"featured_media":0,"comment_status":"closed","ping_status":"closed","sticky":false,"template":"","format":"standard","meta":{"ngg_post_thumbnail":0,"footnotes":""},"categories":[1,63,65],"tags":[],"class_list":["post-14327","post","type-post","status-publish","format-standard","hentry","category-allgemein","category-saison-22-23","category-turniere-22-23"],"_links":{"self":[{"href":"https:\/\/wolfgang-kipferl.de\/sch_aktuell_blog\/index.php?rest_route=\/wp\/v2\/posts\/14327","targetHints":{"allow":["GET"]}}],"collection":[{"href":"https:\/\/wolfgang-kipferl.de\/sch_aktuell_blog\/index.php?rest_route=\/wp\/v2\/posts"}],"about":[{"href":"https:\/\/wolfgang-kipferl.de\/sch_aktuell_blog\/index.php?rest_route=\/wp\/v2\/types\/post"}],"author":[{"embeddable":true,"href":"https:\/\/wolfgang-kipferl.de\/sch_aktuell_blog\/index.php?rest_route=\/wp\/v2\/users\/15"}],"replies":[{"embeddable":true,"href":"https:\/\/wolfgang-kipferl.de\/sch_aktuell_blog\/index.php?rest_route=%2Fwp%2Fv2%2Fcomments&post=14327"}],"version-history":[{"count":8,"href":"https:\/\/wolfgang-kipferl.de\/sch_aktuell_blog\/index.php?rest_route=\/wp\/v2\/posts\/14327\/revisions"}],"predecessor-version":[{"id":14349,"href":"https:\/\/wolfgang-kipferl.de\/sch_aktuell_blog\/index.php?rest_route=\/wp\/v2\/posts\/14327\/revisions\/14349"}],"wp:attachment":[{"href":"https:\/\/wolfgang-kipferl.de\/sch_aktuell_blog\/index.php?rest_route=%2Fwp%2Fv2%2Fmedia&parent=14327"}],"wp:term":[{"taxonomy":"category","embeddable":true,"href":"https:\/\/wolfgang-kipferl.de\/sch_aktuell_blog\/index.php?rest_route=%2Fwp%2Fv2%2Fcategories&post=14327"},{"taxonomy":"post_tag","embeddable":true,"href":"https:\/\/wolfgang-kipferl.de\/sch_aktuell_blog\/index.php?rest_route=%2Fwp%2Fv2%2Ftags&post=14327"}],"curies":[{"name":"wp","href":"https:\/\/api.w.org\/{rel}","templated":true}]}}