{"id":14405,"date":"2023-12-01T21:45:18","date_gmt":"2023-12-01T21:45:18","guid":{"rendered":"https:\/\/wolfgang-kipferl.de\/sch_aktuell_blog\/?p=14405"},"modified":"2024-01-14T21:48:58","modified_gmt":"2024-01-14T21:48:58","slug":"kreisliga-1-runde-3-7","status":"publish","type":"post","link":"https:\/\/wolfgang-kipferl.de\/sch_aktuell_blog\/?p=14405","title":{"rendered":"Kreisliga 1 \u2013 Runde 3"},"content":{"rendered":"<p>Eine unerwartete 3,5:4,5 Niederlage musste die zweite Mannschaft in der dritten Runde der Kreisliga 1 gegen SC J\u00e4klechemie 3 hinnehmen. Dabei gerieten Thomas Hummel, Christoph Reger und Ivan Krushevsky fr\u00fch auf die Verliererstra\u00dfe. Letztlich musste sich auch Philipp Kaufmann geschlagen geben, so dass die Siege von Franz Xaver Beer, Andreas Hierl sowie Paul Neppert und das Remis von Christian Junker die wei\u00dfe Weste nicht bewahren konnte.<\/p>\n<p><a href=\"https:\/\/www.ligamanager.schachbund-bayern.de\/mfr-mitte\/ergebnisse\/spielplan.htm?ligaId=2208\" rel=\"noopener\" target=\"_blank\">Kreisliga 1<\/a><\/p>\n<h3>Related Images:<\/h3>","protected":false},"excerpt":{"rendered":"<p>Eine unerwartete 3,5:4,5 Niederlage musste die zweite Mannschaft in der dritten Runde der Kreisliga 1 gegen SC J\u00e4klechemie 3 hinnehmen. Dabei gerieten Thomas Hummel, Christoph Reger und Ivan Krushevsky fr\u00fch auf die Verliererstra\u00dfe. Letztlich musste sich auch Philipp Kaufmann geschlagen &hellip; <a href=\"https:\/\/wolfgang-kipferl.de\/sch_aktuell_blog\/?p=14405\">Continue reading<\/a><\/p>\n","protected":false},"author":4,"featured_media":0,"comment_status":"closed","ping_status":"closed","sticky":false,"template":"","format":"standard","meta":{"ngg_post_thumbnail":0,"footnotes":""},"categories":[70],"tags":[],"class_list":["post-14405","post","type-post","status-publish","format-standard","hentry","category-saison-2324"],"_links":{"self":[{"href":"https:\/\/wolfgang-kipferl.de\/sch_aktuell_blog\/index.php?rest_route=\/wp\/v2\/posts\/14405","targetHints":{"allow":["GET"]}}],"collection":[{"href":"https:\/\/wolfgang-kipferl.de\/sch_aktuell_blog\/index.php?rest_route=\/wp\/v2\/posts"}],"about":[{"href":"https:\/\/wolfgang-kipferl.de\/sch_aktuell_blog\/index.php?rest_route=\/wp\/v2\/types\/post"}],"author":[{"embeddable":true,"href":"https:\/\/wolfgang-kipferl.de\/sch_aktuell_blog\/index.php?rest_route=\/wp\/v2\/users\/4"}],"replies":[{"embeddable":true,"href":"https:\/\/wolfgang-kipferl.de\/sch_aktuell_blog\/index.php?rest_route=%2Fwp%2Fv2%2Fcomments&post=14405"}],"version-history":[{"count":1,"href":"https:\/\/wolfgang-kipferl.de\/sch_aktuell_blog\/index.php?rest_route=\/wp\/v2\/posts\/14405\/revisions"}],"predecessor-version":[{"id":14406,"href":"https:\/\/wolfgang-kipferl.de\/sch_aktuell_blog\/index.php?rest_route=\/wp\/v2\/posts\/14405\/revisions\/14406"}],"wp:attachment":[{"href":"https:\/\/wolfgang-kipferl.de\/sch_aktuell_blog\/index.php?rest_route=%2Fwp%2Fv2%2Fmedia&parent=14405"}],"wp:term":[{"taxonomy":"category","embeddable":true,"href":"https:\/\/wolfgang-kipferl.de\/sch_aktuell_blog\/index.php?rest_route=%2Fwp%2Fv2%2Fcategories&post=14405"},{"taxonomy":"post_tag","embeddable":true,"href":"https:\/\/wolfgang-kipferl.de\/sch_aktuell_blog\/index.php?rest_route=%2Fwp%2Fv2%2Ftags&post=14405"}],"curies":[{"name":"wp","href":"https:\/\/api.w.org\/{rel}","templated":true}]}}