{"id":14456,"date":"2024-02-02T20:41:59","date_gmt":"2024-02-02T20:41:59","guid":{"rendered":"https:\/\/wolfgang-kipferl.de\/sch_aktuell_blog\/?p=14456"},"modified":"2024-02-04T20:45:20","modified_gmt":"2024-02-04T20:45:20","slug":"kreisliga-1-runde-5-7","status":"publish","type":"post","link":"https:\/\/wolfgang-kipferl.de\/sch_aktuell_blog\/?p=14456","title":{"rendered":"Kreisliga 1 \u2013 Runde 5"},"content":{"rendered":"<p>Die zweite Mannschaft setzte sich in der f\u00fcnften Runde der Kreisliga 1 bei der SG Anderssen\/1978 N\u00fcrnberg 2 mit 4,5:3,5 durch. Andr\u00e9 Schilay, Christoph Reger und Paul Neppert gewannen ihre Partien, w\u00e4hrend Franz Xaver Beer, Timon G\u00f6tz sowie Andreas Hierl remisierten. Dagegen mussten Thomas Hummel und Paul Spangler je eine Niederlage quittieren. Damit liegt man nun auf Rang zwei der Tabelle und empf\u00e4ngt in drei Wochen den verlustpunktfreien Ligaprimus SV Postbauer.<\/p>\n<p><a href=\"https:\/\/www.ligamanager.schachbund-bayern.de\/mfr-mitte\/ergebnisse\/spielplan.htm?ligaId=2208\" rel=\"noopener\" target=\"_blank\">Kreisliga 1<\/a><\/p>\n<h3>Related Images:<\/h3>","protected":false},"excerpt":{"rendered":"<p>Die zweite Mannschaft setzte sich in der f\u00fcnften Runde der Kreisliga 1 bei der SG Anderssen\/1978 N\u00fcrnberg 2 mit 4,5:3,5 durch. Andr\u00e9 Schilay, Christoph Reger und Paul Neppert gewannen ihre Partien, w\u00e4hrend Franz Xaver Beer, Timon G\u00f6tz sowie Andreas Hierl &hellip; <a href=\"https:\/\/wolfgang-kipferl.de\/sch_aktuell_blog\/?p=14456\">Continue reading<\/a><\/p>\n","protected":false},"author":4,"featured_media":0,"comment_status":"closed","ping_status":"closed","sticky":false,"template":"","format":"standard","meta":{"ngg_post_thumbnail":0,"footnotes":""},"categories":[70],"tags":[],"class_list":["post-14456","post","type-post","status-publish","format-standard","hentry","category-saison-2324"],"_links":{"self":[{"href":"https:\/\/wolfgang-kipferl.de\/sch_aktuell_blog\/index.php?rest_route=\/wp\/v2\/posts\/14456","targetHints":{"allow":["GET"]}}],"collection":[{"href":"https:\/\/wolfgang-kipferl.de\/sch_aktuell_blog\/index.php?rest_route=\/wp\/v2\/posts"}],"about":[{"href":"https:\/\/wolfgang-kipferl.de\/sch_aktuell_blog\/index.php?rest_route=\/wp\/v2\/types\/post"}],"author":[{"embeddable":true,"href":"https:\/\/wolfgang-kipferl.de\/sch_aktuell_blog\/index.php?rest_route=\/wp\/v2\/users\/4"}],"replies":[{"embeddable":true,"href":"https:\/\/wolfgang-kipferl.de\/sch_aktuell_blog\/index.php?rest_route=%2Fwp%2Fv2%2Fcomments&post=14456"}],"version-history":[{"count":1,"href":"https:\/\/wolfgang-kipferl.de\/sch_aktuell_blog\/index.php?rest_route=\/wp\/v2\/posts\/14456\/revisions"}],"predecessor-version":[{"id":14457,"href":"https:\/\/wolfgang-kipferl.de\/sch_aktuell_blog\/index.php?rest_route=\/wp\/v2\/posts\/14456\/revisions\/14457"}],"wp:attachment":[{"href":"https:\/\/wolfgang-kipferl.de\/sch_aktuell_blog\/index.php?rest_route=%2Fwp%2Fv2%2Fmedia&parent=14456"}],"wp:term":[{"taxonomy":"category","embeddable":true,"href":"https:\/\/wolfgang-kipferl.de\/sch_aktuell_blog\/index.php?rest_route=%2Fwp%2Fv2%2Fcategories&post=14456"},{"taxonomy":"post_tag","embeddable":true,"href":"https:\/\/wolfgang-kipferl.de\/sch_aktuell_blog\/index.php?rest_route=%2Fwp%2Fv2%2Ftags&post=14456"}],"curies":[{"name":"wp","href":"https:\/\/api.w.org\/{rel}","templated":true}]}}