{"id":14459,"date":"2024-02-05T17:27:50","date_gmt":"2024-02-05T17:27:50","guid":{"rendered":"https:\/\/wolfgang-kipferl.de\/sch_aktuell_blog\/?p=14459"},"modified":"2024-02-10T17:16:59","modified_gmt":"2024-02-10T17:16:59","slug":"monatsrapid-und-vereinspokal-qualifier-am-freitag","status":"publish","type":"post","link":"https:\/\/wolfgang-kipferl.de\/sch_aktuell_blog\/?p=14459","title":{"rendered":"Monatsrapid und Vereinspokal-Qualifier am Freitag"},"content":{"rendered":"\n<p>Am kommenden Freitag, 09.02.2024 findet das erste Monatsrapidturnier des Jahres statt.<\/p>\n\n\n\n<ul class=\"wp-block-list\">\n<li>Beginn: 20 Uhr<\/li>\n\n\n\n<li>Bedenkzeit: 10 Minuten + 10 Sekunden pro Zug<\/li>\n\n\n\n<li>5 Runden Schweizer System<\/li>\n<\/ul>\n\n\n\n<p>Das Turnier dient gleichzeitig als Qualifikationsturnier f\u00fcr den <a href=\"https:\/\/wolfgang-kipferl.de\/sch_aktuell_blog\/?p=14392\" data-type=\"post\" data-id=\"14392\">Vereinspokal 2024<\/a>. Die noch verf\u00fcgbaren Freipl\u00e4tze in Division A (16 Teilnehmer) werden nach Endstand dieses Turniers aufgef\u00fcllt.<\/p>\n\n\n\n<p>Leider mit wieder einmal entt\u00e4uschender Teilnehmerzahl (6 Teilnehmer) verlief der Abend bei einem zum Rundenturnier umfunktionierten Rapidturnierle. Hochklassig besetzt hie\u00df der SIeger am Ende sehr \u00fcberraschend und verdient Thomas Hummel mit besserer Feinwertung vor Ralf Seitner und Martin Simon, der sich damit die zeitweilige F\u00fchrung im Super-Cup sicherte.<\/p>\n\n\n\n<figure class=\"wp-block-image size-full\"><img loading=\"lazy\" decoding=\"async\" width=\"690\" height=\"305\" src=\"https:\/\/wolfgang-kipferl.de\/sch_aktuell_blog\/wp-content\/uploads\/2024\/02\/image.png\" alt=\"\" class=\"wp-image-14484\" srcset=\"https:\/\/wolfgang-kipferl.de\/sch_aktuell_blog\/wp-content\/uploads\/2024\/02\/image.png 690w, https:\/\/wolfgang-kipferl.de\/sch_aktuell_blog\/wp-content\/uploads\/2024\/02\/image-300x133.png 300w\" sizes=\"auto, (max-width: 690px) 100vw, 690px\" \/><\/figure>\n\n\n\n<figure class=\"wp-block-image size-large\"><img loading=\"lazy\" decoding=\"async\" width=\"1024\" height=\"488\" src=\"https:\/\/wolfgang-kipferl.de\/sch_aktuell_blog\/wp-content\/uploads\/2024\/02\/image-2-1024x488.png\" alt=\"\" class=\"wp-image-14487\" srcset=\"https:\/\/wolfgang-kipferl.de\/sch_aktuell_blog\/wp-content\/uploads\/2024\/02\/image-2-1024x488.png 1024w, https:\/\/wolfgang-kipferl.de\/sch_aktuell_blog\/wp-content\/uploads\/2024\/02\/image-2-300x143.png 300w, https:\/\/wolfgang-kipferl.de\/sch_aktuell_blog\/wp-content\/uploads\/2024\/02\/image-2-768x366.png 768w, https:\/\/wolfgang-kipferl.de\/sch_aktuell_blog\/wp-content\/uploads\/2024\/02\/image-2.png 1065w\" sizes=\"auto, (max-width: 1024px) 100vw, 1024px\" \/><\/figure>\n\n\n\n<p>Durch die geringe Teilnehmerzahl wurde im Prinzip der Qualifikationsgedanke zum Vereinspokal ad absurdum gef\u00fchrt, weil die 16 Startpl\u00e4tze nun zu einem erheblichen Anteil durch Freilose besetzt werden m\u00fcssen. Sad but true.<\/p>\n<h3>Related Images:<\/h3>","protected":false},"excerpt":{"rendered":"<p>Am kommenden Freitag, 09.02.2024 findet das erste Monatsrapidturnier des Jahres statt. Das Turnier dient gleichzeitig als Qualifikationsturnier f\u00fcr den Vereinspokal 2024. Die noch verf\u00fcgbaren Freipl\u00e4tze in Division A (16 Teilnehmer) werden nach Endstand dieses Turniers aufgef\u00fcllt. Leider mit wieder einmal &hellip; <a href=\"https:\/\/wolfgang-kipferl.de\/sch_aktuell_blog\/?p=14459\">Continue reading<\/a><\/p>\n","protected":false},"author":15,"featured_media":0,"comment_status":"closed","ping_status":"closed","sticky":false,"template":"","format":"standard","meta":{"ngg_post_thumbnail":0,"footnotes":""},"categories":[1,70,71],"tags":[],"class_list":["post-14459","post","type-post","status-publish","format-standard","hentry","category-allgemein","category-saison-2324","category-turniere-2324"],"_links":{"self":[{"href":"https:\/\/wolfgang-kipferl.de\/sch_aktuell_blog\/index.php?rest_route=\/wp\/v2\/posts\/14459","targetHints":{"allow":["GET"]}}],"collection":[{"href":"https:\/\/wolfgang-kipferl.de\/sch_aktuell_blog\/index.php?rest_route=\/wp\/v2\/posts"}],"about":[{"href":"https:\/\/wolfgang-kipferl.de\/sch_aktuell_blog\/index.php?rest_route=\/wp\/v2\/types\/post"}],"author":[{"embeddable":true,"href":"https:\/\/wolfgang-kipferl.de\/sch_aktuell_blog\/index.php?rest_route=\/wp\/v2\/users\/15"}],"replies":[{"embeddable":true,"href":"https:\/\/wolfgang-kipferl.de\/sch_aktuell_blog\/index.php?rest_route=%2Fwp%2Fv2%2Fcomments&post=14459"}],"version-history":[{"count":4,"href":"https:\/\/wolfgang-kipferl.de\/sch_aktuell_blog\/index.php?rest_route=\/wp\/v2\/posts\/14459\/revisions"}],"predecessor-version":[{"id":14488,"href":"https:\/\/wolfgang-kipferl.de\/sch_aktuell_blog\/index.php?rest_route=\/wp\/v2\/posts\/14459\/revisions\/14488"}],"wp:attachment":[{"href":"https:\/\/wolfgang-kipferl.de\/sch_aktuell_blog\/index.php?rest_route=%2Fwp%2Fv2%2Fmedia&parent=14459"}],"wp:term":[{"taxonomy":"category","embeddable":true,"href":"https:\/\/wolfgang-kipferl.de\/sch_aktuell_blog\/index.php?rest_route=%2Fwp%2Fv2%2Fcategories&post=14459"},{"taxonomy":"post_tag","embeddable":true,"href":"https:\/\/wolfgang-kipferl.de\/sch_aktuell_blog\/index.php?rest_route=%2Fwp%2Fv2%2Ftags&post=14459"}],"curies":[{"name":"wp","href":"https:\/\/api.w.org\/{rel}","templated":true}]}}