{"id":14629,"date":"2024-03-15T21:11:09","date_gmt":"2024-03-15T21:11:09","guid":{"rendered":"https:\/\/wolfgang-kipferl.de\/sch_aktuell_blog\/?p=14629"},"modified":"2024-03-18T21:13:59","modified_gmt":"2024-03-18T21:13:59","slug":"kreisliga-1-runde-7-6","status":"publish","type":"post","link":"https:\/\/wolfgang-kipferl.de\/sch_aktuell_blog\/?p=14629","title":{"rendered":"Kreisliga 1 \u2013 Runde 7"},"content":{"rendered":"<p>Die zweite Mannschaft gewann in der siebten Runde der Kreisliga 1 bei SW N\u00fcrnberg S\u00fcd mit 5,5:2,5 und eroberte damit Rang zwei zur\u00fcck. Thomas Hummel, Franz Xaver Beer, Andr\u00e9 Schilay, Christoph Reger und Andreas Hierl gestalteten ihre Partien siegreich, Maria Schilay spielte remis, wohingegen Christian Junker sowie Ivan Krushevsky eine Niederlage quittieren mussten.<\/p>\n<p><a href=\"https:\/\/www.ligamanager.schachbund-bayern.de\/mfr-mitte\/ergebnisse\/spielplan.htm?ligaId=2208&#038;runde=7\" rel=\"noopener\" target=\"_blank\">Kreisliga 1<\/a><\/p>\n<h3>Related Images:<\/h3>","protected":false},"excerpt":{"rendered":"<p>Die zweite Mannschaft gewann in der siebten Runde der Kreisliga 1 bei SW N\u00fcrnberg S\u00fcd mit 5,5:2,5 und eroberte damit Rang zwei zur\u00fcck. Thomas Hummel, Franz Xaver Beer, Andr\u00e9 Schilay, Christoph Reger und Andreas Hierl gestalteten ihre Partien siegreich, Maria &hellip; <a href=\"https:\/\/wolfgang-kipferl.de\/sch_aktuell_blog\/?p=14629\">Continue reading<\/a><\/p>\n","protected":false},"author":4,"featured_media":0,"comment_status":"closed","ping_status":"closed","sticky":false,"template":"","format":"standard","meta":{"ngg_post_thumbnail":0,"footnotes":""},"categories":[70],"tags":[],"class_list":["post-14629","post","type-post","status-publish","format-standard","hentry","category-saison-2324"],"_links":{"self":[{"href":"https:\/\/wolfgang-kipferl.de\/sch_aktuell_blog\/index.php?rest_route=\/wp\/v2\/posts\/14629","targetHints":{"allow":["GET"]}}],"collection":[{"href":"https:\/\/wolfgang-kipferl.de\/sch_aktuell_blog\/index.php?rest_route=\/wp\/v2\/posts"}],"about":[{"href":"https:\/\/wolfgang-kipferl.de\/sch_aktuell_blog\/index.php?rest_route=\/wp\/v2\/types\/post"}],"author":[{"embeddable":true,"href":"https:\/\/wolfgang-kipferl.de\/sch_aktuell_blog\/index.php?rest_route=\/wp\/v2\/users\/4"}],"replies":[{"embeddable":true,"href":"https:\/\/wolfgang-kipferl.de\/sch_aktuell_blog\/index.php?rest_route=%2Fwp%2Fv2%2Fcomments&post=14629"}],"version-history":[{"count":1,"href":"https:\/\/wolfgang-kipferl.de\/sch_aktuell_blog\/index.php?rest_route=\/wp\/v2\/posts\/14629\/revisions"}],"predecessor-version":[{"id":14630,"href":"https:\/\/wolfgang-kipferl.de\/sch_aktuell_blog\/index.php?rest_route=\/wp\/v2\/posts\/14629\/revisions\/14630"}],"wp:attachment":[{"href":"https:\/\/wolfgang-kipferl.de\/sch_aktuell_blog\/index.php?rest_route=%2Fwp%2Fv2%2Fmedia&parent=14629"}],"wp:term":[{"taxonomy":"category","embeddable":true,"href":"https:\/\/wolfgang-kipferl.de\/sch_aktuell_blog\/index.php?rest_route=%2Fwp%2Fv2%2Fcategories&post=14629"},{"taxonomy":"post_tag","embeddable":true,"href":"https:\/\/wolfgang-kipferl.de\/sch_aktuell_blog\/index.php?rest_route=%2Fwp%2Fv2%2Ftags&post=14629"}],"curies":[{"name":"wp","href":"https:\/\/api.w.org\/{rel}","templated":true}]}}