{"id":14651,"date":"2024-03-26T21:07:23","date_gmt":"2024-03-26T21:07:23","guid":{"rendered":"https:\/\/wolfgang-kipferl.de\/sch_aktuell_blog\/?p=14651"},"modified":"2024-03-26T21:07:23","modified_gmt":"2024-03-26T21:07:23","slug":"sportlerehrung-landkreis-neumarkt-vier-auszeichnungen-fuer-den-skn-4","status":"publish","type":"post","link":"https:\/\/wolfgang-kipferl.de\/sch_aktuell_blog\/?p=14651","title":{"rendered":"Sportlerehrung Landkreis Neumarkt \u2013 Vier Auszeichnungen f\u00fcr den SKN"},"content":{"rendered":"<p>Bei der diesj\u00e4hrigen <a href=\"https:\/\/www.landkreis-neumarkt.de\/bildung-schule-sport\/sportlerehrung\/2023\/\" target=\"_blank\" rel=\"noopener\">Sportlerehrung<\/a> des Landkreises Neumarkt gab es auch wieder viele Auszeichnungen f\u00fcr Spieler des Schachklub Neumarkt. Sebastian M\u00f6sl und Andreas Hierl erhielten eine Bronzemedaille f\u00fcr die R\u00e4nge f\u00fcnf und sechs bei der Deutschen Schnellschach-Amateurmeisterschaft 2023 (Gruppe C und E), Maria Schilay eine Silbermedaille als Erste der Bayerischen U25-Schnellschachmeisterschaft. Eine Goldmedaille gab es f\u00fcr Laura Sophie Bauer als Deutsche Schach-Amateurmeisterin 2023 der Gruppe D.<\/p>\n<p><a href=\"https:\/\/wolfgang-kipferl.de\/sch_aktuell_blog\/wp-content\/uploads\/2024\/03\/20240322_SportlerehrungLKR-rotated.jpg\" target=\"_blank\" rel=\"noopener\"><img loading=\"lazy\" decoding=\"async\" class=\"aligncenter wp-image-14652 size-full\" src=\"https:\/\/wolfgang-kipferl.de\/sch_aktuell_blog\/wp-content\/uploads\/2024\/03\/20240322_SportlerehrungLKR-rotated.jpg\" alt=\"\" width=\"405\" height=\"720\" srcset=\"https:\/\/wolfgang-kipferl.de\/sch_aktuell_blog\/wp-content\/uploads\/2024\/03\/20240322_SportlerehrungLKR-rotated.jpg 405w, https:\/\/wolfgang-kipferl.de\/sch_aktuell_blog\/wp-content\/uploads\/2024\/03\/20240322_SportlerehrungLKR-169x300.jpg 169w\" sizes=\"auto, (max-width: 405px) 100vw, 405px\" \/><\/a><\/p>\n<h3>Related Images:<\/h3>","protected":false},"excerpt":{"rendered":"<p>Bei der diesj\u00e4hrigen Sportlerehrung des Landkreises Neumarkt gab es auch wieder viele Auszeichnungen f\u00fcr Spieler des Schachklub Neumarkt. Sebastian M\u00f6sl und Andreas Hierl erhielten eine Bronzemedaille f\u00fcr die R\u00e4nge f\u00fcnf und sechs bei der Deutschen Schnellschach-Amateurmeisterschaft 2023 (Gruppe C und &hellip; <a href=\"https:\/\/wolfgang-kipferl.de\/sch_aktuell_blog\/?p=14651\">Continue reading<\/a><\/p>\n","protected":false},"author":4,"featured_media":0,"comment_status":"closed","ping_status":"closed","sticky":false,"template":"","format":"standard","meta":{"ngg_post_thumbnail":0,"footnotes":""},"categories":[67],"tags":[],"class_list":["post-14651","post","type-post","status-publish","format-standard","hentry","category-saison-23-24"],"_links":{"self":[{"href":"https:\/\/wolfgang-kipferl.de\/sch_aktuell_blog\/index.php?rest_route=\/wp\/v2\/posts\/14651","targetHints":{"allow":["GET"]}}],"collection":[{"href":"https:\/\/wolfgang-kipferl.de\/sch_aktuell_blog\/index.php?rest_route=\/wp\/v2\/posts"}],"about":[{"href":"https:\/\/wolfgang-kipferl.de\/sch_aktuell_blog\/index.php?rest_route=\/wp\/v2\/types\/post"}],"author":[{"embeddable":true,"href":"https:\/\/wolfgang-kipferl.de\/sch_aktuell_blog\/index.php?rest_route=\/wp\/v2\/users\/4"}],"replies":[{"embeddable":true,"href":"https:\/\/wolfgang-kipferl.de\/sch_aktuell_blog\/index.php?rest_route=%2Fwp%2Fv2%2Fcomments&post=14651"}],"version-history":[{"count":1,"href":"https:\/\/wolfgang-kipferl.de\/sch_aktuell_blog\/index.php?rest_route=\/wp\/v2\/posts\/14651\/revisions"}],"predecessor-version":[{"id":14653,"href":"https:\/\/wolfgang-kipferl.de\/sch_aktuell_blog\/index.php?rest_route=\/wp\/v2\/posts\/14651\/revisions\/14653"}],"wp:attachment":[{"href":"https:\/\/wolfgang-kipferl.de\/sch_aktuell_blog\/index.php?rest_route=%2Fwp%2Fv2%2Fmedia&parent=14651"}],"wp:term":[{"taxonomy":"category","embeddable":true,"href":"https:\/\/wolfgang-kipferl.de\/sch_aktuell_blog\/index.php?rest_route=%2Fwp%2Fv2%2Fcategories&post=14651"},{"taxonomy":"post_tag","embeddable":true,"href":"https:\/\/wolfgang-kipferl.de\/sch_aktuell_blog\/index.php?rest_route=%2Fwp%2Fv2%2Ftags&post=14651"}],"curies":[{"name":"wp","href":"https:\/\/api.w.org\/{rel}","templated":true}]}}