{"id":14915,"date":"2024-06-29T13:45:22","date_gmt":"2024-06-29T13:45:22","guid":{"rendered":"https:\/\/wolfgang-kipferl.de\/sch_aktuell_blog\/?p=14915"},"modified":"2024-06-29T14:16:17","modified_gmt":"2024-06-29T14:16:17","slug":"vereinspokal-finale-1","status":"publish","type":"post","link":"https:\/\/wolfgang-kipferl.de\/sch_aktuell_blog\/?p=14915","title":{"rendered":"Vereinspokal Finale 1"},"content":{"rendered":"\n<p class=\"has-medium-font-size\">Unter wettertechnisch schwierigsten  Bedingungen trafen gestern Abend unsere zwei Finalisten Ralf Seitner und Lorenz Schilay im Gesindehaus zusammen, um das erste Finalspiel des Vereinspokals auszuk\u00e4mpfen. Es war schw\u00fcl und hei\u00df, also keine optimalen Bedingungen f\u00fcr hochkar\u00e4tiges Schach. Wieso eigentlich Finale 1? Es ist ja so, dass bei einem Doppel-KO-Turnier ein Spieler nach der ersten Niederlage nicht ausscheidet. Da Ralf \u00fcber den Gewinnerzweig (d.h. ohne Niederlage) ins Finale eingezogen ist, darf er sich eine Niederlage erlauben, wonach es ein Final-Wiederholungsspiel geben wird.  Gewinnt Ralf jedoch das erste Finalspiel mit Wei\u00df,  ist das Turnier beendet.<\/p>\n\n\n\n<p> <\/p>\n\n\n\nngg_shortcode_0_placeholder\n\n\n\n<p class=\"has-medium-font-size\">Die Partie begann den Temperaturen angemessen eher ruhig, und Ralf hatte etwas mehr &#8222;grip&#8220; in Zentrum, ohne entscheidenden Vorteil zu bekommen.<br>Im ausgehenden Mittelspiel entschied sich Ralf jedoch f\u00fcr einen gewagten Tausch eines Turms gegen Springer und L\u00e4ufer.<\/p>\n\n\n\n<figure class=\"wp-block-image size-full\"><img loading=\"lazy\" decoding=\"async\" width=\"420\" height=\"486\" src=\"https:\/\/wolfgang-kipferl.de\/sch_aktuell_blog\/wp-content\/uploads\/2024\/06\/image-2.png\" alt=\"\" class=\"wp-image-14920\" srcset=\"https:\/\/wolfgang-kipferl.de\/sch_aktuell_blog\/wp-content\/uploads\/2024\/06\/image-2.png 420w, https:\/\/wolfgang-kipferl.de\/sch_aktuell_blog\/wp-content\/uploads\/2024\/06\/image-2-259x300.png 259w\" sizes=\"auto, (max-width: 420px) 100vw, 420px\" \/><figcaption class=\"wp-element-caption\"><em>Hier entschied sich Ralf f\u00fcr 34. Txh6? Nach dem Tausch droht wei\u00df zwar Df8 Matt. Aber die Gegenmattdrohung Dg7 erzwingt Damentausch und dann schaut es schlecht f\u00fcr Wei\u00df aus.<\/em><\/figcaption><\/figure>\n\n\n\n<p class=\"has-medium-font-size\">Ralf konnte ja das Risiko eingehen, weil er ja noch &#8222;zwei Leben hatte&#8220; (s.o.), allerdings verblieb er in der Folge mit dem L\u00e4uferpaar und vielen schwachen Bauern gegen einen aktiven Turm. Als der b-Bauer nicht mehr an der Umwandlung zu hindern war, war Ralf das schwei\u00dfgetr\u00e4nkte Handtuch und der R\u00fcckkampf im Juli wird endg\u00fcltig einen Pokalsieger bringen.<\/p>\n<h3>Related Images:<\/h3>","protected":false},"excerpt":{"rendered":"<p>Unter wettertechnisch schwierigsten Bedingungen trafen gestern Abend unsere zwei Finalisten Ralf Seitner und Lorenz Schilay im Gesindehaus zusammen, um das erste Finalspiel des Vereinspokals auszuk\u00e4mpfen. Es war schw\u00fcl und hei\u00df, also keine optimalen Bedingungen f\u00fcr hochkar\u00e4tiges Schach. Wieso eigentlich Finale &hellip; <a href=\"https:\/\/wolfgang-kipferl.de\/sch_aktuell_blog\/?p=14915\">Continue reading<\/a><\/p>\n","protected":false},"author":15,"featured_media":0,"comment_status":"closed","ping_status":"closed","sticky":false,"template":"","format":"standard","meta":{"ngg_post_thumbnail":0,"footnotes":""},"categories":[1,70,67,71,69],"tags":[],"class_list":["post-14915","post","type-post","status-publish","format-standard","hentry","category-allgemein","category-saison-2324","category-saison-23-24","category-turniere-2324","category-turniere-23-24"],"_links":{"self":[{"href":"https:\/\/wolfgang-kipferl.de\/sch_aktuell_blog\/index.php?rest_route=\/wp\/v2\/posts\/14915","targetHints":{"allow":["GET"]}}],"collection":[{"href":"https:\/\/wolfgang-kipferl.de\/sch_aktuell_blog\/index.php?rest_route=\/wp\/v2\/posts"}],"about":[{"href":"https:\/\/wolfgang-kipferl.de\/sch_aktuell_blog\/index.php?rest_route=\/wp\/v2\/types\/post"}],"author":[{"embeddable":true,"href":"https:\/\/wolfgang-kipferl.de\/sch_aktuell_blog\/index.php?rest_route=\/wp\/v2\/users\/15"}],"replies":[{"embeddable":true,"href":"https:\/\/wolfgang-kipferl.de\/sch_aktuell_blog\/index.php?rest_route=%2Fwp%2Fv2%2Fcomments&post=14915"}],"version-history":[{"count":7,"href":"https:\/\/wolfgang-kipferl.de\/sch_aktuell_blog\/index.php?rest_route=\/wp\/v2\/posts\/14915\/revisions"}],"predecessor-version":[{"id":14923,"href":"https:\/\/wolfgang-kipferl.de\/sch_aktuell_blog\/index.php?rest_route=\/wp\/v2\/posts\/14915\/revisions\/14923"}],"wp:attachment":[{"href":"https:\/\/wolfgang-kipferl.de\/sch_aktuell_blog\/index.php?rest_route=%2Fwp%2Fv2%2Fmedia&parent=14915"}],"wp:term":[{"taxonomy":"category","embeddable":true,"href":"https:\/\/wolfgang-kipferl.de\/sch_aktuell_blog\/index.php?rest_route=%2Fwp%2Fv2%2Fcategories&post=14915"},{"taxonomy":"post_tag","embeddable":true,"href":"https:\/\/wolfgang-kipferl.de\/sch_aktuell_blog\/index.php?rest_route=%2Fwp%2Fv2%2Ftags&post=14915"}],"curies":[{"name":"wp","href":"https:\/\/api.w.org\/{rel}","templated":true}]}}