{"id":15488,"date":"2024-12-25T19:10:21","date_gmt":"2024-12-25T19:10:21","guid":{"rendered":"https:\/\/wolfgang-kipferl.de\/sch_aktuell_blog\/?p=15488"},"modified":"2024-12-25T20:13:13","modified_gmt":"2024-12-25T20:13:13","slug":"weihnachtsfeier-2024","status":"publish","type":"post","link":"https:\/\/wolfgang-kipferl.de\/sch_aktuell_blog\/?p=15488","title":{"rendered":"Weihnachtsfeier 2024"},"content":{"rendered":"<p>Bei der traditionellen Weihnachtsfeier des Schachklubs Neumarkt im Gasthof Hiereth durfte 1.Vorsitzender Sebastian M\u00f6sl knapp 70 Mitglieder begr\u00fc\u00dfen. In seinem Jahresr\u00fcckblick konnte er wieder von zahlreichen Erfolgen und Aktivit\u00e4ten des Vereins berichten. Es wurden die Sieger der diesj\u00e4hrgen Vereins- und Stadtmeisterschaften sowie des 2.Neumarkter Super-Cups und langj\u00e4hrige Mitglieder geehrt. H\u00f6hepunkte des Abends waren wie gewohnt eine Filmvorf\u00fchrung \u2013 diesmal lie\u00df man die 75j\u00e4hrige Vereinsgeschichte Revue passieren \u2013 sowie die Weihnachtstombola, ehe man den Abend gem\u00fctlich ausklingen lie\u00df.<\/p>\n<p><a href=\"https:\/\/wolfgang-kipferl.de\/sch_aktuell_blog\/wp-content\/uploads\/2024\/12\/20241221_WF2024-9-scaled.jpg\" target=\"_blank\" rel=\"noopener\"><img loading=\"lazy\" decoding=\"async\" class=\"aligncenter wp-image-15492 size-full\" src=\"https:\/\/wolfgang-kipferl.de\/sch_aktuell_blog\/wp-content\/uploads\/2024\/12\/20241221_WF2024-9-scaled.jpg\" alt=\"\" width=\"2560\" height=\"1707\" srcset=\"https:\/\/wolfgang-kipferl.de\/sch_aktuell_blog\/wp-content\/uploads\/2024\/12\/20241221_WF2024-9-scaled.jpg 2560w, https:\/\/wolfgang-kipferl.de\/sch_aktuell_blog\/wp-content\/uploads\/2024\/12\/20241221_WF2024-9-300x200.jpg 300w, https:\/\/wolfgang-kipferl.de\/sch_aktuell_blog\/wp-content\/uploads\/2024\/12\/20241221_WF2024-9-1024x683.jpg 1024w, https:\/\/wolfgang-kipferl.de\/sch_aktuell_blog\/wp-content\/uploads\/2024\/12\/20241221_WF2024-9-768x512.jpg 768w, https:\/\/wolfgang-kipferl.de\/sch_aktuell_blog\/wp-content\/uploads\/2024\/12\/20241221_WF2024-9-1536x1024.jpg 1536w, https:\/\/wolfgang-kipferl.de\/sch_aktuell_blog\/wp-content\/uploads\/2024\/12\/20241221_WF2024-9-2048x1365.jpg 2048w\" sizes=\"auto, (max-width: 2560px) 100vw, 2560px\" \/><\/a><\/p>\n<p>Das Jahr 2024 war f\u00fcr den Verein ein besonderes, feierte man doch sein 75-j\u00e4hriges Bestehen. Doch leider musste man den ein oder anderen sportlichen Nackenschlag einstecken. Besonders bitter, da vollkommen unn\u00f6tig, war der <a href=\"https:\/\/wolfgang-kipferl.de\/sch_aktuell_blog\/?p=14755\" target=\"_blank\" rel=\"noopener\">Abstieg der ersten Mannschaft<\/a> als Neunter der Reginonalliga Nordost, in der man erstmals in der Vereinsgeschichte spielte. Die Zweite lie\u00df im Aufstiegskampf der Kreisliga 1 auch einige Chancen aus und wurde Dritter. Dank des Verzichts des Vize-Meisters J\u00e4klechemie III, konnte doch noch der dritte Aufstieg in die Bezirksliga II gefeiert werden. Aufgestiegen ist auch die dritte Mannschaft als Vize-Meister der Kreisliga 3. In beiden Ligen stellte der SK Neumarkt den besten Spieler: Andreas Hierl mit 8,5\/9 in der K1, Noah Lehner mit 7\/7 in der K3 (vor Johannes Hierl mit 5,5\/6). Bei den <a href=\"https:\/\/wolfgang-kipferl.de\/sch_aktuell_blog\/?p=15111\" target=\"_blank\" rel=\"noopener\">Bayerischen Schnellschachmeisterschaften<\/a> war der Verein erstmals in die Oberliga aufgestiegen, schnupperte dort sogar am Podestplatz und man wurde starker Sechster. Eine Saison zum Vergessen erlebte dagegen die U20-Mannschaft in der Landesliga Nord. Zahreiche Ausf\u00e4lle f\u00fchrten dazu, dass man in drei der sieben Runden nur zu Dritt antreten konnte und man belegte als Achter einen Abstiegsplatz.<br \/>\nBei den <a href=\"https:\/\/wolfgang-kipferl.de\/sch_aktuell_blog\/?p=14527\" target=\"_blank\" rel=\"noopener\">Jugend-Bezirksmeisterschaften<\/a> wurde Andreas Hierl Dritter in der U16 und durfte erstmals an den <a href=\"https:\/\/wolfgang-kipferl.de\/sch_aktuell_blog\/?p=14660\" target=\"_blank\" rel=\"noopener\">Bayerischen Meisterschaften<\/a> teilnehmen, bei denen er Rang 14 belegte. Drei Neumarkter waren wieder bei den <a href=\"https:\/\/wolfgang-kipferl.de\/sch_aktuell_blog\/?p=14810\" target=\"_blank\" rel=\"noopener\">Deutschen U25-Meisterschaften<\/a> vertreten: in der Gruppe B erzielten Andreas Hierl mit 6\/9 auf Platz 15 und Christoph Reger mit 5,5\/9 auf Rang 25 sehr gute Resultate. Den Vogel scho\u00df aber Vinzen Schilay in der Gruppe C ab, der sich mit 7,5\/9 die Deutsche Vize-Meisterschaft sicherte.<br \/>\nAuch im Schulschach gab es erfreuliches zu berichten. Dem Willibald-Gluck-Gymnasium gelang in der Wertungsklasse III mit 14:0 Punkten die Titelverteidigung bei den <a href=\"https:\/\/wolfgang-kipferl.de\/sch_aktuell_blog\/?p=14634\" target=\"_blank\" rel=\"noopener\">Bayerischen Schulschachmeisterschaften<\/a> und bei den <a href=\"https:\/\/wolfgang-kipferl.de\/sch_aktuell_blog\/?p=14749\" target=\"_blank\" rel=\"noopener\">Deutschen Schulschachmeisterschaften<\/a> blieb das WGG ungeschlagen und wurde zum zweiten Mal nach 2005 Deutscher Vize-Meister. Dar\u00fcber hinaus wurde das WGG von der Deutschen Schachjugend als <a href=\"https:\/\/www.wgg-neumarkt.de\/wahlkurse\/schach\/schachschule\" target=\"_blank\" rel=\"noopener\">Deutsche Schachschule<\/a> ausgezeichnet. Bereits seit dem Schuljahr 1992\/93 leitet Franz Xaver Beer einen Wahlkurs Schach am WGG, eine Erfolgsgeschichte bis heute und da war die Bewerbung eigentlich schon lange \u00fcberf\u00e4llig. Damit gibt es in Neumarkt nun zwei Deutsche Schachschulen, denn die Theo-Betz-Schule erhielt diese Auszeichnung bereits 2015 und 2022. Ein Grund daf\u00fcr ist das gro\u00dfe <a href=\"https:\/\/wolfgang-kipferl.de\/sch_aktuell_blog\/?p=14791\" target=\"_blank\" rel=\"noopener\">Schulschachturnier<\/a>, das in der zehnten Auflage stattfand und wieder \u00fcber 100 Teilnehmerinnen und Teilnehmer hatte.<br \/>\nEs wurden wieder zahlreiche Vereinsturniere durchgef\u00fchrt, darunter erstmals der Vereinspokal in drei Gruppen mit 46 (!) Teilnehmern. Auch neben den Brettern war wieder viel los: Jugendzeltlager, Grillfeier, Ferienkurs, ein Ausflug mit unseren J\u00fcngsten zum Bowlen, die Teilnahme am Altstadtfest und am <a href=\"https:\/\/wolfgang-kipferl.de\/sch_aktuell_blog\/?p=15041\" target=\"_blank\" rel=\"noopener\">Neumarkter Volksfestzug 2024<\/a> &#8211; erstmals mit einem Blumenwagen &#8211; rundeten das Jahr ab.<br \/>\nDanach wurden die Sieger der Vereinsturniere geehrt, angefangen mit dem Vereinspokal, den Lorenz Schilay vor Ralf Seitner und Jozef Smyk f\u00fcr sich entscheiden konnte. Bei der Blitz-Vereinsmeisterschaft holte Ralf Seitner den Titel vor Jozef Smyk und Erwin Hirn. Die Stadtmeisterschaften im Herbst wurden zu den gro\u00dfen &#8222;Andreas-Hierl-Festspielen&#8220;, dem ein historisches Triple gelang: als erstes Vereinsmitglied wurde er im selben Jahr Stadtmeister, Jugendstadmeister und Blitz-Stadtmeister! Martin Simon und Thomas Hummel komplettierten das Podest bei der Stadtmeisterschaft, Jozef Smyk und Sebastian M\u00f6sl bei der Blitz-SM. Theo Markert verteidigte seinen Titel in der Gruppe I der Jugendstadtmeisterschaft vor Andr\u00e9 Stettinger und Oleksandr Krushevsky. In der Gruppe II belegten Ivan Krushevsky und Vinzenz Schilay die Pl\u00e4tze zwei und drei. Den Gesamtsieg des zum zweiten Mal ausgetragenen Neumarkter Super-Cups, in den die besten Ergebnisse der Vereinsturniere in Blitz, Schnell- und klassischem Schach eingehen, holte Ralf Seitner mit 117 Punkten vor Martin Simon und Jozef Smyk mit je 105, Thomas Hummel mit 95 und Sebastian M\u00f6sl mit 85. Ralf war auch Disziplinsieger in Blitz- und Schnellschach mit der Maximalpunktzahl, Andreas bester im klassischem Schach.<br \/>\nDaraufhin wurde Winfried Weber die Vereinsnadel in Gold f\u00fcr seine 40j\u00e4hrige Mitgliedschaft verliehen, wobei er u.a. von 1997 \u2013 2001 den Vorsitz des Vereins innehatte. Wolfgang Brunner &#8211; ebenfalls bereits \u00fcber 40 Jahre im Verein &#8211; blickte auf den gemeinsamen Werdegang zur\u00fcck. Andreas Hierl wurde f\u00fcr 10 Jahre Mitgliedschaft geehrt.<\/p>\n\n\t\t<style type=\"text\/css\">\n\t\t\t#gallery-1 {\n\t\t\t\tmargin: auto;\n\t\t\t}\n\t\t\t#gallery-1 .gallery-item {\n\t\t\t\tfloat: left;\n\t\t\t\tmargin-top: 10px;\n\t\t\t\ttext-align: center;\n\t\t\t\twidth: 33%;\n\t\t\t}\n\t\t\t#gallery-1 img {\n\t\t\t\tborder: 2px solid #cfcfcf;\n\t\t\t}\n\t\t\t#gallery-1 .gallery-caption {\n\t\t\t\tmargin-left: 0;\n\t\t\t}\n\t\t\t\/* see gallery_shortcode() in wp-includes\/media.php *\/\n\t\t<\/style>\n\t\t<div id='gallery-1' class='gallery galleryid-15488 gallery-columns-3 gallery-size-thumbnail'><dl class='gallery-item'>\n\t\t\t<dt class='gallery-icon landscape'>\n\t\t\t\t<a href='https:\/\/wolfgang-kipferl.de\/sch_aktuell_blog\/?attachment_id=15496'><img loading=\"lazy\" decoding=\"async\" width=\"150\" height=\"150\" src=\"https:\/\/wolfgang-kipferl.de\/sch_aktuell_blog\/wp-content\/uploads\/2024\/12\/20241221_WF2024-3-150x150.jpg\" class=\"attachment-thumbnail size-thumbnail\" alt=\"\" aria-describedby=\"gallery-1-15496\" srcset=\"https:\/\/wolfgang-kipferl.de\/sch_aktuell_blog\/wp-content\/uploads\/2024\/12\/20241221_WF2024-3-150x150.jpg 150w, https:\/\/wolfgang-kipferl.de\/sch_aktuell_blog\/wp-content\/uploads\/2024\/12\/20241221_WF2024-3-144x144.jpg 144w\" sizes=\"auto, (max-width: 150px) 100vw, 150px\" \/><\/a>\n\t\t\t<\/dt>\n\t\t\t\t<dd class='wp-caption-text gallery-caption' id='gallery-1-15496'>\n\t\t\t\tPremierensieger Vereinspokal\n\t\t\t\t<\/dd><\/dl><dl class='gallery-item'>\n\t\t\t<dt class='gallery-icon landscape'>\n\t\t\t\t<a href='https:\/\/wolfgang-kipferl.de\/sch_aktuell_blog\/?attachment_id=15497'><img loading=\"lazy\" decoding=\"async\" width=\"150\" height=\"150\" src=\"https:\/\/wolfgang-kipferl.de\/sch_aktuell_blog\/wp-content\/uploads\/2024\/12\/20241221_WF2024-4-150x150.jpg\" class=\"attachment-thumbnail size-thumbnail\" alt=\"\" aria-describedby=\"gallery-1-15497\" srcset=\"https:\/\/wolfgang-kipferl.de\/sch_aktuell_blog\/wp-content\/uploads\/2024\/12\/20241221_WF2024-4-150x150.jpg 150w, https:\/\/wolfgang-kipferl.de\/sch_aktuell_blog\/wp-content\/uploads\/2024\/12\/20241221_WF2024-4-144x144.jpg 144w\" sizes=\"auto, (max-width: 150px) 100vw, 150px\" \/><\/a>\n\t\t\t<\/dt>\n\t\t\t\t<dd class='wp-caption-text gallery-caption' id='gallery-1-15497'>\n\t\t\t\tSiegerehrung Vereinspokal\n\t\t\t\t<\/dd><\/dl><dl class='gallery-item'>\n\t\t\t<dt class='gallery-icon landscape'>\n\t\t\t\t<a href='https:\/\/wolfgang-kipferl.de\/sch_aktuell_blog\/?attachment_id=15498'><img loading=\"lazy\" decoding=\"async\" width=\"150\" height=\"150\" src=\"https:\/\/wolfgang-kipferl.de\/sch_aktuell_blog\/wp-content\/uploads\/2024\/12\/20241221_WF2024-5-150x150.jpg\" class=\"attachment-thumbnail size-thumbnail\" alt=\"\" aria-describedby=\"gallery-1-15498\" srcset=\"https:\/\/wolfgang-kipferl.de\/sch_aktuell_blog\/wp-content\/uploads\/2024\/12\/20241221_WF2024-5-150x150.jpg 150w, https:\/\/wolfgang-kipferl.de\/sch_aktuell_blog\/wp-content\/uploads\/2024\/12\/20241221_WF2024-5-144x144.jpg 144w\" sizes=\"auto, (max-width: 150px) 100vw, 150px\" \/><\/a>\n\t\t\t<\/dt>\n\t\t\t\t<dd class='wp-caption-text gallery-caption' id='gallery-1-15498'>\n\t\t\t\tSiegerehrung BlitzVM\n\t\t\t\t<\/dd><\/dl><br style=\"clear: both\" \/><dl class='gallery-item'>\n\t\t\t<dt class='gallery-icon landscape'>\n\t\t\t\t<a href='https:\/\/wolfgang-kipferl.de\/sch_aktuell_blog\/?attachment_id=15494'><img loading=\"lazy\" decoding=\"async\" width=\"150\" height=\"150\" src=\"https:\/\/wolfgang-kipferl.de\/sch_aktuell_blog\/wp-content\/uploads\/2024\/12\/20241221_WF2024-1-150x150.jpg\" class=\"attachment-thumbnail size-thumbnail\" alt=\"\" aria-describedby=\"gallery-1-15494\" srcset=\"https:\/\/wolfgang-kipferl.de\/sch_aktuell_blog\/wp-content\/uploads\/2024\/12\/20241221_WF2024-1-150x150.jpg 150w, https:\/\/wolfgang-kipferl.de\/sch_aktuell_blog\/wp-content\/uploads\/2024\/12\/20241221_WF2024-1-144x144.jpg 144w\" sizes=\"auto, (max-width: 150px) 100vw, 150px\" \/><\/a>\n\t\t\t<\/dt>\n\t\t\t\t<dd class='wp-caption-text gallery-caption' id='gallery-1-15494'>\n\t\t\t\tSiegerehrung JugendSM Gruppe I\n\t\t\t\t<\/dd><\/dl><dl class='gallery-item'>\n\t\t\t<dt class='gallery-icon landscape'>\n\t\t\t\t<a href='https:\/\/wolfgang-kipferl.de\/sch_aktuell_blog\/?attachment_id=15495'><img loading=\"lazy\" decoding=\"async\" width=\"150\" height=\"150\" src=\"https:\/\/wolfgang-kipferl.de\/sch_aktuell_blog\/wp-content\/uploads\/2024\/12\/20241221_WF2024-2-150x150.jpg\" class=\"attachment-thumbnail size-thumbnail\" alt=\"\" aria-describedby=\"gallery-1-15495\" srcset=\"https:\/\/wolfgang-kipferl.de\/sch_aktuell_blog\/wp-content\/uploads\/2024\/12\/20241221_WF2024-2-150x150.jpg 150w, https:\/\/wolfgang-kipferl.de\/sch_aktuell_blog\/wp-content\/uploads\/2024\/12\/20241221_WF2024-2-144x144.jpg 144w\" sizes=\"auto, (max-width: 150px) 100vw, 150px\" \/><\/a>\n\t\t\t<\/dt>\n\t\t\t\t<dd class='wp-caption-text gallery-caption' id='gallery-1-15495'>\n\t\t\t\tSiegerehrung JugendSM Gruppe II\n\t\t\t\t<\/dd><\/dl><dl class='gallery-item'>\n\t\t\t<dt class='gallery-icon landscape'>\n\t\t\t\t<a href='https:\/\/wolfgang-kipferl.de\/sch_aktuell_blog\/?attachment_id=15499'><img loading=\"lazy\" decoding=\"async\" width=\"150\" height=\"150\" src=\"https:\/\/wolfgang-kipferl.de\/sch_aktuell_blog\/wp-content\/uploads\/2024\/12\/20241221_WF2024-6-150x150.jpg\" class=\"attachment-thumbnail size-thumbnail\" alt=\"\" aria-describedby=\"gallery-1-15499\" srcset=\"https:\/\/wolfgang-kipferl.de\/sch_aktuell_blog\/wp-content\/uploads\/2024\/12\/20241221_WF2024-6-150x150.jpg 150w, https:\/\/wolfgang-kipferl.de\/sch_aktuell_blog\/wp-content\/uploads\/2024\/12\/20241221_WF2024-6-144x144.jpg 144w\" sizes=\"auto, (max-width: 150px) 100vw, 150px\" \/><\/a>\n\t\t\t<\/dt>\n\t\t\t\t<dd class='wp-caption-text gallery-caption' id='gallery-1-15499'>\n\t\t\t\tEin weiterer Pokal als bester Jugendlicher der SM&#8230;\n\t\t\t\t<\/dd><\/dl><br style=\"clear: both\" \/><dl class='gallery-item'>\n\t\t\t<dt class='gallery-icon landscape'>\n\t\t\t\t<a href='https:\/\/wolfgang-kipferl.de\/sch_aktuell_blog\/?attachment_id=15500'><img loading=\"lazy\" decoding=\"async\" width=\"150\" height=\"150\" src=\"https:\/\/wolfgang-kipferl.de\/sch_aktuell_blog\/wp-content\/uploads\/2024\/12\/20241221_WF2024-7-150x150.jpg\" class=\"attachment-thumbnail size-thumbnail\" alt=\"\" aria-describedby=\"gallery-1-15500\" srcset=\"https:\/\/wolfgang-kipferl.de\/sch_aktuell_blog\/wp-content\/uploads\/2024\/12\/20241221_WF2024-7-150x150.jpg 150w, https:\/\/wolfgang-kipferl.de\/sch_aktuell_blog\/wp-content\/uploads\/2024\/12\/20241221_WF2024-7-144x144.jpg 144w\" sizes=\"auto, (max-width: 150px) 100vw, 150px\" \/><\/a>\n\t\t\t<\/dt>\n\t\t\t\t<dd class='wp-caption-text gallery-caption' id='gallery-1-15500'>\n\t\t\t\tSiegerehrung SM\n\t\t\t\t<\/dd><\/dl><dl class='gallery-item'>\n\t\t\t<dt class='gallery-icon landscape'>\n\t\t\t\t<a href='https:\/\/wolfgang-kipferl.de\/sch_aktuell_blog\/?attachment_id=15501'><img loading=\"lazy\" decoding=\"async\" width=\"150\" height=\"150\" src=\"https:\/\/wolfgang-kipferl.de\/sch_aktuell_blog\/wp-content\/uploads\/2024\/12\/20241221_WF2024-8-150x150.jpg\" class=\"attachment-thumbnail size-thumbnail\" alt=\"\" aria-describedby=\"gallery-1-15501\" srcset=\"https:\/\/wolfgang-kipferl.de\/sch_aktuell_blog\/wp-content\/uploads\/2024\/12\/20241221_WF2024-8-150x150.jpg 150w, https:\/\/wolfgang-kipferl.de\/sch_aktuell_blog\/wp-content\/uploads\/2024\/12\/20241221_WF2024-8-144x144.jpg 144w\" sizes=\"auto, (max-width: 150px) 100vw, 150px\" \/><\/a>\n\t\t\t<\/dt>\n\t\t\t\t<dd class='wp-caption-text gallery-caption' id='gallery-1-15501'>\n\t\t\t\tSiegerehrung Blitz-SM\n\t\t\t\t<\/dd><\/dl>\n\t\t\t<br style='clear: both' \/>\n\t\t<\/div>\n\n<h3>Related Images:<\/h3>","protected":false},"excerpt":{"rendered":"<p>Bei der traditionellen Weihnachtsfeier des Schachklubs Neumarkt im Gasthof Hiereth durfte 1.Vorsitzender Sebastian M\u00f6sl knapp 70 Mitglieder begr\u00fc\u00dfen. In seinem Jahresr\u00fcckblick konnte er wieder von zahlreichen Erfolgen und Aktivit\u00e4ten des Vereins berichten. Es wurden die Sieger der diesj\u00e4hrgen Vereins- und &hellip; <a href=\"https:\/\/wolfgang-kipferl.de\/sch_aktuell_blog\/?p=15488\">Continue reading<\/a><\/p>\n","protected":false},"author":4,"featured_media":0,"comment_status":"closed","ping_status":"closed","sticky":false,"template":"","format":"standard","meta":{"ngg_post_thumbnail":0,"footnotes":""},"categories":[87],"tags":[],"class_list":["post-15488","post","type-post","status-publish","format-standard","hentry","category-saison-24-25"],"_links":{"self":[{"href":"https:\/\/wolfgang-kipferl.de\/sch_aktuell_blog\/index.php?rest_route=\/wp\/v2\/posts\/15488","targetHints":{"allow":["GET"]}}],"collection":[{"href":"https:\/\/wolfgang-kipferl.de\/sch_aktuell_blog\/index.php?rest_route=\/wp\/v2\/posts"}],"about":[{"href":"https:\/\/wolfgang-kipferl.de\/sch_aktuell_blog\/index.php?rest_route=\/wp\/v2\/types\/post"}],"author":[{"embeddable":true,"href":"https:\/\/wolfgang-kipferl.de\/sch_aktuell_blog\/index.php?rest_route=\/wp\/v2\/users\/4"}],"replies":[{"embeddable":true,"href":"https:\/\/wolfgang-kipferl.de\/sch_aktuell_blog\/index.php?rest_route=%2Fwp%2Fv2%2Fcomments&post=15488"}],"version-history":[{"count":3,"href":"https:\/\/wolfgang-kipferl.de\/sch_aktuell_blog\/index.php?rest_route=\/wp\/v2\/posts\/15488\/revisions"}],"predecessor-version":[{"id":15502,"href":"https:\/\/wolfgang-kipferl.de\/sch_aktuell_blog\/index.php?rest_route=\/wp\/v2\/posts\/15488\/revisions\/15502"}],"wp:attachment":[{"href":"https:\/\/wolfgang-kipferl.de\/sch_aktuell_blog\/index.php?rest_route=%2Fwp%2Fv2%2Fmedia&parent=15488"}],"wp:term":[{"taxonomy":"category","embeddable":true,"href":"https:\/\/wolfgang-kipferl.de\/sch_aktuell_blog\/index.php?rest_route=%2Fwp%2Fv2%2Fcategories&post=15488"},{"taxonomy":"post_tag","embeddable":true,"href":"https:\/\/wolfgang-kipferl.de\/sch_aktuell_blog\/index.php?rest_route=%2Fwp%2Fv2%2Ftags&post=15488"}],"curies":[{"name":"wp","href":"https:\/\/api.w.org\/{rel}","templated":true}]}}