{"id":16108,"date":"2025-07-26T10:26:16","date_gmt":"2025-07-26T10:26:16","guid":{"rendered":"https:\/\/wolfgang-kipferl.de\/sch_aktuell_blog\/?p=16108"},"modified":"2025-07-26T10:26:16","modified_gmt":"2025-07-26T10:26:16","slug":"lenz-wastl-gedaechtnis-turnier-3-2025-ralf-seitner-verteidigt-den-titel","status":"publish","type":"post","link":"https:\/\/wolfgang-kipferl.de\/sch_aktuell_blog\/?p=16108","title":{"rendered":"Lenz-Wastl-Ged\u00e4chtnis-Turnier 3 2025 &#8211; Ralf Seitner verteidigt den Titel!"},"content":{"rendered":"\n<p class=\"has-medium-font-size\">Mit dem gestrigen Schnellschach-Turnier ging die diesj\u00e4hrige Lenz-Wastl-Ged\u00e4chtnis-Serie zu Ende.<br>Acht Teilnehmer fanden sich ein, um den Gesamtsieg auszuk\u00e4mpfen. Realistische Chancen ausrechnen konnten sich noch Ralf Seitner, Jozef Smyk und Andi Hierl. Am Ende war es wieder Ralf, der das Turnier letztlich souver\u00e4n gewann, weil seine Konkurrenten teiweise \u00fcberraschen Punkte liegen lie\u00dfen.<\/p>\n\n\n\n<figure class=\"wp-block-image size-full\"><img loading=\"lazy\" decoding=\"async\" width=\"590\" height=\"671\" src=\"https:\/\/wolfgang-kipferl.de\/sch_aktuell_blog\/wp-content\/uploads\/2025\/07\/image-4.png\" alt=\"\" class=\"wp-image-16109\" srcset=\"https:\/\/wolfgang-kipferl.de\/sch_aktuell_blog\/wp-content\/uploads\/2025\/07\/image-4.png 590w, https:\/\/wolfgang-kipferl.de\/sch_aktuell_blog\/wp-content\/uploads\/2025\/07\/image-4-264x300.png 264w\" sizes=\"auto, (max-width: 590px) 100vw, 590px\" \/><\/figure>\n\n\n\n<h2 class=\"wp-block-heading\">Geamtwertung<\/h2>\n\n\n\n<p class=\"has-medium-font-size\">Mit zwei Turniersiegen ist <b>Ralf Seitner nat\u00fcrlich &#8211; wie auch im Vorjahr auch der Gesamtsieger der Serie! Herzlichen Gl\u00fcckwunsch!<\/b><\/p>\n\n\n\n<figure class=\"wp-block-image size-full\"><img loading=\"lazy\" decoding=\"async\" width=\"897\" height=\"594\" src=\"https:\/\/wolfgang-kipferl.de\/sch_aktuell_blog\/wp-content\/uploads\/2025\/07\/image-5.png\" alt=\"\" class=\"wp-image-16110\" srcset=\"https:\/\/wolfgang-kipferl.de\/sch_aktuell_blog\/wp-content\/uploads\/2025\/07\/image-5.png 897w, https:\/\/wolfgang-kipferl.de\/sch_aktuell_blog\/wp-content\/uploads\/2025\/07\/image-5-300x199.png 300w, https:\/\/wolfgang-kipferl.de\/sch_aktuell_blog\/wp-content\/uploads\/2025\/07\/image-5-768x509.png 768w\" sizes=\"auto, (max-width: 897px) 100vw, 897px\" \/><\/figure>\n\n\n\n<p><\/p>\n\n\n\n<figure class=\"wp-block-image size-large\"><img loading=\"lazy\" decoding=\"async\" width=\"1024\" height=\"768\" src=\"https:\/\/wolfgang-kipferl.de\/sch_aktuell_blog\/wp-content\/uploads\/2025\/07\/WhatsApp-Image-2025-07-26-at-11.27.21-1-1024x768.jpeg\" alt=\"\" class=\"wp-image-16113\" srcset=\"https:\/\/wolfgang-kipferl.de\/sch_aktuell_blog\/wp-content\/uploads\/2025\/07\/WhatsApp-Image-2025-07-26-at-11.27.21-1-1024x768.jpeg 1024w, https:\/\/wolfgang-kipferl.de\/sch_aktuell_blog\/wp-content\/uploads\/2025\/07\/WhatsApp-Image-2025-07-26-at-11.27.21-1-300x225.jpeg 300w, https:\/\/wolfgang-kipferl.de\/sch_aktuell_blog\/wp-content\/uploads\/2025\/07\/WhatsApp-Image-2025-07-26-at-11.27.21-1-768x576.jpeg 768w, https:\/\/wolfgang-kipferl.de\/sch_aktuell_blog\/wp-content\/uploads\/2025\/07\/WhatsApp-Image-2025-07-26-at-11.27.21-1-1536x1152.jpeg 1536w, https:\/\/wolfgang-kipferl.de\/sch_aktuell_blog\/wp-content\/uploads\/2025\/07\/WhatsApp-Image-2025-07-26-at-11.27.21-1.jpeg 2000w\" sizes=\"auto, (max-width: 1024px) 100vw, 1024px\" \/><figcaption class=\"wp-element-caption\"><em>Von links nach rechts: Andi Hierl (3.Platz), Ralf Seitner (1. Platz), Jozef Smyk (2. Platz)<\/em><\/figcaption><\/figure>\n\n\n\n<p class=\"has-medium-font-size\">F\u00fcr die Super-Cup-Wertung war das gestrige Turnier wegen der <a href=\"https:\/\/wolfgang-kipferl.de\/sch_aktuell_blog\/?p=15550#supercupregeln\" target=\"_blank\" rel=\"noreferrer noopener\">Streichwertungsregelung<\/a> vor allem f\u00fcr Jozef ein Erfolg,  da er seinen schwachen Auftritt im zweiten Turnier ausb\u00fcgeln, aber Ralf sich kaum verbessern konnte. Jozef hat seinen Vorsprung in der Gesamtwertung vor Ralf auf 14 Punkte ausgebaut und ist in der Rapidwertung mit Ralf gleichgezogen.<\/p>\n\n\n\n<div data-wp-interactive=\"core\/file\" class=\"wp-block-file\"><object data-wp-bind--hidden=\"!state.hasPdfPreview\" hidden class=\"wp-block-file__embed\" data=\"https:\/\/wolfgang-kipferl.de\/sch_aktuell_blog\/wp-content\/uploads\/2025\/07\/ccc25.pdf\" type=\"application\/pdf\" style=\"width:100%;height:600px\" aria-label=\"Einbettung von ccc25.\"><\/object><a id=\"wp-block-file--media-9ad5f026-514f-4490-8970-45af68f6dec2\" href=\"https:\/\/wolfgang-kipferl.de\/sch_aktuell_blog\/wp-content\/uploads\/2025\/07\/ccc25.pdf\">ccc25<\/a><a href=\"https:\/\/wolfgang-kipferl.de\/sch_aktuell_blog\/wp-content\/uploads\/2025\/07\/ccc25.pdf\" class=\"wp-block-file__button wp-element-button\" download aria-describedby=\"wp-block-file--media-9ad5f026-514f-4490-8970-45af68f6dec2\">Herunterladen<\/a><\/div>\n\n\n\n<p><\/p>\n<h3>Related Images:<\/h3>","protected":false},"excerpt":{"rendered":"<p>Mit dem gestrigen Schnellschach-Turnier ging die diesj\u00e4hrige Lenz-Wastl-Ged\u00e4chtnis-Serie zu Ende.Acht Teilnehmer fanden sich ein, um den Gesamtsieg auszuk\u00e4mpfen. Realistische Chancen ausrechnen konnten sich noch Ralf Seitner, Jozef Smyk und Andi Hierl. Am Ende war es wieder Ralf, der das Turnier &hellip; <a href=\"https:\/\/wolfgang-kipferl.de\/sch_aktuell_blog\/?p=16108\">Continue reading<\/a><\/p>\n","protected":false},"author":15,"featured_media":0,"comment_status":"closed","ping_status":"closed","sticky":false,"template":"","format":"standard","meta":{"ngg_post_thumbnail":0,"footnotes":""},"categories":[1,87,89],"tags":[],"class_list":["post-16108","post","type-post","status-publish","format-standard","hentry","category-allgemein","category-saison-24-25","category-turniere-24-25"],"_links":{"self":[{"href":"https:\/\/wolfgang-kipferl.de\/sch_aktuell_blog\/index.php?rest_route=\/wp\/v2\/posts\/16108","targetHints":{"allow":["GET"]}}],"collection":[{"href":"https:\/\/wolfgang-kipferl.de\/sch_aktuell_blog\/index.php?rest_route=\/wp\/v2\/posts"}],"about":[{"href":"https:\/\/wolfgang-kipferl.de\/sch_aktuell_blog\/index.php?rest_route=\/wp\/v2\/types\/post"}],"author":[{"embeddable":true,"href":"https:\/\/wolfgang-kipferl.de\/sch_aktuell_blog\/index.php?rest_route=\/wp\/v2\/users\/15"}],"replies":[{"embeddable":true,"href":"https:\/\/wolfgang-kipferl.de\/sch_aktuell_blog\/index.php?rest_route=%2Fwp%2Fv2%2Fcomments&post=16108"}],"version-history":[{"count":6,"href":"https:\/\/wolfgang-kipferl.de\/sch_aktuell_blog\/index.php?rest_route=\/wp\/v2\/posts\/16108\/revisions"}],"predecessor-version":[{"id":16121,"href":"https:\/\/wolfgang-kipferl.de\/sch_aktuell_blog\/index.php?rest_route=\/wp\/v2\/posts\/16108\/revisions\/16121"}],"wp:attachment":[{"href":"https:\/\/wolfgang-kipferl.de\/sch_aktuell_blog\/index.php?rest_route=%2Fwp%2Fv2%2Fmedia&parent=16108"}],"wp:term":[{"taxonomy":"category","embeddable":true,"href":"https:\/\/wolfgang-kipferl.de\/sch_aktuell_blog\/index.php?rest_route=%2Fwp%2Fv2%2Fcategories&post=16108"},{"taxonomy":"post_tag","embeddable":true,"href":"https:\/\/wolfgang-kipferl.de\/sch_aktuell_blog\/index.php?rest_route=%2Fwp%2Fv2%2Ftags&post=16108"}],"curies":[{"name":"wp","href":"https:\/\/api.w.org\/{rel}","templated":true}]}}