{"id":16187,"date":"2025-09-07T09:40:22","date_gmt":"2025-09-07T09:40:22","guid":{"rendered":"https:\/\/wolfgang-kipferl.de\/sch_aktuell_blog\/?p=16187"},"modified":"2025-09-07T09:40:22","modified_gmt":"2025-09-07T09:40:22","slug":"ausschreibung-zur-offenen-neumarkter-stadtmeisterschaft-2025","status":"publish","type":"post","link":"https:\/\/wolfgang-kipferl.de\/sch_aktuell_blog\/?p=16187","title":{"rendered":"Ausschreibung zur Offenen Neumarkter Stadtmeisterschaft 2025"},"content":{"rendered":"\n<p class=\"has-medium-font-size\"><\/p>\n\n\n\n<ul class=\"wp-block-list\">\n<li class=\"has-medium-font-size\"><mark style=\"background-color:#fcb900\" class=\"has-inline-color has-vivid-red-color\">Modus<\/mark>:\n<ul class=\"wp-block-list\">\n<li class=\"has-medium-font-size\">7 Runden Schweizer System<\/li>\n\n\n\n<li class=\"has-medium-font-size\">(abh\u00e4ngig von der Zahl der Teilnehmer beh\u00e4lt sich die Turnierleitung vor, die Rundenzahl zu reduzieren)<\/li>\n\n\n\n<li class=\"has-medium-font-size\">FIDE-Regeln<\/li>\n\n\n\n<li class=\"has-medium-font-size\">DWZ-Auswertung<\/li>\n<\/ul>\n<\/li>\n\n\n\n<li class=\"has-medium-font-size\"><mark style=\"background-color:#fcb900\" class=\"has-inline-color has-vivid-red-color\">Termine<\/mark>: Jeweils freitags\n<ul class=\"wp-block-list\">\n<li class=\"has-medium-font-size\">Runde 1: 19.09.<\/li>\n\n\n\n<li class=\"has-medium-font-size\">Runde 2: 26.09.<\/li>\n\n\n\n<li class=\"has-medium-font-size\">Runde 3: 17.10.<\/li>\n\n\n\n<li class=\"has-medium-font-size\">Runde 4: 24.10.<\/li>\n\n\n\n<li class=\"has-medium-font-size\">Runde 5: 07.11.<\/li>\n\n\n\n<li class=\"has-medium-font-size\">Runde 6: 21.11.<\/li>\n\n\n\n<li class=\"has-medium-font-size\">Runde 7: 12.12.<\/li>\n\n\n\n<li class=\"has-medium-font-size\"><mark style=\"background-color:#fcb900\" class=\"has-inline-color has-vivid-red-color\">Nachholtermine<\/mark>:\n<ul class=\"wp-block-list\">\n<li class=\"has-medium-font-size\">03.10.<\/li>\n\n\n\n<li class=\"has-medium-font-size\">31.10.<\/li>\n\n\n\n<li class=\"has-medium-font-size\">28.11.<\/li>\n<\/ul>\n<\/li>\n<\/ul>\n<\/li>\n\n\n\n<li class=\"has-medium-font-size\"><mark style=\"background-color:#fcb900\" class=\"has-inline-color has-vivid-red-color\">Spielbeginn<\/mark><strong>:<\/strong> 19:30 Uhr<\/li>\n\n\n\n<li class=\"has-medium-font-size\"><mark style=\"background-color:#fcb900\" class=\"has-inline-color has-vivid-red-color\">Bedenkzeit<\/mark><strong>:<\/strong>\n<ul class=\"wp-block-list\">\n<li class=\"has-medium-font-size\">90 Minuten f\u00fcr 40 Z\u00fcge, 30 Minuten f\u00fcr den Rest der Partie<\/li>\n\n\n\n<li class=\"has-medium-font-size\">30 Sekunden Inkrement ab Zug 1<\/li>\n<\/ul>\n<\/li>\n\n\n\n<li class=\"has-medium-font-size\"><mark style=\"background-color:#fcb900\" class=\"has-inline-color has-vivid-red-color\">Startgeld<\/mark><strong>:<\/strong>\n<ul class=\"wp-block-list\">\n<li class=\"has-medium-font-size\">Erwachsene 5\u20ac, Jugendliche 2,50\u20ac<\/li>\n<\/ul>\n<\/li>\n\n\n\n<li class=\"has-medium-font-size\"><mark style=\"background-color:#fcb900\" class=\"has-inline-color has-vivid-red-color\">Preise<\/mark><strong>:<\/strong>\n<ul class=\"wp-block-list\">\n<li class=\"has-medium-font-size\">Pokale erhalten der Stadtmeister und der beste Jugendliche.<\/li>\n\n\n\n<li class=\"has-medium-font-size\">Zudem erhalten alle Teilnehmer Sachpreise!<\/li>\n<\/ul>\n<\/li>\n\n\n\n<li class=\"has-medium-font-size\"><mark style=\"background-color:#fcb900\" class=\"has-inline-color has-vivid-red-color\">Meldeschluss<\/mark><strong>: <\/strong>Freitag, 19.09. um 19:15 Uhr<\/li>\n\n\n\n<li class=\"has-medium-font-size\"><mark style=\"background-color:#fcb900\" class=\"has-inline-color has-vivid-red-color\">Voranmeldung<\/mark><strong>:<\/strong>\n<ul class=\"wp-block-list\">\n<li class=\"has-medium-font-size\">Es wird um Voranmeldung bis zum 12.09.2025 beim Turnierleiter gebeten.<\/li>\n<\/ul>\n<\/li>\n\n\n\n<li class=\"has-medium-font-size\"><mark style=\"background-color:#fcb900\" class=\"has-inline-color has-vivid-red-color\">Turnierleitung<\/mark><strong>:<\/strong>\n<ul class=\"wp-block-list\">\n<li class=\"has-medium-font-size\">Mattias Birkner (Tel: 0176\/46976455, eMail:mattias.birkner(at)gmx.de)<\/li>\n<\/ul>\n<\/li>\n\n\n\n<li class=\"has-medium-font-size\"><mark style=\"background-color:#fcb900\" class=\"has-inline-color has-vivid-red-color\">Sonstiges:<\/mark>\n<ul class=\"wp-block-list\">\n<li class=\"has-medium-font-size\">Verschiebungen von Partien sind nur nach R\u00fccksprache mit dem Turnierleiter m\u00f6glich. Die letzte Runde kann nicht nachgespielt werden.Das Turnier f\u00fcr den SKN-Super-Cup gewertet.<br><br><\/li>\n<\/ul>\n<\/li>\n<\/ul>\n\n\n\n<div data-wp-interactive=\"core\/file\" class=\"wp-block-file\"><object data-wp-bind--hidden=\"!state.hasPdfPreview\" hidden class=\"wp-block-file__embed\" data=\"https:\/\/wolfgang-kipferl.de\/sch_aktuell_blog\/wp-content\/uploads\/2025\/09\/Ausschreibung_SM25.pdf\" type=\"application\/pdf\" style=\"width:100%;height:600px\" aria-label=\"Einbettung von Ausschreibung_SM25.\"><\/object><a id=\"wp-block-file--media-25b56d1a-928d-401f-8db5-7c636642ddfb\" href=\"https:\/\/wolfgang-kipferl.de\/sch_aktuell_blog\/wp-content\/uploads\/2025\/09\/Ausschreibung_SM25.pdf\">Ausschreibung_SM25<\/a><a href=\"https:\/\/wolfgang-kipferl.de\/sch_aktuell_blog\/wp-content\/uploads\/2025\/09\/Ausschreibung_SM25.pdf\" class=\"wp-block-file__button wp-element-button\" download aria-describedby=\"wp-block-file--media-25b56d1a-928d-401f-8db5-7c636642ddfb\">Herunterladen<\/a><\/div>\n<h3>Related Images:<\/h3>","protected":false},"excerpt":{"rendered":"<p>Related Images:<\/p>\n","protected":false},"author":15,"featured_media":0,"comment_status":"closed","ping_status":"closed","sticky":false,"template":"","format":"standard","meta":{"ngg_post_thumbnail":0,"footnotes":""},"categories":[1,87,89],"tags":[],"class_list":["post-16187","post","type-post","status-publish","format-standard","hentry","category-allgemein","category-saison-24-25","category-turniere-24-25"],"_links":{"self":[{"href":"https:\/\/wolfgang-kipferl.de\/sch_aktuell_blog\/index.php?rest_route=\/wp\/v2\/posts\/16187","targetHints":{"allow":["GET"]}}],"collection":[{"href":"https:\/\/wolfgang-kipferl.de\/sch_aktuell_blog\/index.php?rest_route=\/wp\/v2\/posts"}],"about":[{"href":"https:\/\/wolfgang-kipferl.de\/sch_aktuell_blog\/index.php?rest_route=\/wp\/v2\/types\/post"}],"author":[{"embeddable":true,"href":"https:\/\/wolfgang-kipferl.de\/sch_aktuell_blog\/index.php?rest_route=\/wp\/v2\/users\/15"}],"replies":[{"embeddable":true,"href":"https:\/\/wolfgang-kipferl.de\/sch_aktuell_blog\/index.php?rest_route=%2Fwp%2Fv2%2Fcomments&post=16187"}],"version-history":[{"count":9,"href":"https:\/\/wolfgang-kipferl.de\/sch_aktuell_blog\/index.php?rest_route=\/wp\/v2\/posts\/16187\/revisions"}],"predecessor-version":[{"id":16197,"href":"https:\/\/wolfgang-kipferl.de\/sch_aktuell_blog\/index.php?rest_route=\/wp\/v2\/posts\/16187\/revisions\/16197"}],"wp:attachment":[{"href":"https:\/\/wolfgang-kipferl.de\/sch_aktuell_blog\/index.php?rest_route=%2Fwp%2Fv2%2Fmedia&parent=16187"}],"wp:term":[{"taxonomy":"category","embeddable":true,"href":"https:\/\/wolfgang-kipferl.de\/sch_aktuell_blog\/index.php?rest_route=%2Fwp%2Fv2%2Fcategories&post=16187"},{"taxonomy":"post_tag","embeddable":true,"href":"https:\/\/wolfgang-kipferl.de\/sch_aktuell_blog\/index.php?rest_route=%2Fwp%2Fv2%2Ftags&post=16187"}],"curies":[{"name":"wp","href":"https:\/\/api.w.org\/{rel}","templated":true}]}}