{"id":16306,"date":"2025-10-14T20:11:46","date_gmt":"2025-10-14T20:11:46","guid":{"rendered":"https:\/\/wolfgang-kipferl.de\/sch_aktuell_blog\/?p=16306"},"modified":"2025-10-14T20:11:46","modified_gmt":"2025-10-14T20:11:46","slug":"regionalliga-nordost-runde-1-2","status":"publish","type":"post","link":"https:\/\/wolfgang-kipferl.de\/sch_aktuell_blog\/?p=16306","title":{"rendered":"Regionalliga Nordost \u2013 Runde 1"},"content":{"rendered":"<p>Zum zweiten Mal in der Vereinsgeschichte geht unsere erste Mannschaft in der Regionalliga Nordost an den Start. Wie schon bei der Premiere vor zwei Jahren gab es zum Auftakt eine \u00e4rgerliche 3,5:4,5 Niederlage. Diesmal empfingen wir die Erste der SG B\u00fcchenbach\/Roth, mit der wir uns zuletzt 2001 in der Bezirksliga 2b duelliert hatten. Von der Papierform her lagen wir eng beieinander und so war es bis zum Schluss erwartungsgem\u00e4\u00df spannend. F\u00fcr die unerwartet fr\u00fche F\u00fchrung sorgte Nachwuchstalen Andreas Hierl, der bei seinem ersten Einsatz als Stammspieler in der Ersten gleich zuschlug. Mit einem doppelten L\u00e4uferopfer r\u00e4umte er die c-Linie und gewann so die gegnerische Dame. Die Partie von Ralf Seitner befand sich stets im Gleichgewicht und so wurde nach dem Generalabtausch der Schwerfiguren der Punkt geteilt. Ein weiteres Remis gab es bei Andreas Niebler, nachdem beide Spieler schon viel Bedenkzeit verbraucht hatten und die bevorstehenden Komplikationen schwer abzusch\u00e4tzen waren. Undurchsichtig wer auf Gewinn spielen kann war es auch bei Martin Simon, was zum n\u00e4chsten Friedensschluss f\u00fchrte. Daf\u00fcr \u00fcbernahm Sebastian M\u00f6sl im Mittelspiel unter Ausnutzung der geschw\u00e4chten schwarzen Felder die Initiative. Im folgenden Angriff konnte er die gegnerische K\u00f6nigsstellung \u00f6ffnen, \u00fcbersah dabei aber zwei Z\u00fcge lang einen einfachen Damengewinn. Da der wei\u00dfe Monarch aber keinerlei Bauernschutz mehr hatte, fiel das nicht mehr weiter ins Gewicht. Die erste Niederlage musste dann Lorenz Schilay quittieren. Er hatte im taktischen Handgemenge etwas \u00fcbersehen, was ersatzlos zwei Bauern kostete. Erwin Hirn war im Doppelturmendspiel etwas unter Druck, hatte aber gute Chancen den Laden zusammenzuhalten bis ihm doch noch der entscheidende Fehler unterlief. Jozef Smyk hatte im Endspiel zun\u00e4chst Chancen in Vorteil zu kommen, w\u00e4hlte aber das falsche Springerman\u00f6ver. Sp\u00e4ter erlaubte er dem gegnerischen K\u00f6nig am Damenfl\u00fcgel einzudringen, wonach die Stellung nicht mehr zu halten war. Damit standen wir am Ende leider mit leeren H\u00e4nden da, wo doch mindestens ein Punkt in greifbarer N\u00e4he war.<\/p>\n<p><a href=\"https:\/\/www.ligamanager.schachbund-bayern.de\/bsb\/ergebnisse\/spielplan.htm?ligaId=2489\" target=\"_blank\">Regionalliga Nordost<\/a><\/p>\n<p>\n\t\t<style type=\"text\/css\">\n\t\t\t#gallery-1 {\n\t\t\t\tmargin: auto;\n\t\t\t}\n\t\t\t#gallery-1 .gallery-item {\n\t\t\t\tfloat: left;\n\t\t\t\tmargin-top: 10px;\n\t\t\t\ttext-align: center;\n\t\t\t\twidth: 33%;\n\t\t\t}\n\t\t\t#gallery-1 img {\n\t\t\t\tborder: 2px solid #cfcfcf;\n\t\t\t}\n\t\t\t#gallery-1 .gallery-caption {\n\t\t\t\tmargin-left: 0;\n\t\t\t}\n\t\t\t\/* see gallery_shortcode() in wp-includes\/media.php *\/\n\t\t<\/style>\n\t\t<div id='gallery-1' class='gallery galleryid-16306 gallery-columns-3 gallery-size-thumbnail'><dl class='gallery-item'>\n\t\t\t<dt class='gallery-icon landscape'>\n\t\t\t\t<a href='https:\/\/wolfgang-kipferl.de\/sch_aktuell_blog\/?attachment_id=16307'><img loading=\"lazy\" decoding=\"async\" width=\"150\" height=\"150\" src=\"https:\/\/wolfgang-kipferl.de\/sch_aktuell_blog\/wp-content\/uploads\/2025\/10\/20251012_RNOR1-1-150x150.jpg\" class=\"attachment-thumbnail size-thumbnail\" alt=\"\" srcset=\"https:\/\/wolfgang-kipferl.de\/sch_aktuell_blog\/wp-content\/uploads\/2025\/10\/20251012_RNOR1-1-150x150.jpg 150w, https:\/\/wolfgang-kipferl.de\/sch_aktuell_blog\/wp-content\/uploads\/2025\/10\/20251012_RNOR1-1-144x144.jpg 144w\" sizes=\"auto, (max-width: 150px) 100vw, 150px\" \/><\/a>\n\t\t\t<\/dt><\/dl><dl class='gallery-item'>\n\t\t\t<dt class='gallery-icon landscape'>\n\t\t\t\t<a href='https:\/\/wolfgang-kipferl.de\/sch_aktuell_blog\/?attachment_id=16308'><img loading=\"lazy\" decoding=\"async\" width=\"150\" height=\"150\" src=\"https:\/\/wolfgang-kipferl.de\/sch_aktuell_blog\/wp-content\/uploads\/2025\/10\/20251012_RNOR1-2-150x150.jpg\" class=\"attachment-thumbnail size-thumbnail\" alt=\"\" srcset=\"https:\/\/wolfgang-kipferl.de\/sch_aktuell_blog\/wp-content\/uploads\/2025\/10\/20251012_RNOR1-2-150x150.jpg 150w, https:\/\/wolfgang-kipferl.de\/sch_aktuell_blog\/wp-content\/uploads\/2025\/10\/20251012_RNOR1-2-144x144.jpg 144w\" sizes=\"auto, (max-width: 150px) 100vw, 150px\" \/><\/a>\n\t\t\t<\/dt><\/dl><dl class='gallery-item'>\n\t\t\t<dt class='gallery-icon landscape'>\n\t\t\t\t<a href='https:\/\/wolfgang-kipferl.de\/sch_aktuell_blog\/?attachment_id=16309'><img loading=\"lazy\" decoding=\"async\" width=\"150\" height=\"150\" src=\"https:\/\/wolfgang-kipferl.de\/sch_aktuell_blog\/wp-content\/uploads\/2025\/10\/20251012_RNOR1-3-150x150.jpg\" class=\"attachment-thumbnail size-thumbnail\" alt=\"\" srcset=\"https:\/\/wolfgang-kipferl.de\/sch_aktuell_blog\/wp-content\/uploads\/2025\/10\/20251012_RNOR1-3-150x150.jpg 150w, https:\/\/wolfgang-kipferl.de\/sch_aktuell_blog\/wp-content\/uploads\/2025\/10\/20251012_RNOR1-3-144x144.jpg 144w\" sizes=\"auto, (max-width: 150px) 100vw, 150px\" \/><\/a>\n\t\t\t<\/dt><\/dl><br style=\"clear: both\" \/>\n\t\t<\/div>\n<br \/>\nBilder von Michael Ludwig<\/p>\n<h3>Related Images:<\/h3>","protected":false},"excerpt":{"rendered":"<p>Zum zweiten Mal in der Vereinsgeschichte geht unsere erste Mannschaft in der Regionalliga Nordost an den Start. Wie schon bei der Premiere vor zwei Jahren gab es zum Auftakt eine \u00e4rgerliche 3,5:4,5 Niederlage. Diesmal empfingen wir die Erste der SG &hellip; <a href=\"https:\/\/wolfgang-kipferl.de\/sch_aktuell_blog\/?p=16306\">Continue reading<\/a><\/p>\n","protected":false},"author":4,"featured_media":0,"comment_status":"closed","ping_status":"closed","sticky":false,"template":"","format":"standard","meta":{"ngg_post_thumbnail":0,"footnotes":""},"categories":[97],"tags":[],"class_list":["post-16306","post","type-post","status-publish","format-standard","hentry","category-saison-25-26"],"_links":{"self":[{"href":"https:\/\/wolfgang-kipferl.de\/sch_aktuell_blog\/index.php?rest_route=\/wp\/v2\/posts\/16306","targetHints":{"allow":["GET"]}}],"collection":[{"href":"https:\/\/wolfgang-kipferl.de\/sch_aktuell_blog\/index.php?rest_route=\/wp\/v2\/posts"}],"about":[{"href":"https:\/\/wolfgang-kipferl.de\/sch_aktuell_blog\/index.php?rest_route=\/wp\/v2\/types\/post"}],"author":[{"embeddable":true,"href":"https:\/\/wolfgang-kipferl.de\/sch_aktuell_blog\/index.php?rest_route=\/wp\/v2\/users\/4"}],"replies":[{"embeddable":true,"href":"https:\/\/wolfgang-kipferl.de\/sch_aktuell_blog\/index.php?rest_route=%2Fwp%2Fv2%2Fcomments&post=16306"}],"version-history":[{"count":1,"href":"https:\/\/wolfgang-kipferl.de\/sch_aktuell_blog\/index.php?rest_route=\/wp\/v2\/posts\/16306\/revisions"}],"predecessor-version":[{"id":16310,"href":"https:\/\/wolfgang-kipferl.de\/sch_aktuell_blog\/index.php?rest_route=\/wp\/v2\/posts\/16306\/revisions\/16310"}],"wp:attachment":[{"href":"https:\/\/wolfgang-kipferl.de\/sch_aktuell_blog\/index.php?rest_route=%2Fwp%2Fv2%2Fmedia&parent=16306"}],"wp:term":[{"taxonomy":"category","embeddable":true,"href":"https:\/\/wolfgang-kipferl.de\/sch_aktuell_blog\/index.php?rest_route=%2Fwp%2Fv2%2Fcategories&post=16306"},{"taxonomy":"post_tag","embeddable":true,"href":"https:\/\/wolfgang-kipferl.de\/sch_aktuell_blog\/index.php?rest_route=%2Fwp%2Fv2%2Ftags&post=16306"}],"curies":[{"name":"wp","href":"https:\/\/api.w.org\/{rel}","templated":true}]}}