{"id":16383,"date":"2025-11-11T21:24:53","date_gmt":"2025-11-11T21:24:53","guid":{"rendered":"https:\/\/wolfgang-kipferl.de\/sch_aktuell_blog\/?p=16383"},"modified":"2025-11-11T21:24:53","modified_gmt":"2025-11-11T21:24:53","slug":"kjem-2025","status":"publish","type":"post","link":"https:\/\/wolfgang-kipferl.de\/sch_aktuell_blog\/?p=16383","title":{"rendered":"KJEM 2025"},"content":{"rendered":"<p>Bei den Kreisjugendmeisterschaften in N\u00fcrnberg nahmen dieses Jahr nur zwei unserer Nachwuchstalente teil, ein trauriger Negativrekord. Daf\u00fcr konnte Ivan Krushevsky in der U18 zum zweiten Mal nach 2022 in der U14 den Titel holen. In der ersten Runde wollte sein junger Gegner zwei Figuren f\u00fcr Turm und Bauer geben, um danach den schwarzen K\u00f6nig anzugreifen, aber Ivan hatte einen Zwischenzug in petto und fortan eine Figur mehr. Es folgte die l\u00e4ngste Partie des Turniers, in der Ivan am K\u00f6ngisfl\u00fcgel angriff und mit insgesamt drei Mehrbauern im Turmendspiel gewann. Tags darauf h\u00e4tte Ivan im Mittelspiel in Schwierigkeiten kommen k\u00f6nnen, doch es gelang ihm bis auf ein Turmpaar alles abzutauschen und einen Bauern zu erobern. Ivan fand um die erste Zeitkontrolle herum jedoch nicht den besten Plan und so blieb ihm nur der Randbauer als Mehrbauer \u00fcbrig. Sein Turm war an die Deckung gebunden, der K\u00f6nig dem Schachregen ausgesetzt und damit war das Endspiel nicht zu gewinnen. Trotzdem ging Ivan als F\u00fchrender in die letzte Partie, in der sein Gegner das Risiko erh\u00f6hen musste, wollte er selbst noch Chancen auf den Titel bewahren. Das Figurenopfer funktionierte objektiv aber einfach nicht, Ivan lie\u00df nichts anbrennen und sicherte sich den Titel.<br \/>\nIn der U12 ging Theo Markert an den Start und gewann seine Auftaktpartie problemlos. Danach hatte er dem Setztlistenersten auf dessen Weg zum Turniersieg mit 100% nichts entgegenzusetzen und in Runde drei kostete eine Er\u00f6ffnungstods\u00fcnde die Partie noch ehe sie wirklich begonnen hatte. Einen Aussetzer gab es auch in der vierten Runde, doch Theo hatte in beinahe aussichtsloser Stellung noch eine Idee und rettete sich mit einem Turmopfer ins Dauerschach. Daf\u00fcr war er zum Auftakt des dritten Turniertags auf einen guten Weg in einem Turmendspiel mit Mehrfreibauer. Leider verzettelte sich Theo, aus dem Mehrbauer wurde ein Minusbauer und der gegnerische Freibauer schaffte es zur Grundreihe. In den letzten beiden Runden nutzte Theo daf\u00fcr konsequent die gegnerischen Fehler und k\u00e4mpfte sich mit 3,5 Punkten noch auf Rang acht nach vorne.<\/p>\n<p><a href=\"https:\/\/www.schachkreis-mittelfranken-mitte.de\/home\/kreis-jugendeinzelmeisterschaft-2025\" target=\"_blank\">Turnierseite<\/a><\/p>\n\n\t\t<style type=\"text\/css\">\n\t\t\t#gallery-1 {\n\t\t\t\tmargin: auto;\n\t\t\t}\n\t\t\t#gallery-1 .gallery-item {\n\t\t\t\tfloat: left;\n\t\t\t\tmargin-top: 10px;\n\t\t\t\ttext-align: center;\n\t\t\t\twidth: 33%;\n\t\t\t}\n\t\t\t#gallery-1 img {\n\t\t\t\tborder: 2px solid #cfcfcf;\n\t\t\t}\n\t\t\t#gallery-1 .gallery-caption {\n\t\t\t\tmargin-left: 0;\n\t\t\t}\n\t\t\t\/* see gallery_shortcode() in wp-includes\/media.php *\/\n\t\t<\/style>\n\t\t<div id='gallery-1' class='gallery galleryid-16383 gallery-columns-3 gallery-size-thumbnail'><dl class='gallery-item'>\n\t\t\t<dt class='gallery-icon landscape'>\n\t\t\t\t<a href='https:\/\/wolfgang-kipferl.de\/sch_aktuell_blog\/?attachment_id=16385'><img loading=\"lazy\" decoding=\"async\" width=\"150\" height=\"150\" src=\"https:\/\/wolfgang-kipferl.de\/sch_aktuell_blog\/wp-content\/uploads\/2025\/11\/20251109_KJEM2025-2-150x150.jpg\" class=\"attachment-thumbnail size-thumbnail\" alt=\"\" srcset=\"https:\/\/wolfgang-kipferl.de\/sch_aktuell_blog\/wp-content\/uploads\/2025\/11\/20251109_KJEM2025-2-150x150.jpg 150w, https:\/\/wolfgang-kipferl.de\/sch_aktuell_blog\/wp-content\/uploads\/2025\/11\/20251109_KJEM2025-2-144x144.jpg 144w\" sizes=\"auto, (max-width: 150px) 100vw, 150px\" \/><\/a>\n\t\t\t<\/dt><\/dl><dl class='gallery-item'>\n\t\t\t<dt class='gallery-icon landscape'>\n\t\t\t\t<a href='https:\/\/wolfgang-kipferl.de\/sch_aktuell_blog\/?attachment_id=16386'><img loading=\"lazy\" decoding=\"async\" width=\"150\" height=\"150\" src=\"https:\/\/wolfgang-kipferl.de\/sch_aktuell_blog\/wp-content\/uploads\/2025\/11\/20251109_KJEM2025-3-150x150.jpg\" class=\"attachment-thumbnail size-thumbnail\" alt=\"\" srcset=\"https:\/\/wolfgang-kipferl.de\/sch_aktuell_blog\/wp-content\/uploads\/2025\/11\/20251109_KJEM2025-3-150x150.jpg 150w, https:\/\/wolfgang-kipferl.de\/sch_aktuell_blog\/wp-content\/uploads\/2025\/11\/20251109_KJEM2025-3-144x144.jpg 144w\" sizes=\"auto, (max-width: 150px) 100vw, 150px\" \/><\/a>\n\t\t\t<\/dt><\/dl><dl class='gallery-item'>\n\t\t\t<dt class='gallery-icon portrait'>\n\t\t\t\t<a href='https:\/\/wolfgang-kipferl.de\/sch_aktuell_blog\/?attachment_id=16384'><img loading=\"lazy\" decoding=\"async\" width=\"150\" height=\"150\" src=\"https:\/\/wolfgang-kipferl.de\/sch_aktuell_blog\/wp-content\/uploads\/2025\/11\/20251109_KJEM2025-1-150x150.jpg\" class=\"attachment-thumbnail size-thumbnail\" alt=\"\" srcset=\"https:\/\/wolfgang-kipferl.de\/sch_aktuell_blog\/wp-content\/uploads\/2025\/11\/20251109_KJEM2025-1-150x150.jpg 150w, https:\/\/wolfgang-kipferl.de\/sch_aktuell_blog\/wp-content\/uploads\/2025\/11\/20251109_KJEM2025-1-144x144.jpg 144w\" sizes=\"auto, (max-width: 150px) 100vw, 150px\" \/><\/a>\n\t\t\t<\/dt><\/dl><br style=\"clear: both\" \/>\n\t\t<\/div>\n\n<h3>Related Images:<\/h3>","protected":false},"excerpt":{"rendered":"<p>Bei den Kreisjugendmeisterschaften in N\u00fcrnberg nahmen dieses Jahr nur zwei unserer Nachwuchstalente teil, ein trauriger Negativrekord. Daf\u00fcr konnte Ivan Krushevsky in der U18 zum zweiten Mal nach 2022 in der U14 den Titel holen. In der ersten Runde wollte sein &hellip; <a href=\"https:\/\/wolfgang-kipferl.de\/sch_aktuell_blog\/?p=16383\">Continue reading<\/a><\/p>\n","protected":false},"author":4,"featured_media":0,"comment_status":"closed","ping_status":"closed","sticky":false,"template":"","format":"standard","meta":{"ngg_post_thumbnail":0,"footnotes":""},"categories":[97],"tags":[],"class_list":["post-16383","post","type-post","status-publish","format-standard","hentry","category-saison-25-26"],"_links":{"self":[{"href":"https:\/\/wolfgang-kipferl.de\/sch_aktuell_blog\/index.php?rest_route=\/wp\/v2\/posts\/16383","targetHints":{"allow":["GET"]}}],"collection":[{"href":"https:\/\/wolfgang-kipferl.de\/sch_aktuell_blog\/index.php?rest_route=\/wp\/v2\/posts"}],"about":[{"href":"https:\/\/wolfgang-kipferl.de\/sch_aktuell_blog\/index.php?rest_route=\/wp\/v2\/types\/post"}],"author":[{"embeddable":true,"href":"https:\/\/wolfgang-kipferl.de\/sch_aktuell_blog\/index.php?rest_route=\/wp\/v2\/users\/4"}],"replies":[{"embeddable":true,"href":"https:\/\/wolfgang-kipferl.de\/sch_aktuell_blog\/index.php?rest_route=%2Fwp%2Fv2%2Fcomments&post=16383"}],"version-history":[{"count":1,"href":"https:\/\/wolfgang-kipferl.de\/sch_aktuell_blog\/index.php?rest_route=\/wp\/v2\/posts\/16383\/revisions"}],"predecessor-version":[{"id":16387,"href":"https:\/\/wolfgang-kipferl.de\/sch_aktuell_blog\/index.php?rest_route=\/wp\/v2\/posts\/16383\/revisions\/16387"}],"wp:attachment":[{"href":"https:\/\/wolfgang-kipferl.de\/sch_aktuell_blog\/index.php?rest_route=%2Fwp%2Fv2%2Fmedia&parent=16383"}],"wp:term":[{"taxonomy":"category","embeddable":true,"href":"https:\/\/wolfgang-kipferl.de\/sch_aktuell_blog\/index.php?rest_route=%2Fwp%2Fv2%2Fcategories&post=16383"},{"taxonomy":"post_tag","embeddable":true,"href":"https:\/\/wolfgang-kipferl.de\/sch_aktuell_blog\/index.php?rest_route=%2Fwp%2Fv2%2Ftags&post=16383"}],"curies":[{"name":"wp","href":"https:\/\/api.w.org\/{rel}","templated":true}]}}