{"id":2966,"date":"2013-02-09T16:58:59","date_gmt":"2013-02-09T16:58:59","guid":{"rendered":"http:\/\/wolfgang-kipferl.de\/sch_aktuell_blog\/?p=2966"},"modified":"2013-02-25T21:46:07","modified_gmt":"2013-02-25T21:46:07","slug":"rapid-neumarkt-2013","status":"publish","type":"post","link":"https:\/\/wolfgang-kipferl.de\/sch_aktuell_blog\/?p=2966","title":{"rendered":"Rapid Neumarkt 2013"},"content":{"rendered":"<p>Zu unserem traditionellen Rapidturnier durften wir dieses Jahr 150 Teilnehmer begr\u00fc\u00dfen, die trotz des obligatorischen Schneefalls den Weg nach Neumarkt gefunden hatten. Nachdem es bei der Anmeldung einen gr\u00f6\u00dferen Stau gegeben hatte, verz\u00f6gerte sich der Beginn leider um fast eine halbe Stunde, doch danach konnte das Turnier reibungslos durchgezogen werden, so dass die letzte Siegerehrung kurz nach 17h \u00fcber die B\u00fchne gegangen war. <\/p>\n<p><!--more--> In der U8 gingen 14 Teilnehmer an den Start und im Vergleich zu den Vorjahren gab es diesmal keinen Favoriten. Zun\u00e4chst schien <strong>Dominik Kodalle<\/strong> (Aschaffenburg-Schweinheim) diese Rolle einzunehmen, der mit drei Siegen stark begann. Auch in Runde vier gegen <strong>Eric Frauenknecht<\/strong> (SV Weichering) stand Dominik sehr gut, griff mit Dame und Springer an und sagte matt. Doch leider hatte er dabei \u00fcbersehen, dass der gegnerische K\u00f6nig zwar kein Fluchtfeld mehr hatte, aber die Dame ungedeckt war. Kurioserweise dachte auch Eric dass es sich um Matt handelt und ging immer wieder die Felder rund um seinen K\u00f6nig durch, dem Offensichtlichen wurde er aber erst nach zehn Minuten gewahr, schlug die Dame und gewann die Partie. Damit hatte Eric die F\u00fchrung \u00fcbernommen, doch in der folgenden Runde wurde er von <strong>Sebastian Goehrke<\/strong> (SK Neumarkt) in besserer Stellung matt gesetzt. Aber auch Sebastian konnte sich \u00fcber die F\u00fchrung nur eine Runde freuen, denn er unterlag in Runde sechs <strong>Lukas Reindl<\/strong> (SV Weichering), der nun neuer Tabellenf\u00fchrer war. In der letzten Runde gab es dann das direkte Duell um den Turniersieg zwischen den Vereinskollegen Eric und Lukas. Eric setzte sich durch und gewann somit mit 5,5 Punkten das Turnier. Sebastian Goehrke setzte sich in der letzten Runde in einem weiteren vereinsinternen Duell gegen <strong>Radena Burger<\/strong> durch und f\u00fchrte damit ein Quartett mit jeweils f\u00fcnf Punkten an und sicherte sich einen starken zweiten Rang. Der letzte Podestplatz ging an Lukas Reindl knapp vor Dominik Kodalle und <strong>Lea R\u00f6ll<\/strong> (SC Vaterstetten). Lea hatte eigentlich in jeder Runde eine vielversprechende Stellung auf dem Brett, lie\u00df aber zweimal den Gegner nochmal zur\u00fcckkommen. Immerhin durfte sie sich \u00fcber den Pokal d\u00fcr das beste M\u00e4dchen freuen. Radena kam mit 3,5 Punkten auf Platz sieben und <strong>Maria Franke<\/strong> (SK Neumarkt) holte in ihrem ersten Turnier einen Punkt und belegte Rang elf. <\/p>\n<p><a href=\"http:\/\/wolfgang-kipferl.de\/sch_aktuell_blog\/wp-content\/uploads\/2013\/02\/RapidNM2013_U8-Fort-R7.html\" target=\"_blank\">U8 FST<\/a><\/p>\n<p><a href=\"http:\/\/wolfgang-kipferl.de\/sch_aktuell_blog\/wp-content\/uploads\/2013\/02\/RapidNM2013_U8-TeilRang-R7.html\" target=\"_blank\">U8 Endstand<\/a><\/p>\n<p>37 Teilnehmer traten in der U10 an, darunter auch die U8-Titelverteidigerin <strong>Maria Schilay<\/strong> (SK Neumarkt). Sie musste gleich zum Auftakt gegen den starken <strong>Carl-Luca Sp\u00e4th<\/strong> (SC Postbauer-Heng) antreten und gewann. Danach verlor sie jedoch in gewonnener Stellung gegen <strong>Alexander Li<\/strong> (SC Erlangen 48\/88) durch Zeit\u00fcberschreitung. Davon lie\u00df sich Maria aber nicht beirren, gewann die n\u00e4chsten vier Runden u.a. gegen <strong>Tobias Kolb<\/strong> (SV Seubelsdorf) und geh\u00f6rte damit mit 5\/6 einem Verfolgertrio an. In der letzten Runde musste sich Maria dem Turnierfavoriten <strong>Kai Tschammer<\/strong> (SC Erlangen 48\/88) geschlagen geben, der sich mit 7\/7 souver\u00e4n den Turniersieg vor <strong>Alexander Br\u00fcckner<\/strong> (Schachklub Schweinfurt) und Carl-Luca Sp\u00e4th sicherte. Maria verpasste um zwei Buchholzpunkte den Podestplatz, sicherte sich mit ihrem starken vierten Rang aber deutlich die M\u00e4dchenwertung. <strong>Daiana Burger<\/strong> holte ordentliche drei Punkte und belegte Rang 24, <strong>Daniel Henseler<\/strong> erzielte bei seiner ersten Turnierteilnahme zwei Punkte und landete auf Platz 35.<\/p>\n<p><a href=\"http:\/\/wolfgang-kipferl.de\/sch_aktuell_blog\/wp-content\/uploads\/2013\/02\/RapidNM2013_U10-Fort-R7.html\" target=\"_blank\">U10 FST<\/a><\/p>\n<p><a href=\"http:\/\/wolfgang-kipferl.de\/sch_aktuell_blog\/wp-content\/uploads\/2013\/02\/RapidNM2013_U10-TeilRang-R7.html\" target=\"_blank\">U10 Endstand<\/a><\/p>\n<p>In der 46k\u00f6pfigen U12 gesellte sich zu dem obligatorischen Favoritentrio <strong>Ruben Mantel<\/strong> (Zabo N\u00fcrnberg), <strong>Lorenz Schilay<\/strong> (SK Neumarkt) und <strong>Julian Shen<\/strong> (SK Rothenburg) mit <strong>Maximilian Haas<\/strong> (SC Erlangen 48\/88) ein weiterer starker Mittelfranke im Kampf um den Turniersieg hinzu. Lorenz trennte sich von Ruben und Maximilian jeweils Unentschieden und in der letzten Runde trafen auch Maximilian und Ruben aufeinander. \u00dcberraschend konnte sich Maximilian durchsetzen und sicherte sich mit 6,5 Punkten den Turniersieg vor Lorenz. F\u00fcr Ruben blieb der dritte Podestplatz dank der besseren Buchholz vor Julian, der fr\u00fch ein Remis gegen den sp\u00e4teren F\u00fcnften <strong>Dominik Sammet<\/strong> (Bavaria Regensburg) abgegeben und sich mit einer Niederlage gegen Ruben aus dem Rennen um den Turniersieg verabschiedet hatte. <strong>Verena Kolb<\/strong> (SV Seubelsdorf) wurde als Sechste bestes M\u00e4dchen.<br \/>\nEin starkes Turnier spielte <strong>Paul Neppert<\/strong> (SK Neumarkt) der nach sechs Runden f\u00fcnf Punkte auf dem Konto hatte und sich erst zum Abschluss im vereinsinternen Duell gegen Lorenz ein zweites Mal geschlagen geben musste. Mit Rang acht fuhr er aber sein bestes Turnierresultat seit langem ein. Gute Ergebnisse mit jeweils vier Punkten erzielten auch <strong>Johannes Hierl<\/strong> und <strong>Fabienne Held<\/strong> auf den R\u00e4ngen 16 und 19. <strong>Katharina Ehrensberger<\/strong> holte 1,5 Punkte und belegte Platz 44 und <strong>Anna Heidner<\/strong> wurde als 46. deutlich unter Wert geschlagen. Beachtenswert waren auch die 1,5 Punkte von <strong>Julia Sayler<\/strong> von der Schulschachgruppe des WGG bei ihrem ersten Schachturnier.<\/p>\n<p><a href=\"http:\/\/wolfgang-kipferl.de\/sch_aktuell_blog\/wp-content\/uploads\/2013\/02\/RapidNM2013_U12-Fort-R7.html\" target=\"_blank\">U12 FST<\/a><\/p>\n<p><a href=\"http:\/\/wolfgang-kipferl.de\/sch_aktuell_blog\/wp-content\/uploads\/2013\/02\/RapidNM2013_U12-TeilRang-R7.html\" target=\"_blank\">U12 Endstand<\/a><\/p>\n<p>In der U14 lieferten sich <strong>Cedric Oberhofer<\/strong> (Bavaria Regensburg), <strong>Adrian Siegl<\/strong> (SW N\u00fcrnberg S\u00fcd), <strong>Georg Dechant<\/strong> (Bavaria Regensburg) und <strong>Jonas Schmucker<\/strong> (NT N\u00fcrnberg) einen spannenden Vierkampf. Cedric bezwang Jonas und remisierte gegen Georg sowie Adrian, womit er vor der letzten Runde hinter Georg auf Rang zwei lag. Doch w\u00e4hrend Cedric in der letzten Runde gegen Schwester <strong>Marie Oberhofer<\/strong> seinen sechsten Punkt holte, verlor Georg gegen Jonas. Damit sicherte sich Cedric mit einem Buchholzpunkt vor Jonas seinen zweiten Sieg in Neumarkt, nachdem er im Vorjahr in der U12 triumphiert hatte. Georg erklomm als Dritter ebenfalls das Podium, da er einen halben Buchholzpunkt mehr als Adrian auf dem Konto hatte. Den Pokal f\u00fcr das beste M\u00e4dchen sicherte sich <strong>Sarah Hausmann<\/strong> (MTV Ingolstadt) als F\u00fcnfte mit 4,5 Punkten.<br \/>\n<strong>Eva Schilay<\/strong> (SK Neumarkt) dagegen verpasste mit einer unn\u00f6tigen Niederlage in der letzten Runde genau diesen f\u00fcnften Platz gleichbedeutend mit dem Sieg in der M\u00e4dchenwertung und landete auf Platz 14. Dabei begann Eva stark mit 3\/3 und musste sich dann Cedric und Adrian nur knapp geschlagen geben. Einen Rang hinter Eva klassierte sich <strong>Timon G\u00f6tz<\/strong>, <strong>Tobias Brosch<\/strong> vom WGG wurde mit 2,5 Punkten 25. und <strong>Martin Sch\u00e4chtel<\/strong> landete auf Rang 29.<\/p>\n<p><a href=\"http:\/\/wolfgang-kipferl.de\/sch_aktuell_blog\/wp-content\/uploads\/2013\/02\/RapidNM2013_U14-Fort-R7.html\" target=\"_blank\">U14 FST<\/a><\/p>\n<p><a href=\"http:\/\/wolfgang-kipferl.de\/sch_aktuell_blog\/wp-content\/uploads\/2013\/02\/RapidNM2013_U14-TeilRang-R7.html\" target=\"_blank\">U14 Endstand<\/a><\/p>\n<p>Eine reines S\u00fcder-Podest gab es in der U16. <strong>Melina Siegl<\/strong> dominierte mit 6,5\/7 und lag am Ende einen ganzen Punkt vor <strong>Fabian Meulner<\/strong>, der ebenfalls ungeschlagen blieb. <strong>Henri Berntgen<\/strong> machte mit 5 Punkten den S\u00fcder Triumph komplett.<br \/>\n<strong>Simon Drechsel<\/strong> kam mit 1,5\/3 nicht so gut ins Turnier, hatte in der letzten Runde aber die Chance mit einem Sieg gegen <strong>Valentin Krasotin<\/strong> (SW N\u00fcrnberg S\u00fcd) bis auf Rang f\u00fcnf zu klettern. Simon hatte mit einer Mehrfigur alle Chancen, lief dann aber in ein Matt und beendete das Turnier auf Platz 12. <strong>Richie Meinl<\/strong> holte drei Punkte und belegte Rang 18.<\/p>\n<p><a href=\"http:\/\/wolfgang-kipferl.de\/sch_aktuell_blog\/wp-content\/uploads\/2013\/02\/RapidNM2013_U16-Fort-R7.html\" target=\"_blank\">U16 FST<\/a><\/p>\n<p><a href=\"http:\/\/wolfgang-kipferl.de\/sch_aktuell_blog\/wp-content\/uploads\/2013\/02\/RapidNM2013_U16-TeilRang-R7.html\" target=\"_blank\">U16 Endstand<\/a><\/p>\n<p>Erstmals schrieben wir eine U25 aus und hatten ein kleines aber erlesenes Teilnehmerfeld. Mit <strong>Michael Braun<\/strong> (SG B\u00fcchenbach\/Roth), <strong>Pascal Grafl<\/strong> (SK Kelheim), <strong>Kevin Beesk<\/strong> (SK Neumarkt) und <strong>Martin Blodig<\/strong> (TSV Dietfurt) waren vier starke Spieler mit von der Partie, die sich in Hin- und R\u00fcckrunde miteinander messen durften. Dabei konnte sich Michael mit 5\/6 \u00fcberraschend deutlich durchsetzen, wohingegen der Kampf um Rang zwei sehr eng war. Hier hatte Kevin dank seines Erfolgs \u00fcber Michael die bessere SoBe vor dem punktgleichen Pascal. F\u00fcr Martin blieb mit einem halben Z\u00e4hler R\u00fcckstand der undankbare vierte Rang.<\/p>\n<p><a href=\"http:\/\/wolfgang-kipferl.de\/sch_aktuell_blog\/wp-content\/uploads\/2013\/02\/RapidNM2013_U25-Kreuz-R3D2.html\" target=\"_blank\">U25 KT<\/a><\/p>\n<p><a href=\"http:\/\/wolfgang-kipferl.de\/sch_aktuell_blog\/wp-content\/uploads\/2013\/02\/RapidNM2013_U25-TeilRang-R3D2.html\" target=\"_blank\">U25 Endstand<\/a><\/p>\n<p>Die im Rahmen unseres Rapidturniers ausgetragene Bayerische U18 Schnellschach-Einzelmeisterschaft sicherte sich <strong>Rene Stingl<\/strong> (Thiersheim) mit 6 Punkten vor <strong>Florian Ott<\/strong> (Siemens Amberg) mit 5,5 sowie <strong>Tibor Surinya<\/strong> (NT N\u00fcrnberg) mit 5 Punkten. <\/p>\n<p><a href=\"http:\/\/www.bayerische-schachjugend.de\/index.php?\/archives\/737-Bay.-Jugendschnellschach-EM-2013-Altersklasse-U18.html\" target=\"_blank\">BayU18SSEM<\/a><\/p>\n<p><a href=\"http:\/\/www.neumarktonline.de\/art.php?newsid=81304\" target=\"_blank\">Bericht bei neumarktonline<\/a><\/p>\n\n\t\t<style type=\"text\/css\">\n\t\t\t#gallery-1 {\n\t\t\t\tmargin: auto;\n\t\t\t}\n\t\t\t#gallery-1 .gallery-item {\n\t\t\t\tfloat: left;\n\t\t\t\tmargin-top: 10px;\n\t\t\t\ttext-align: center;\n\t\t\t\twidth: 33%;\n\t\t\t}\n\t\t\t#gallery-1 img {\n\t\t\t\tborder: 2px solid #cfcfcf;\n\t\t\t}\n\t\t\t#gallery-1 .gallery-caption {\n\t\t\t\tmargin-left: 0;\n\t\t\t}\n\t\t\t\/* see gallery_shortcode() in wp-includes\/media.php *\/\n\t\t<\/style>\n\t\t<div id='gallery-1' class='gallery galleryid-2966 gallery-columns-3 gallery-size-thumbnail'><dl class='gallery-item'>\n\t\t\t<dt class='gallery-icon landscape'>\n\t\t\t\t<a href='https:\/\/wolfgang-kipferl.de\/sch_aktuell_blog\/?attachment_id=3127'><img loading=\"lazy\" decoding=\"async\" width=\"150\" height=\"150\" src=\"https:\/\/wolfgang-kipferl.de\/sch_aktuell_blog\/wp-content\/uploads\/2013\/02\/20130209_RapidNM2013-01-150x150.jpg\" class=\"attachment-thumbnail size-thumbnail\" alt=\"\" \/><\/a>\n\t\t\t<\/dt><\/dl><dl class='gallery-item'>\n\t\t\t<dt class='gallery-icon landscape'>\n\t\t\t\t<a href='https:\/\/wolfgang-kipferl.de\/sch_aktuell_blog\/?attachment_id=3128'><img loading=\"lazy\" decoding=\"async\" width=\"150\" height=\"150\" src=\"https:\/\/wolfgang-kipferl.de\/sch_aktuell_blog\/wp-content\/uploads\/2013\/02\/20130209_RapidNM2013-02-150x150.jpg\" class=\"attachment-thumbnail size-thumbnail\" alt=\"\" \/><\/a>\n\t\t\t<\/dt><\/dl><dl class='gallery-item'>\n\t\t\t<dt class='gallery-icon landscape'>\n\t\t\t\t<a href='https:\/\/wolfgang-kipferl.de\/sch_aktuell_blog\/?attachment_id=3129'><img loading=\"lazy\" decoding=\"async\" width=\"150\" height=\"150\" src=\"https:\/\/wolfgang-kipferl.de\/sch_aktuell_blog\/wp-content\/uploads\/2013\/02\/20130209_RapidNM2013-03-150x150.jpg\" class=\"attachment-thumbnail size-thumbnail\" alt=\"\" \/><\/a>\n\t\t\t<\/dt><\/dl><br style=\"clear: both\" \/><dl class='gallery-item'>\n\t\t\t<dt class='gallery-icon landscape'>\n\t\t\t\t<a href='https:\/\/wolfgang-kipferl.de\/sch_aktuell_blog\/?attachment_id=3130'><img loading=\"lazy\" decoding=\"async\" width=\"150\" height=\"150\" src=\"https:\/\/wolfgang-kipferl.de\/sch_aktuell_blog\/wp-content\/uploads\/2013\/02\/20130209_RapidNM2013-04-150x150.jpg\" class=\"attachment-thumbnail size-thumbnail\" alt=\"\" aria-describedby=\"gallery-1-3130\" \/><\/a>\n\t\t\t<\/dt>\n\t\t\t\t<dd class='wp-caption-text gallery-caption' id='gallery-1-3130'>\n\t\t\t\tSebastian Goehrke (U8)\n\t\t\t\t<\/dd><\/dl><dl class='gallery-item'>\n\t\t\t<dt class='gallery-icon landscape'>\n\t\t\t\t<a href='https:\/\/wolfgang-kipferl.de\/sch_aktuell_blog\/?attachment_id=3131'><img loading=\"lazy\" decoding=\"async\" width=\"150\" height=\"150\" src=\"https:\/\/wolfgang-kipferl.de\/sch_aktuell_blog\/wp-content\/uploads\/2013\/02\/20130209_RapidNM2013-05-150x150.jpg\" class=\"attachment-thumbnail size-thumbnail\" alt=\"\" aria-describedby=\"gallery-1-3131\" \/><\/a>\n\t\t\t<\/dt>\n\t\t\t\t<dd class='wp-caption-text gallery-caption' id='gallery-1-3131'>\n\t\t\t\tTimon G\u00f6tz (U14)\n\t\t\t\t<\/dd><\/dl><dl class='gallery-item'>\n\t\t\t<dt class='gallery-icon landscape'>\n\t\t\t\t<a href='https:\/\/wolfgang-kipferl.de\/sch_aktuell_blog\/?attachment_id=3132'><img loading=\"lazy\" decoding=\"async\" width=\"150\" height=\"150\" src=\"https:\/\/wolfgang-kipferl.de\/sch_aktuell_blog\/wp-content\/uploads\/2013\/02\/20130209_RapidNM2013-06-150x150.jpg\" class=\"attachment-thumbnail size-thumbnail\" alt=\"\" aria-describedby=\"gallery-1-3132\" \/><\/a>\n\t\t\t<\/dt>\n\t\t\t\t<dd class='wp-caption-text gallery-caption' id='gallery-1-3132'>\n\t\t\t\tMartin Sch\u00e4chtel (U14)\n\t\t\t\t<\/dd><\/dl><br style=\"clear: both\" \/><dl class='gallery-item'>\n\t\t\t<dt class='gallery-icon landscape'>\n\t\t\t\t<a href='https:\/\/wolfgang-kipferl.de\/sch_aktuell_blog\/?attachment_id=3133'><img loading=\"lazy\" decoding=\"async\" width=\"150\" height=\"150\" src=\"https:\/\/wolfgang-kipferl.de\/sch_aktuell_blog\/wp-content\/uploads\/2013\/02\/20130209_RapidNM2013-07-150x150.jpg\" class=\"attachment-thumbnail size-thumbnail\" alt=\"\" aria-describedby=\"gallery-1-3133\" \/><\/a>\n\t\t\t<\/dt>\n\t\t\t\t<dd class='wp-caption-text gallery-caption' id='gallery-1-3133'>\n\t\t\t\tEva Schilay (U14)\n\t\t\t\t<\/dd><\/dl><dl class='gallery-item'>\n\t\t\t<dt class='gallery-icon landscape'>\n\t\t\t\t<a href='https:\/\/wolfgang-kipferl.de\/sch_aktuell_blog\/?attachment_id=3134'><img loading=\"lazy\" decoding=\"async\" width=\"150\" height=\"150\" src=\"https:\/\/wolfgang-kipferl.de\/sch_aktuell_blog\/wp-content\/uploads\/2013\/02\/20130209_RapidNM2013-08-150x150.jpg\" class=\"attachment-thumbnail size-thumbnail\" alt=\"\" aria-describedby=\"gallery-1-3134\" \/><\/a>\n\t\t\t<\/dt>\n\t\t\t\t<dd class='wp-caption-text gallery-caption' id='gallery-1-3134'>\n\t\t\t\tDaniel Henseler (U10)\n\t\t\t\t<\/dd><\/dl><dl class='gallery-item'>\n\t\t\t<dt class='gallery-icon landscape'>\n\t\t\t\t<a href='https:\/\/wolfgang-kipferl.de\/sch_aktuell_blog\/?attachment_id=3135'><img loading=\"lazy\" decoding=\"async\" width=\"150\" height=\"150\" src=\"https:\/\/wolfgang-kipferl.de\/sch_aktuell_blog\/wp-content\/uploads\/2013\/02\/20130209_RapidNM2013-09-150x150.jpg\" class=\"attachment-thumbnail size-thumbnail\" alt=\"\" aria-describedby=\"gallery-1-3135\" \/><\/a>\n\t\t\t<\/dt>\n\t\t\t\t<dd class='wp-caption-text gallery-caption' id='gallery-1-3135'>\n\t\t\t\tMaria Schilay (U10)\n\t\t\t\t<\/dd><\/dl><br style=\"clear: both\" \/><dl class='gallery-item'>\n\t\t\t<dt class='gallery-icon landscape'>\n\t\t\t\t<a href='https:\/\/wolfgang-kipferl.de\/sch_aktuell_blog\/?attachment_id=3136'><img loading=\"lazy\" decoding=\"async\" width=\"150\" height=\"150\" src=\"https:\/\/wolfgang-kipferl.de\/sch_aktuell_blog\/wp-content\/uploads\/2013\/02\/20130209_RapidNM2013-10-150x150.jpg\" class=\"attachment-thumbnail size-thumbnail\" alt=\"\" aria-describedby=\"gallery-1-3136\" \/><\/a>\n\t\t\t<\/dt>\n\t\t\t\t<dd class='wp-caption-text gallery-caption' id='gallery-1-3136'>\n\t\t\t\tDaiana Burger (U10)\n\t\t\t\t<\/dd><\/dl><dl class='gallery-item'>\n\t\t\t<dt class='gallery-icon landscape'>\n\t\t\t\t<a href='https:\/\/wolfgang-kipferl.de\/sch_aktuell_blog\/?attachment_id=3137'><img loading=\"lazy\" decoding=\"async\" width=\"150\" height=\"150\" src=\"https:\/\/wolfgang-kipferl.de\/sch_aktuell_blog\/wp-content\/uploads\/2013\/02\/20130209_RapidNM2013-11-150x150.jpg\" class=\"attachment-thumbnail size-thumbnail\" alt=\"\" aria-describedby=\"gallery-1-3137\" \/><\/a>\n\t\t\t<\/dt>\n\t\t\t\t<dd class='wp-caption-text gallery-caption' id='gallery-1-3137'>\n\t\t\t\tAnna Heidner (U12)\n\t\t\t\t<\/dd><\/dl><dl class='gallery-item'>\n\t\t\t<dt class='gallery-icon landscape'>\n\t\t\t\t<a href='https:\/\/wolfgang-kipferl.de\/sch_aktuell_blog\/?attachment_id=3138'><img loading=\"lazy\" decoding=\"async\" width=\"150\" height=\"150\" src=\"https:\/\/wolfgang-kipferl.de\/sch_aktuell_blog\/wp-content\/uploads\/2013\/02\/20130209_RapidNM2013-12-150x150.jpg\" class=\"attachment-thumbnail size-thumbnail\" alt=\"\" aria-describedby=\"gallery-1-3138\" \/><\/a>\n\t\t\t<\/dt>\n\t\t\t\t<dd class='wp-caption-text gallery-caption' id='gallery-1-3138'>\n\t\t\t\tFabienne Held (U12)\n\t\t\t\t<\/dd><\/dl><br style=\"clear: both\" \/><dl class='gallery-item'>\n\t\t\t<dt class='gallery-icon landscape'>\n\t\t\t\t<a href='https:\/\/wolfgang-kipferl.de\/sch_aktuell_blog\/?attachment_id=3139'><img loading=\"lazy\" decoding=\"async\" width=\"150\" height=\"150\" src=\"https:\/\/wolfgang-kipferl.de\/sch_aktuell_blog\/wp-content\/uploads\/2013\/02\/20130209_RapidNM2013-13-150x150.jpg\" class=\"attachment-thumbnail size-thumbnail\" alt=\"\" aria-describedby=\"gallery-1-3139\" \/><\/a>\n\t\t\t<\/dt>\n\t\t\t\t<dd class='wp-caption-text gallery-caption' id='gallery-1-3139'>\n\t\t\t\tPaul Neppert (U12)\n\t\t\t\t<\/dd><\/dl><dl class='gallery-item'>\n\t\t\t<dt class='gallery-icon landscape'>\n\t\t\t\t<a href='https:\/\/wolfgang-kipferl.de\/sch_aktuell_blog\/?attachment_id=3140'><img loading=\"lazy\" decoding=\"async\" width=\"150\" height=\"150\" src=\"https:\/\/wolfgang-kipferl.de\/sch_aktuell_blog\/wp-content\/uploads\/2013\/02\/20130209_RapidNM2013-14-150x150.jpg\" class=\"attachment-thumbnail size-thumbnail\" alt=\"\" aria-describedby=\"gallery-1-3140\" \/><\/a>\n\t\t\t<\/dt>\n\t\t\t\t<dd class='wp-caption-text gallery-caption' id='gallery-1-3140'>\n\t\t\t\tJohannes Hierl (U12)\n\t\t\t\t<\/dd><\/dl><dl class='gallery-item'>\n\t\t\t<dt class='gallery-icon landscape'>\n\t\t\t\t<a href='https:\/\/wolfgang-kipferl.de\/sch_aktuell_blog\/?attachment_id=3141'><img loading=\"lazy\" decoding=\"async\" width=\"150\" height=\"150\" src=\"https:\/\/wolfgang-kipferl.de\/sch_aktuell_blog\/wp-content\/uploads\/2013\/02\/20130209_RapidNM2013-15-150x150.jpg\" class=\"attachment-thumbnail size-thumbnail\" alt=\"\" aria-describedby=\"gallery-1-3141\" \/><\/a>\n\t\t\t<\/dt>\n\t\t\t\t<dd class='wp-caption-text gallery-caption' id='gallery-1-3141'>\n\t\t\t\tSimon Drechsel (U16)\n\t\t\t\t<\/dd><\/dl><br style=\"clear: both\" \/><dl class='gallery-item'>\n\t\t\t<dt class='gallery-icon landscape'>\n\t\t\t\t<a href='https:\/\/wolfgang-kipferl.de\/sch_aktuell_blog\/?attachment_id=3142'><img loading=\"lazy\" decoding=\"async\" width=\"150\" height=\"150\" src=\"https:\/\/wolfgang-kipferl.de\/sch_aktuell_blog\/wp-content\/uploads\/2013\/02\/20130209_RapidNM2013-16-150x150.jpg\" class=\"attachment-thumbnail size-thumbnail\" alt=\"\" aria-describedby=\"gallery-1-3142\" \/><\/a>\n\t\t\t<\/dt>\n\t\t\t\t<dd class='wp-caption-text gallery-caption' id='gallery-1-3142'>\n\t\t\t\tKevin Beesk (U25)\n\t\t\t\t<\/dd><\/dl><dl class='gallery-item'>\n\t\t\t<dt class='gallery-icon landscape'>\n\t\t\t\t<a href='https:\/\/wolfgang-kipferl.de\/sch_aktuell_blog\/?attachment_id=3143'><img loading=\"lazy\" decoding=\"async\" width=\"150\" height=\"150\" src=\"https:\/\/wolfgang-kipferl.de\/sch_aktuell_blog\/wp-content\/uploads\/2013\/02\/20130209_RapidNM2013-17-150x150.jpg\" class=\"attachment-thumbnail size-thumbnail\" alt=\"\" aria-describedby=\"gallery-1-3143\" \/><\/a>\n\t\t\t<\/dt>\n\t\t\t\t<dd class='wp-caption-text gallery-caption' id='gallery-1-3143'>\n\t\t\t\tKatharina Ehrensberger (U12)\n\t\t\t\t<\/dd><\/dl><dl class='gallery-item'>\n\t\t\t<dt class='gallery-icon landscape'>\n\t\t\t\t<a href='https:\/\/wolfgang-kipferl.de\/sch_aktuell_blog\/?attachment_id=3144'><img loading=\"lazy\" decoding=\"async\" width=\"150\" height=\"150\" src=\"https:\/\/wolfgang-kipferl.de\/sch_aktuell_blog\/wp-content\/uploads\/2013\/02\/20130209_RapidNM2013-18-150x150.jpg\" class=\"attachment-thumbnail size-thumbnail\" alt=\"\" aria-describedby=\"gallery-1-3144\" \/><\/a>\n\t\t\t<\/dt>\n\t\t\t\t<dd class='wp-caption-text gallery-caption' id='gallery-1-3144'>\n\t\t\t\tRichard Meinl (U16)\n\t\t\t\t<\/dd><\/dl><br style=\"clear: both\" \/><dl class='gallery-item'>\n\t\t\t<dt class='gallery-icon landscape'>\n\t\t\t\t<a href='https:\/\/wolfgang-kipferl.de\/sch_aktuell_blog\/?attachment_id=3145'><img loading=\"lazy\" decoding=\"async\" width=\"150\" height=\"150\" src=\"https:\/\/wolfgang-kipferl.de\/sch_aktuell_blog\/wp-content\/uploads\/2013\/02\/20130209_RapidNM2013-19-150x150.jpg\" class=\"attachment-thumbnail size-thumbnail\" alt=\"\" aria-describedby=\"gallery-1-3145\" \/><\/a>\n\t\t\t<\/dt>\n\t\t\t\t<dd class='wp-caption-text gallery-caption' id='gallery-1-3145'>\n\t\t\t\tRadena Burger (U8)\n\t\t\t\t<\/dd><\/dl><dl class='gallery-item'>\n\t\t\t<dt class='gallery-icon landscape'>\n\t\t\t\t<a href='https:\/\/wolfgang-kipferl.de\/sch_aktuell_blog\/?attachment_id=3146'><img loading=\"lazy\" decoding=\"async\" width=\"150\" height=\"150\" src=\"https:\/\/wolfgang-kipferl.de\/sch_aktuell_blog\/wp-content\/uploads\/2013\/02\/20130209_RapidNM2013-20-150x150.jpg\" class=\"attachment-thumbnail size-thumbnail\" alt=\"\" aria-describedby=\"gallery-1-3146\" \/><\/a>\n\t\t\t<\/dt>\n\t\t\t\t<dd class='wp-caption-text gallery-caption' id='gallery-1-3146'>\n\t\t\t\tMaria Franke (U8)\n\t\t\t\t<\/dd><\/dl><dl class='gallery-item'>\n\t\t\t<dt class='gallery-icon landscape'>\n\t\t\t\t<a href='https:\/\/wolfgang-kipferl.de\/sch_aktuell_blog\/?attachment_id=3147'><img loading=\"lazy\" decoding=\"async\" width=\"150\" height=\"150\" src=\"https:\/\/wolfgang-kipferl.de\/sch_aktuell_blog\/wp-content\/uploads\/2013\/02\/20130209_RapidNM2013-21-150x150.jpg\" class=\"attachment-thumbnail size-thumbnail\" alt=\"\" aria-describedby=\"gallery-1-3147\" \/><\/a>\n\t\t\t<\/dt>\n\t\t\t\t<dd class='wp-caption-text gallery-caption' id='gallery-1-3147'>\n\t\t\t\tEs wurde ein herrenloser Mantel abgegeben&#8230;\n\t\t\t\t<\/dd><\/dl><br style=\"clear: both\" \/><dl class='gallery-item'>\n\t\t\t<dt class='gallery-icon landscape'>\n\t\t\t\t<a href='https:\/\/wolfgang-kipferl.de\/sch_aktuell_blog\/?attachment_id=3148'><img loading=\"lazy\" decoding=\"async\" width=\"150\" height=\"150\" src=\"https:\/\/wolfgang-kipferl.de\/sch_aktuell_blog\/wp-content\/uploads\/2013\/02\/20130209_RapidNM2013-22-150x150.jpg\" class=\"attachment-thumbnail size-thumbnail\" alt=\"\" aria-describedby=\"gallery-1-3148\" \/><\/a>\n\t\t\t<\/dt>\n\t\t\t\t<dd class='wp-caption-text gallery-caption' id='gallery-1-3148'>\n\t\t\t\tLetzte Runde U12\n\t\t\t\t<\/dd><\/dl><dl class='gallery-item'>\n\t\t\t<dt class='gallery-icon landscape'>\n\t\t\t\t<a href='https:\/\/wolfgang-kipferl.de\/sch_aktuell_blog\/?attachment_id=3149'><img loading=\"lazy\" decoding=\"async\" width=\"150\" height=\"150\" src=\"https:\/\/wolfgang-kipferl.de\/sch_aktuell_blog\/wp-content\/uploads\/2013\/02\/20130209_RapidNM2013-23-150x150.jpg\" class=\"attachment-thumbnail size-thumbnail\" alt=\"\" aria-describedby=\"gallery-1-3149\" \/><\/a>\n\t\t\t<\/dt>\n\t\t\t\t<dd class='wp-caption-text gallery-caption' id='gallery-1-3149'>\n\t\t\t\tDas Verpflegungsteam\n\t\t\t\t<\/dd><\/dl><dl class='gallery-item'>\n\t\t\t<dt class='gallery-icon landscape'>\n\t\t\t\t<a href='https:\/\/wolfgang-kipferl.de\/sch_aktuell_blog\/?attachment_id=3150'><img loading=\"lazy\" decoding=\"async\" width=\"150\" height=\"150\" src=\"https:\/\/wolfgang-kipferl.de\/sch_aktuell_blog\/wp-content\/uploads\/2013\/02\/20130209_RapidNM2013-24-150x150.jpg\" class=\"attachment-thumbnail size-thumbnail\" alt=\"\" aria-describedby=\"gallery-1-3150\" \/><\/a>\n\t\t\t<\/dt>\n\t\t\t\t<dd class='wp-caption-text gallery-caption' id='gallery-1-3150'>\n\t\t\t\tU12: Verena Kolb, Ruben Mantel (3.), Maximilian Haas (1.) und Lorenz Schilay (2.)\n\t\t\t\t<\/dd><\/dl><br style=\"clear: both\" \/><dl class='gallery-item'>\n\t\t\t<dt class='gallery-icon portrait'>\n\t\t\t\t<a href='https:\/\/wolfgang-kipferl.de\/sch_aktuell_blog\/?attachment_id=3151'><img loading=\"lazy\" decoding=\"async\" width=\"150\" height=\"150\" src=\"https:\/\/wolfgang-kipferl.de\/sch_aktuell_blog\/wp-content\/uploads\/2013\/02\/20130209_RapidNM2013-25-150x150.jpg\" class=\"attachment-thumbnail size-thumbnail\" alt=\"\" aria-describedby=\"gallery-1-3151\" \/><\/a>\n\t\t\t<\/dt>\n\t\t\t\t<dd class='wp-caption-text gallery-caption' id='gallery-1-3151'>\n\t\t\t\tU8: Lea R\u00f6ll, Sebastian Goehrke (2.), Eric Frauenknecht (1.) und Lukas Reindl (3.)\n\t\t\t\t<\/dd><\/dl><dl class='gallery-item'>\n\t\t\t<dt class='gallery-icon portrait'>\n\t\t\t\t<a href='https:\/\/wolfgang-kipferl.de\/sch_aktuell_blog\/?attachment_id=3152'><img loading=\"lazy\" decoding=\"async\" width=\"150\" height=\"150\" src=\"https:\/\/wolfgang-kipferl.de\/sch_aktuell_blog\/wp-content\/uploads\/2013\/02\/20130209_RapidNM2013-26-150x150.jpg\" class=\"attachment-thumbnail size-thumbnail\" alt=\"\" aria-describedby=\"gallery-1-3152\" \/><\/a>\n\t\t\t<\/dt>\n\t\t\t\t<dd class='wp-caption-text gallery-caption' id='gallery-1-3152'>\n\t\t\t\tU10: Maria Schilay, Kai Tschammer (1.), Carl-Luca Sp\u00e4th (3.) und Alexander Br\u00fcckner (2.)\n\t\t\t\t<\/dd><\/dl><dl class='gallery-item'>\n\t\t\t<dt class='gallery-icon portrait'>\n\t\t\t\t<a href='https:\/\/wolfgang-kipferl.de\/sch_aktuell_blog\/?attachment_id=3153'><img loading=\"lazy\" decoding=\"async\" width=\"150\" height=\"150\" src=\"https:\/\/wolfgang-kipferl.de\/sch_aktuell_blog\/wp-content\/uploads\/2013\/02\/20130209_RapidNM2013-27-150x150.jpg\" class=\"attachment-thumbnail size-thumbnail\" alt=\"\" aria-describedby=\"gallery-1-3153\" \/><\/a>\n\t\t\t<\/dt>\n\t\t\t\t<dd class='wp-caption-text gallery-caption' id='gallery-1-3153'>\n\t\t\t\tU16: Melina Siegl (1.), Henri Berntgen (3.) und Fabian Meulner (2.)\n\t\t\t\t<\/dd><\/dl><br style=\"clear: both\" \/><dl class='gallery-item'>\n\t\t\t<dt class='gallery-icon landscape'>\n\t\t\t\t<a href='https:\/\/wolfgang-kipferl.de\/sch_aktuell_blog\/?attachment_id=3154'><img loading=\"lazy\" decoding=\"async\" width=\"150\" height=\"150\" src=\"https:\/\/wolfgang-kipferl.de\/sch_aktuell_blog\/wp-content\/uploads\/2013\/02\/20130209_RapidNM2013-28-150x150.jpg\" class=\"attachment-thumbnail size-thumbnail\" alt=\"\" aria-describedby=\"gallery-1-3154\" \/><\/a>\n\t\t\t<\/dt>\n\t\t\t\t<dd class='wp-caption-text gallery-caption' id='gallery-1-3154'>\n\t\t\t\tU14: Sarah Hausmann, Jonas Schmucker (2.), Cedric Oberhofer (1.) und Georg Dechant (3.)\n\t\t\t\t<\/dd><\/dl><dl class='gallery-item'>\n\t\t\t<dt class='gallery-icon landscape'>\n\t\t\t\t<a href='https:\/\/wolfgang-kipferl.de\/sch_aktuell_blog\/?attachment_id=3155'><img loading=\"lazy\" decoding=\"async\" width=\"150\" height=\"150\" src=\"https:\/\/wolfgang-kipferl.de\/sch_aktuell_blog\/wp-content\/uploads\/2013\/02\/20130209_RapidNM2013-29-150x150.jpg\" class=\"attachment-thumbnail size-thumbnail\" alt=\"\" aria-describedby=\"gallery-1-3155\" \/><\/a>\n\t\t\t<\/dt>\n\t\t\t\t<dd class='wp-caption-text gallery-caption' id='gallery-1-3155'>\n\t\t\t\tU25: Martin Blodig (4.), Michael Braun (1.), Pascal Grafl (3.) und Kevin Beesk (2.)\n\t\t\t\t<\/dd><\/dl><dl class='gallery-item'>\n\t\t\t<dt class='gallery-icon landscape'>\n\t\t\t\t<a href='https:\/\/wolfgang-kipferl.de\/sch_aktuell_blog\/?attachment_id=3156'><img loading=\"lazy\" decoding=\"async\" width=\"150\" height=\"150\" src=\"https:\/\/wolfgang-kipferl.de\/sch_aktuell_blog\/wp-content\/uploads\/2013\/02\/20130209_RapidNM2013-30-150x150.jpg\" class=\"attachment-thumbnail size-thumbnail\" alt=\"\" aria-describedby=\"gallery-1-3156\" \/><\/a>\n\t\t\t<\/dt>\n\t\t\t\t<dd class='wp-caption-text gallery-caption' id='gallery-1-3156'>\n\t\t\t\tBayU18SSEM: Tibor Surinya (3.), Rene Stingl (1.) und Florian Ott (2.)\n\t\t\t\t<\/dd><\/dl><br style=\"clear: both\" \/>\n\t\t<\/div>\n\n<h3>Related Images:<\/h3>","protected":false},"excerpt":{"rendered":"<p>Zu unserem traditionellen Rapidturnier durften wir dieses Jahr 150 Teilnehmer begr\u00fc\u00dfen, die trotz des obligatorischen Schneefalls den Weg nach Neumarkt gefunden hatten. Nachdem es bei der Anmeldung einen gr\u00f6\u00dferen Stau gegeben hatte, verz\u00f6gerte sich der Beginn leider um fast eine &hellip; <a href=\"https:\/\/wolfgang-kipferl.de\/sch_aktuell_blog\/?p=2966\">Continue reading<\/a><\/p>\n","protected":false},"author":4,"featured_media":0,"comment_status":"closed","ping_status":"closed","sticky":false,"template":"","format":"standard","meta":{"ngg_post_thumbnail":0,"footnotes":""},"categories":[18],"tags":[],"class_list":["post-2966","post","type-post","status-publish","format-standard","hentry","category-jugend-1213"],"_links":{"self":[{"href":"https:\/\/wolfgang-kipferl.de\/sch_aktuell_blog\/index.php?rest_route=\/wp\/v2\/posts\/2966","targetHints":{"allow":["GET"]}}],"collection":[{"href":"https:\/\/wolfgang-kipferl.de\/sch_aktuell_blog\/index.php?rest_route=\/wp\/v2\/posts"}],"about":[{"href":"https:\/\/wolfgang-kipferl.de\/sch_aktuell_blog\/index.php?rest_route=\/wp\/v2\/types\/post"}],"author":[{"embeddable":true,"href":"https:\/\/wolfgang-kipferl.de\/sch_aktuell_blog\/index.php?rest_route=\/wp\/v2\/users\/4"}],"replies":[{"embeddable":true,"href":"https:\/\/wolfgang-kipferl.de\/sch_aktuell_blog\/index.php?rest_route=%2Fwp%2Fv2%2Fcomments&post=2966"}],"version-history":[{"count":0,"href":"https:\/\/wolfgang-kipferl.de\/sch_aktuell_blog\/index.php?rest_route=\/wp\/v2\/posts\/2966\/revisions"}],"wp:attachment":[{"href":"https:\/\/wolfgang-kipferl.de\/sch_aktuell_blog\/index.php?rest_route=%2Fwp%2Fv2%2Fmedia&parent=2966"}],"wp:term":[{"taxonomy":"category","embeddable":true,"href":"https:\/\/wolfgang-kipferl.de\/sch_aktuell_blog\/index.php?rest_route=%2Fwp%2Fv2%2Fcategories&post=2966"},{"taxonomy":"post_tag","embeddable":true,"href":"https:\/\/wolfgang-kipferl.de\/sch_aktuell_blog\/index.php?rest_route=%2Fwp%2Fv2%2Ftags&post=2966"}],"curies":[{"name":"wp","href":"https:\/\/api.w.org\/{rel}","templated":true}]}}