{"id":4108,"date":"2013-09-22T20:55:03","date_gmt":"2013-09-22T20:55:03","guid":{"rendered":"http:\/\/wolfgang-kipferl.de\/sch_aktuell_blog\/?p=4108"},"modified":"2013-10-07T19:02:46","modified_gmt":"2013-10-07T19:02:46","slug":"internationales-jugendturnier-liechtenstein-2013","status":"publish","type":"post","link":"https:\/\/wolfgang-kipferl.de\/sch_aktuell_blog\/?p=4108","title":{"rendered":"Internationales Jugendturnier Liechtenstein 2013"},"content":{"rendered":"<p><a href=\"http:\/\/wolfgang-kipferl.de\/sch_aktuell_blog\/wp-content\/uploads\/2013\/09\/20130922_IntLieJO2013-0.jpg\"><img loading=\"lazy\" decoding=\"async\" src=\"http:\/\/wolfgang-kipferl.de\/sch_aktuell_blog\/wp-content\/uploads\/2013\/09\/20130922_IntLieJO2013-0-200x300.jpg\" alt=\"20130922_IntLieJO2013 (0)\" width=\"200\" height=\"300\" class=\"alignright size-medium wp-image-4109\" srcset=\"https:\/\/wolfgang-kipferl.de\/sch_aktuell_blog\/wp-content\/uploads\/2013\/09\/20130922_IntLieJO2013-0-200x300.jpg 200w, https:\/\/wolfgang-kipferl.de\/sch_aktuell_blog\/wp-content\/uploads\/2013\/09\/20130922_IntLieJO2013-0.jpg 480w\" sizes=\"auto, (max-width: 200px) 100vw, 200px\" \/><\/a>Nach der Premiere im Vorjahr nahm auch dieses Jahr eine Neumarkter Delegation am <a href=\"http:\/\/www.schach.li\/jugend.htm\" target=\"_blank\">29.Internationalen Jugendturnier in Liechtenstein<\/a> in Schaan teil. Neben <strong>Simon Drechsel<\/strong> und <strong>Lorenz Schilay<\/strong> die bereits bei der letzten Auflage mit von der Partie waren, verst\u00e4rkten diesmal <strong>Eva<\/strong> und <strong>Maria Schilay<\/strong> sowie <strong>Carl-Luca Sp\u00e4th<\/strong> die bayerische Delegation.<\/p>\n<p><!--more--><br \/>\nCarl-Luca musste sich dem sp\u00e4teren Turniersieger Fabian Pellicoro (Worb\/CH\/1426) geschlagen geben und verlor leider auch gegen Vivian Bechtold (G\u00f6tzis\/AUT\/1053) nach hartem Kampf. Die restlichen Partien gewann er souver\u00e4n und landete somit auf einem starken vierten Rang und verpasste nur wegen der schlechteren Buchholz das Podest.<\/p>\n<p><a href=\"http:\/\/www.schach.li\/jugend2013\/jugend_liste_U10.htm\" target=\"_blank\">Endstand U10<\/a><\/p>\n<p>Lorenz k\u00e4mpfte nach seinem zweiten Platz in der U10 vergangenes Jahr auch in der U14 um die Podiumspl\u00e4tze. Gegen Henrik Fesl (FC Ergolding\/1429) sowie dem \u00d6sterreicher Julian Kranzl (Hohenems\/1614)war nicht mehr als ein Remis drin und gegen Phil Notegger (Wolfurt\/AUT\/1400) wurde Lorenz in einer Zeitnotschlacht ausgekontert. In den anderen vier Partien blieb er siegreich und landete mit f\u00fcnf Punkten auf Rang sechs punktlgeich mit dem Drittplatzierten.<\/p>\n<p><a href=\"http:\/\/www.schach.li\/jugend2013\/jugend_liste_U14.htm\" target=\"_blank\">Endstand U14<\/a><\/p>\n<p>Simon hatte immer wieder gute Stellungen, kam aber oft nicht \u00fcber ein Remis hinaus bzw. musste sich den nominell st\u00e4rkeren doch noch geschlagen geben. Somit landete er mit 3,5 Punkten als Dreizehnter auf seinem Setzlistenplatz.<\/p>\n<p><a href=\"http:\/\/www.schach.li\/jugend2013\/jugend_liste_U18.htm\" target=\"_blank\">Endstand U18<\/a><\/p>\n<p>Eva und Maria traten in der M\u00e4dchenklasse an. Eva eilte souver\u00e4n von Sieg zu Sieg und musste sich nur der Setzlistenersten Anna Adzic (Biasca E Valli\/CH\/1704) geschlagen geben, wobei sie hier der never ending story &#8222;Neumarkt und die inkompetenten Schiedsrichter&#8220; ein weiteres trauriges Kapitel hinzuf\u00fcgen konnte. Ihre Kontrahentin hatte noch zwei Sekunden auf der Uhr als bei Eva das Bl\u00e4ttchen fiel. Und w\u00e4hrend diese keinerlei Anstalten machte den Zeitfall zu reklamieren griff der Schiedsrichter ein und erkl\u00e4rte die Partie f\u00fcr verloren &#8211; im Schnellschach!!! Zwar wurde auf Intervention einer \u00f6sterreichischen Trainerin zun\u00e4chst das Resultat ge\u00e4ndert, doch als der gegnerische Vater mit der vorzeitigen Abreise drohte wurde bei Eva wieder die Null eingetragen&#8230; So beendete Eva das Turnier als starke Zweite, dennoch bleibt der \u00c4rger, dass man sie um den Turniersieg betrogen hatte.<br \/>\nMaria musste sich lediglich den ersten Drei geschlagen geben, wobei sie gegen die &#8222;Turniersiegerin&#8220; bis ins Endspiel ausgeglichen stand und die Partie erst verloren ging als Beide unter einer Minute angekommen waren. Ansonsten hielt sich Maria schadlos und belegte mit vier Punkten Rang vier.<\/p>\n<p><a href=\"http:\/\/www.schach.li\/jugend2013\/jugend_liste_Maedchen.htm\" target=\"_blank\">Endstand M\u00e4dchen<\/a><\/p>\n<p>Einen Siegerpokal durften die Neumarkter dann doch noch mit nach Hause nehmen, da Eva und Maria mit den zehn erzielten Punkten die Mannschafts-Wertung in der M\u00e4dchenklasse gewinnen konnten und das obwohl andere Vereine sogar mit drei Starterinnen angetreten waren.<\/p>\n<p><a href=\"http:\/\/www.schach.li\/jugend2013\/jugend_mannschaft_Maedchen.htm\" target=\"_blank\">Endstand Mannschaften M\u00e4dchen<\/a><\/p>\n<p><a href=\"http:\/\/www.neumarktonline.de\/art.php?newsid=83852\" target=\"_blank\">Bericht bei neumarktonline<\/a><\/p>\n\n\t\t<style type=\"text\/css\">\n\t\t\t#gallery-1 {\n\t\t\t\tmargin: auto;\n\t\t\t}\n\t\t\t#gallery-1 .gallery-item {\n\t\t\t\tfloat: left;\n\t\t\t\tmargin-top: 10px;\n\t\t\t\ttext-align: center;\n\t\t\t\twidth: 33%;\n\t\t\t}\n\t\t\t#gallery-1 img {\n\t\t\t\tborder: 2px solid #cfcfcf;\n\t\t\t}\n\t\t\t#gallery-1 .gallery-caption {\n\t\t\t\tmargin-left: 0;\n\t\t\t}\n\t\t\t\/* see gallery_shortcode() in wp-includes\/media.php *\/\n\t\t<\/style>\n\t\t<div id='gallery-1' class='gallery galleryid-4108 gallery-columns-3 gallery-size-thumbnail'><dl class='gallery-item'>\n\t\t\t<dt class='gallery-icon landscape'>\n\t\t\t\t<a href='https:\/\/wolfgang-kipferl.de\/sch_aktuell_blog\/?attachment_id=4112'><img loading=\"lazy\" decoding=\"async\" width=\"150\" height=\"150\" src=\"https:\/\/wolfgang-kipferl.de\/sch_aktuell_blog\/wp-content\/uploads\/2013\/09\/20130922_IntLieJO2013-01-150x150.jpg\" class=\"attachment-thumbnail size-thumbnail\" alt=\"\" aria-describedby=\"gallery-1-4112\" \/><\/a>\n\t\t\t<\/dt>\n\t\t\t\t<dd class='wp-caption-text gallery-caption' id='gallery-1-4112'>\n\t\t\t\tSimon Drechsel\n\t\t\t\t<\/dd><\/dl><dl class='gallery-item'>\n\t\t\t<dt class='gallery-icon landscape'>\n\t\t\t\t<a href='https:\/\/wolfgang-kipferl.de\/sch_aktuell_blog\/?attachment_id=4113'><img loading=\"lazy\" decoding=\"async\" width=\"150\" height=\"150\" src=\"https:\/\/wolfgang-kipferl.de\/sch_aktuell_blog\/wp-content\/uploads\/2013\/09\/20130922_IntLieJO2013-02-150x150.jpg\" class=\"attachment-thumbnail size-thumbnail\" alt=\"\" aria-describedby=\"gallery-1-4113\" \/><\/a>\n\t\t\t<\/dt>\n\t\t\t\t<dd class='wp-caption-text gallery-caption' id='gallery-1-4113'>\n\t\t\t\tCarl-Luca Sp\u00e4th\n\t\t\t\t<\/dd><\/dl><dl class='gallery-item'>\n\t\t\t<dt class='gallery-icon landscape'>\n\t\t\t\t<a href='https:\/\/wolfgang-kipferl.de\/sch_aktuell_blog\/?attachment_id=4114'><img loading=\"lazy\" decoding=\"async\" width=\"150\" height=\"150\" src=\"https:\/\/wolfgang-kipferl.de\/sch_aktuell_blog\/wp-content\/uploads\/2013\/09\/20130922_IntLieJO2013-03-150x150.jpg\" class=\"attachment-thumbnail size-thumbnail\" alt=\"\" aria-describedby=\"gallery-1-4114\" \/><\/a>\n\t\t\t<\/dt>\n\t\t\t\t<dd class='wp-caption-text gallery-caption' id='gallery-1-4114'>\n\t\t\t\tMaria Schilay\n\t\t\t\t<\/dd><\/dl><br style=\"clear: both\" \/><dl class='gallery-item'>\n\t\t\t<dt class='gallery-icon landscape'>\n\t\t\t\t<a href='https:\/\/wolfgang-kipferl.de\/sch_aktuell_blog\/?attachment_id=4115'><img loading=\"lazy\" decoding=\"async\" width=\"150\" height=\"150\" src=\"https:\/\/wolfgang-kipferl.de\/sch_aktuell_blog\/wp-content\/uploads\/2013\/09\/20130922_IntLieJO2013-04-150x150.jpg\" class=\"attachment-thumbnail size-thumbnail\" alt=\"\" \/><\/a>\n\t\t\t<\/dt><\/dl><dl class='gallery-item'>\n\t\t\t<dt class='gallery-icon landscape'>\n\t\t\t\t<a href='https:\/\/wolfgang-kipferl.de\/sch_aktuell_blog\/?attachment_id=4116'><img loading=\"lazy\" decoding=\"async\" width=\"150\" height=\"150\" src=\"https:\/\/wolfgang-kipferl.de\/sch_aktuell_blog\/wp-content\/uploads\/2013\/09\/20130922_IntLieJO2013-05-150x150.jpg\" class=\"attachment-thumbnail size-thumbnail\" alt=\"\" \/><\/a>\n\t\t\t<\/dt><\/dl><dl class='gallery-item'>\n\t\t\t<dt class='gallery-icon landscape'>\n\t\t\t\t<a href='https:\/\/wolfgang-kipferl.de\/sch_aktuell_blog\/?attachment_id=4117'><img loading=\"lazy\" decoding=\"async\" width=\"150\" height=\"150\" src=\"https:\/\/wolfgang-kipferl.de\/sch_aktuell_blog\/wp-content\/uploads\/2013\/09\/20130922_IntLieJO2013-06-150x150.jpg\" class=\"attachment-thumbnail size-thumbnail\" alt=\"\" aria-describedby=\"gallery-1-4117\" \/><\/a>\n\t\t\t<\/dt>\n\t\t\t\t<dd class='wp-caption-text gallery-caption' id='gallery-1-4117'>\n\t\t\t\tEva Schilay\n\t\t\t\t<\/dd><\/dl><br style=\"clear: both\" \/><dl class='gallery-item'>\n\t\t\t<dt class='gallery-icon landscape'>\n\t\t\t\t<a href='https:\/\/wolfgang-kipferl.de\/sch_aktuell_blog\/?attachment_id=4118'><img loading=\"lazy\" decoding=\"async\" width=\"150\" height=\"150\" src=\"https:\/\/wolfgang-kipferl.de\/sch_aktuell_blog\/wp-content\/uploads\/2013\/09\/20130922_IntLieJO2013-07-150x150.jpg\" class=\"attachment-thumbnail size-thumbnail\" alt=\"\" aria-describedby=\"gallery-1-4118\" \/><\/a>\n\t\t\t<\/dt>\n\t\t\t\t<dd class='wp-caption-text gallery-caption' id='gallery-1-4118'>\n\t\t\t\tDer SKN geht baden?!\n\t\t\t\t<\/dd><\/dl><dl class='gallery-item'>\n\t\t\t<dt class='gallery-icon portrait'>\n\t\t\t\t<a href='https:\/\/wolfgang-kipferl.de\/sch_aktuell_blog\/?attachment_id=4119'><img loading=\"lazy\" decoding=\"async\" width=\"150\" height=\"150\" src=\"https:\/\/wolfgang-kipferl.de\/sch_aktuell_blog\/wp-content\/uploads\/2013\/09\/20130922_IntLieJO2013-08-150x150.jpg\" class=\"attachment-thumbnail size-thumbnail\" alt=\"\" aria-describedby=\"gallery-1-4119\" \/><\/a>\n\t\t\t<\/dt>\n\t\t\t\t<dd class='wp-caption-text gallery-caption' id='gallery-1-4119'>\n\t\t\t\tTeam Neumarkt\n\t\t\t\t<\/dd><\/dl><dl class='gallery-item'>\n\t\t\t<dt class='gallery-icon landscape'>\n\t\t\t\t<a href='https:\/\/wolfgang-kipferl.de\/sch_aktuell_blog\/?attachment_id=4120'><img loading=\"lazy\" decoding=\"async\" width=\"150\" height=\"150\" src=\"https:\/\/wolfgang-kipferl.de\/sch_aktuell_blog\/wp-content\/uploads\/2013\/09\/20130922_IntLieJO2013-09-150x150.jpg\" class=\"attachment-thumbnail size-thumbnail\" alt=\"\" \/><\/a>\n\t\t\t<\/dt><\/dl><br style=\"clear: both\" \/><dl class='gallery-item'>\n\t\t\t<dt class='gallery-icon landscape'>\n\t\t\t\t<a href='https:\/\/wolfgang-kipferl.de\/sch_aktuell_blog\/?attachment_id=4121'><img loading=\"lazy\" decoding=\"async\" width=\"150\" height=\"150\" src=\"https:\/\/wolfgang-kipferl.de\/sch_aktuell_blog\/wp-content\/uploads\/2013\/09\/20130922_IntLieJO2013-10-150x150.jpg\" class=\"attachment-thumbnail size-thumbnail\" alt=\"\" aria-describedby=\"gallery-1-4121\" \/><\/a>\n\t\t\t<\/dt>\n\t\t\t\t<dd class='wp-caption-text gallery-caption' id='gallery-1-4121'>\n\t\t\t\tLorenz Schilay\n\t\t\t\t<\/dd><\/dl><dl class='gallery-item'>\n\t\t\t<dt class='gallery-icon landscape'>\n\t\t\t\t<a href='https:\/\/wolfgang-kipferl.de\/sch_aktuell_blog\/?attachment_id=4122'><img loading=\"lazy\" decoding=\"async\" width=\"150\" height=\"150\" src=\"https:\/\/wolfgang-kipferl.de\/sch_aktuell_blog\/wp-content\/uploads\/2013\/09\/20130922_IntLieJO2013-11-150x150.jpg\" class=\"attachment-thumbnail size-thumbnail\" alt=\"\" \/><\/a>\n\t\t\t<\/dt><\/dl><dl class='gallery-item'>\n\t\t\t<dt class='gallery-icon landscape'>\n\t\t\t\t<a href='https:\/\/wolfgang-kipferl.de\/sch_aktuell_blog\/?attachment_id=4123'><img loading=\"lazy\" decoding=\"async\" width=\"150\" height=\"150\" src=\"https:\/\/wolfgang-kipferl.de\/sch_aktuell_blog\/wp-content\/uploads\/2013\/09\/20130922_IntLieJO2013-12-150x150.jpg\" class=\"attachment-thumbnail size-thumbnail\" alt=\"\" \/><\/a>\n\t\t\t<\/dt><\/dl><br style=\"clear: both\" \/><dl class='gallery-item'>\n\t\t\t<dt class='gallery-icon landscape'>\n\t\t\t\t<a href='https:\/\/wolfgang-kipferl.de\/sch_aktuell_blog\/?attachment_id=4124'><img loading=\"lazy\" decoding=\"async\" width=\"150\" height=\"150\" src=\"https:\/\/wolfgang-kipferl.de\/sch_aktuell_blog\/wp-content\/uploads\/2013\/09\/20130922_IntLieJO2013-13-150x150.jpg\" class=\"attachment-thumbnail size-thumbnail\" alt=\"\" aria-describedby=\"gallery-1-4124\" \/><\/a>\n\t\t\t<\/dt>\n\t\t\t\t<dd class='wp-caption-text gallery-caption' id='gallery-1-4124'>\n\t\t\t\tTeam Bayern\n\t\t\t\t<\/dd><\/dl><dl class='gallery-item'>\n\t\t\t<dt class='gallery-icon landscape'>\n\t\t\t\t<a href='https:\/\/wolfgang-kipferl.de\/sch_aktuell_blog\/?attachment_id=4125'><img loading=\"lazy\" decoding=\"async\" width=\"150\" height=\"150\" src=\"https:\/\/wolfgang-kipferl.de\/sch_aktuell_blog\/wp-content\/uploads\/2013\/09\/20130922_IntLieJO2013-14-150x150.jpg\" class=\"attachment-thumbnail size-thumbnail\" alt=\"\" aria-describedby=\"gallery-1-4125\" \/><\/a>\n\t\t\t<\/dt>\n\t\t\t\t<dd class='wp-caption-text gallery-caption' id='gallery-1-4125'>\n\t\t\t\tHier kann man getrost aufgeben\n\t\t\t\t<\/dd><\/dl><dl class='gallery-item'>\n\t\t\t<dt class='gallery-icon portrait'>\n\t\t\t\t<a href='https:\/\/wolfgang-kipferl.de\/sch_aktuell_blog\/?attachment_id=4126'><img loading=\"lazy\" decoding=\"async\" width=\"150\" height=\"150\" src=\"https:\/\/wolfgang-kipferl.de\/sch_aktuell_blog\/wp-content\/uploads\/2013\/09\/20130922_IntLieJO2013-15-150x150.jpg\" class=\"attachment-thumbnail size-thumbnail\" alt=\"\" aria-describedby=\"gallery-1-4126\" \/><\/a>\n\t\t\t<\/dt>\n\t\t\t\t<dd class='wp-caption-text gallery-caption' id='gallery-1-4126'>\n\t\t\t\tSieg in der Mannschaftswertung M\u00e4dchen\n\t\t\t\t<\/dd><\/dl><br style=\"clear: both\" \/><dl class='gallery-item'>\n\t\t\t<dt class='gallery-icon portrait'>\n\t\t\t\t<a href='https:\/\/wolfgang-kipferl.de\/sch_aktuell_blog\/?attachment_id=4127'><img loading=\"lazy\" decoding=\"async\" width=\"150\" height=\"150\" src=\"https:\/\/wolfgang-kipferl.de\/sch_aktuell_blog\/wp-content\/uploads\/2013\/09\/20130922_IntLieJO2013-16-150x150.jpg\" class=\"attachment-thumbnail size-thumbnail\" alt=\"\" aria-describedby=\"gallery-1-4127\" \/><\/a>\n\t\t\t<\/dt>\n\t\t\t\t<dd class='wp-caption-text gallery-caption' id='gallery-1-4127'>\n\t\t\t\tSiegerehrung M\u00e4dchen\n\t\t\t\t<\/dd><\/dl><dl class='gallery-item'>\n\t\t\t<dt class='gallery-icon portrait'>\n\t\t\t\t<a href='https:\/\/wolfgang-kipferl.de\/sch_aktuell_blog\/?attachment_id=4128'><img loading=\"lazy\" decoding=\"async\" width=\"150\" height=\"150\" src=\"https:\/\/wolfgang-kipferl.de\/sch_aktuell_blog\/wp-content\/uploads\/2013\/09\/20130922_IntLieJO2013-17-150x150.jpg\" class=\"attachment-thumbnail size-thumbnail\" alt=\"\" aria-describedby=\"gallery-1-4128\" \/><\/a>\n\t\t\t<\/dt>\n\t\t\t\t<dd class='wp-caption-text gallery-caption' id='gallery-1-4128'>\n\t\t\t\tBayern unter den besten Vier\n\t\t\t\t<\/dd><\/dl><dl class='gallery-item'>\n\t\t\t<dt class='gallery-icon portrait'>\n\t\t\t\t<a href='https:\/\/wolfgang-kipferl.de\/sch_aktuell_blog\/?attachment_id=4129'><img loading=\"lazy\" decoding=\"async\" width=\"150\" height=\"150\" src=\"https:\/\/wolfgang-kipferl.de\/sch_aktuell_blog\/wp-content\/uploads\/2013\/09\/20130922_IntLieJO2013-18-150x150.jpg\" class=\"attachment-thumbnail size-thumbnail\" alt=\"\" \/><\/a>\n\t\t\t<\/dt><\/dl><br style=\"clear: both\" \/>\n\t\t<\/div>\n\n<h3>Related Images:<\/h3>","protected":false},"excerpt":{"rendered":"<p>Nach der Premiere im Vorjahr nahm auch dieses Jahr eine Neumarkter Delegation am 29.Internationalen Jugendturnier in Liechtenstein in Schaan teil. Neben Simon Drechsel und Lorenz Schilay die bereits bei der letzten Auflage mit von der Partie waren, verst\u00e4rkten diesmal Eva &hellip; <a href=\"https:\/\/wolfgang-kipferl.de\/sch_aktuell_blog\/?p=4108\">Continue reading<\/a><\/p>\n","protected":false},"author":4,"featured_media":0,"comment_status":"closed","ping_status":"closed","sticky":false,"template":"","format":"standard","meta":{"ngg_post_thumbnail":0,"footnotes":""},"categories":[22],"tags":[],"class_list":["post-4108","post","type-post","status-publish","format-standard","hentry","category-jugend-1314"],"_links":{"self":[{"href":"https:\/\/wolfgang-kipferl.de\/sch_aktuell_blog\/index.php?rest_route=\/wp\/v2\/posts\/4108","targetHints":{"allow":["GET"]}}],"collection":[{"href":"https:\/\/wolfgang-kipferl.de\/sch_aktuell_blog\/index.php?rest_route=\/wp\/v2\/posts"}],"about":[{"href":"https:\/\/wolfgang-kipferl.de\/sch_aktuell_blog\/index.php?rest_route=\/wp\/v2\/types\/post"}],"author":[{"embeddable":true,"href":"https:\/\/wolfgang-kipferl.de\/sch_aktuell_blog\/index.php?rest_route=\/wp\/v2\/users\/4"}],"replies":[{"embeddable":true,"href":"https:\/\/wolfgang-kipferl.de\/sch_aktuell_blog\/index.php?rest_route=%2Fwp%2Fv2%2Fcomments&post=4108"}],"version-history":[{"count":0,"href":"https:\/\/wolfgang-kipferl.de\/sch_aktuell_blog\/index.php?rest_route=\/wp\/v2\/posts\/4108\/revisions"}],"wp:attachment":[{"href":"https:\/\/wolfgang-kipferl.de\/sch_aktuell_blog\/index.php?rest_route=%2Fwp%2Fv2%2Fmedia&parent=4108"}],"wp:term":[{"taxonomy":"category","embeddable":true,"href":"https:\/\/wolfgang-kipferl.de\/sch_aktuell_blog\/index.php?rest_route=%2Fwp%2Fv2%2Fcategories&post=4108"},{"taxonomy":"post_tag","embeddable":true,"href":"https:\/\/wolfgang-kipferl.de\/sch_aktuell_blog\/index.php?rest_route=%2Fwp%2Fv2%2Ftags&post=4108"}],"curies":[{"name":"wp","href":"https:\/\/api.w.org\/{rel}","templated":true}]}}