{"id":5272,"date":"2014-07-06T19:45:57","date_gmt":"2014-07-06T19:45:57","guid":{"rendered":"http:\/\/wolfgang-kipferl.de\/sch_aktuell_blog\/?p=5272"},"modified":"2014-07-16T19:58:12","modified_gmt":"2014-07-16T19:58:12","slug":"jutu-noris-tarrasch-nuernberg","status":"publish","type":"post","link":"https:\/\/wolfgang-kipferl.de\/sch_aktuell_blog\/?p=5272","title":{"rendered":"JuTu Noris Tarrasch N\u00fcrnberg"},"content":{"rendered":"<p>Bei den 11. N\u00fcrnberger Jugend-Stadtmeisterschaften vertraten <strong>Carl-Luca Sp\u00e4th<\/strong> sowie <strong>Daiana<\/strong> und <strong>Radena Burger<\/strong> die Neumarkter Farben. F\u00fcr die beiden Schwestern lief es nicht so gut wie zuletzt: Radena belegte in der U10 mit 3 Punkten Platz 13 und Daiana landete in der U12 mit 2 Punkten auf demselben Rang. Carl-Luca hatte es in der U12 mit schwerer Konkurrenz zu tun, musste sich aber nur Turniersieger Lorenz Hofmann (SV Lauf) sowie dem mehrfachen DEM-Teilnehmer Ruben Mantel (Zabo) geschlagen geben. Mit 4 Punkten erk\u00e4mpfte er sich einen sehr guten sechsten Platz.<\/p>\n<p><a href=\"http:\/\/www.noris-tarrasch.de\/jugend\/turniere\/833-bericht-und-ergebnisse-der-11-nuernberger-stadtjugendmeisterschaft.html\" target=\"_blank\">Turnierseite<\/a><\/p>\n<h3>Related Images:<\/h3>","protected":false},"excerpt":{"rendered":"<p>Bei den 11. N\u00fcrnberger Jugend-Stadtmeisterschaften vertraten Carl-Luca Sp\u00e4th sowie Daiana und Radena Burger die Neumarkter Farben. F\u00fcr die beiden Schwestern lief es nicht so gut wie zuletzt: Radena belegte in der U10 mit 3 Punkten Platz 13 und Daiana landete &hellip; <a href=\"https:\/\/wolfgang-kipferl.de\/sch_aktuell_blog\/?p=5272\">Continue reading<\/a><\/p>\n","protected":false},"author":4,"featured_media":0,"comment_status":"closed","ping_status":"closed","sticky":false,"template":"","format":"standard","meta":{"ngg_post_thumbnail":0,"footnotes":""},"categories":[22],"tags":[],"class_list":["post-5272","post","type-post","status-publish","format-standard","hentry","category-jugend-1314"],"_links":{"self":[{"href":"https:\/\/wolfgang-kipferl.de\/sch_aktuell_blog\/index.php?rest_route=\/wp\/v2\/posts\/5272","targetHints":{"allow":["GET"]}}],"collection":[{"href":"https:\/\/wolfgang-kipferl.de\/sch_aktuell_blog\/index.php?rest_route=\/wp\/v2\/posts"}],"about":[{"href":"https:\/\/wolfgang-kipferl.de\/sch_aktuell_blog\/index.php?rest_route=\/wp\/v2\/types\/post"}],"author":[{"embeddable":true,"href":"https:\/\/wolfgang-kipferl.de\/sch_aktuell_blog\/index.php?rest_route=\/wp\/v2\/users\/4"}],"replies":[{"embeddable":true,"href":"https:\/\/wolfgang-kipferl.de\/sch_aktuell_blog\/index.php?rest_route=%2Fwp%2Fv2%2Fcomments&post=5272"}],"version-history":[{"count":0,"href":"https:\/\/wolfgang-kipferl.de\/sch_aktuell_blog\/index.php?rest_route=\/wp\/v2\/posts\/5272\/revisions"}],"wp:attachment":[{"href":"https:\/\/wolfgang-kipferl.de\/sch_aktuell_blog\/index.php?rest_route=%2Fwp%2Fv2%2Fmedia&parent=5272"}],"wp:term":[{"taxonomy":"category","embeddable":true,"href":"https:\/\/wolfgang-kipferl.de\/sch_aktuell_blog\/index.php?rest_route=%2Fwp%2Fv2%2Fcategories&post=5272"},{"taxonomy":"post_tag","embeddable":true,"href":"https:\/\/wolfgang-kipferl.de\/sch_aktuell_blog\/index.php?rest_route=%2Fwp%2Fv2%2Ftags&post=5272"}],"curies":[{"name":"wp","href":"https:\/\/api.w.org\/{rel}","templated":true}]}}