{"id":5401,"date":"2014-09-02T19:48:46","date_gmt":"2014-09-02T19:48:46","guid":{"rendered":"http:\/\/wolfgang-kipferl.de\/sch_aktuell_blog\/?p=5401"},"modified":"2014-09-16T21:08:37","modified_gmt":"2014-09-16T21:08:37","slug":"bsj-kader-201415","status":"publish","type":"post","link":"https:\/\/wolfgang-kipferl.de\/sch_aktuell_blog\/?p=5401","title":{"rendered":"BSJ-Kader 2014\/15"},"content":{"rendered":"<p>In der kommenden Saison z\u00e4hlen drei unserer Nachwuchstalente zu den Bayerischen Kaderspielern. Lorenz Schilay geh\u00f6rt weiterhin dem D2-Jungen Kader an, Maria Schilay dem D1-M\u00e4dchen Kader und Eva Schilay r\u00fcckt in den D3-M\u00e4dchen Kader auf. <\/p>\n<h3>Related Images:<\/h3>","protected":false},"excerpt":{"rendered":"<p>In der kommenden Saison z\u00e4hlen drei unserer Nachwuchstalente zu den Bayerischen Kaderspielern. Lorenz Schilay geh\u00f6rt weiterhin dem D2-Jungen Kader an, Maria Schilay dem D1-M\u00e4dchen Kader und Eva Schilay r\u00fcckt in den D3-M\u00e4dchen Kader auf. Related Images:<\/p>\n","protected":false},"author":4,"featured_media":0,"comment_status":"closed","ping_status":"closed","sticky":false,"template":"","format":"standard","meta":{"ngg_post_thumbnail":0,"footnotes":""},"categories":[30,29],"tags":[],"class_list":["post-5401","post","type-post","status-publish","format-standard","hentry","category-jugend-1415","category-saison-1415"],"_links":{"self":[{"href":"https:\/\/wolfgang-kipferl.de\/sch_aktuell_blog\/index.php?rest_route=\/wp\/v2\/posts\/5401","targetHints":{"allow":["GET"]}}],"collection":[{"href":"https:\/\/wolfgang-kipferl.de\/sch_aktuell_blog\/index.php?rest_route=\/wp\/v2\/posts"}],"about":[{"href":"https:\/\/wolfgang-kipferl.de\/sch_aktuell_blog\/index.php?rest_route=\/wp\/v2\/types\/post"}],"author":[{"embeddable":true,"href":"https:\/\/wolfgang-kipferl.de\/sch_aktuell_blog\/index.php?rest_route=\/wp\/v2\/users\/4"}],"replies":[{"embeddable":true,"href":"https:\/\/wolfgang-kipferl.de\/sch_aktuell_blog\/index.php?rest_route=%2Fwp%2Fv2%2Fcomments&post=5401"}],"version-history":[{"count":0,"href":"https:\/\/wolfgang-kipferl.de\/sch_aktuell_blog\/index.php?rest_route=\/wp\/v2\/posts\/5401\/revisions"}],"wp:attachment":[{"href":"https:\/\/wolfgang-kipferl.de\/sch_aktuell_blog\/index.php?rest_route=%2Fwp%2Fv2%2Fmedia&parent=5401"}],"wp:term":[{"taxonomy":"category","embeddable":true,"href":"https:\/\/wolfgang-kipferl.de\/sch_aktuell_blog\/index.php?rest_route=%2Fwp%2Fv2%2Fcategories&post=5401"},{"taxonomy":"post_tag","embeddable":true,"href":"https:\/\/wolfgang-kipferl.de\/sch_aktuell_blog\/index.php?rest_route=%2Fwp%2Fv2%2Ftags&post=5401"}],"curies":[{"name":"wp","href":"https:\/\/api.w.org\/{rel}","templated":true}]}}