{"id":5419,"date":"2014-09-07T21:06:00","date_gmt":"2014-09-07T21:06:00","guid":{"rendered":"http:\/\/wolfgang-kipferl.de\/sch_aktuell_blog\/?p=5419"},"modified":"2014-09-16T21:18:12","modified_gmt":"2014-09-16T21:18:12","slug":"pyramiden-cup-2014","status":"publish","type":"post","link":"https:\/\/wolfgang-kipferl.de\/sch_aktuell_blog\/?p=5419","title":{"rendered":"Pyramiden Cup 2014"},"content":{"rendered":"<p>Nach 12 Jahren Pause gab es eine Wiederbelebung des Opens in der F\u00fcrther Pyramide, an der <strong>Kevin Beesk<\/strong> und <strong>Maximilian Lutter<\/strong> teilnahmen. Kevin (#59) machte nach 1\/3 mit drei Siegen in Folge m\u00e4chtig Boden gut, wobei er u.a. Erwin Hirn (SW N\u00fcrnberg S\u00fcd\/2015) und Thomas Walter (SC Erlangen 48\/88\/2046) bezwingen konnte. In der letzten Runde musste er sich FM Gerald L\u00f6w (TSV Bindlach Aktion\u00e4r\/2115) geschlagen geben, klassierte sich mit aber dennoch auf einem hervorragenden 34. Platz. Maximilian gelang kein Ausrei\u00dfer nach oben, so dass er mit 2,5 Punkten auf Rang 73 in der N\u00e4he seines Setzlistenplatzes landete. <\/p>\n<p><a href=\"http:\/\/www.pyramidencup-zdf.de\/\" target=\"_blank\">Turnierseite<\/a><\/p>\n<h3>Related Images:<\/h3>","protected":false},"excerpt":{"rendered":"<p>Nach 12 Jahren Pause gab es eine Wiederbelebung des Opens in der F\u00fcrther Pyramide, an der Kevin Beesk und Maximilian Lutter teilnahmen. Kevin (#59) machte nach 1\/3 mit drei Siegen in Folge m\u00e4chtig Boden gut, wobei er u.a. Erwin Hirn &hellip; <a href=\"https:\/\/wolfgang-kipferl.de\/sch_aktuell_blog\/?p=5419\">Continue reading<\/a><\/p>\n","protected":false},"author":4,"featured_media":0,"comment_status":"closed","ping_status":"closed","sticky":false,"template":"","format":"standard","meta":{"ngg_post_thumbnail":0,"footnotes":""},"categories":[32,29],"tags":[],"class_list":["post-5419","post","type-post","status-publish","format-standard","hentry","category-turniere-1415","category-saison-1415"],"_links":{"self":[{"href":"https:\/\/wolfgang-kipferl.de\/sch_aktuell_blog\/index.php?rest_route=\/wp\/v2\/posts\/5419","targetHints":{"allow":["GET"]}}],"collection":[{"href":"https:\/\/wolfgang-kipferl.de\/sch_aktuell_blog\/index.php?rest_route=\/wp\/v2\/posts"}],"about":[{"href":"https:\/\/wolfgang-kipferl.de\/sch_aktuell_blog\/index.php?rest_route=\/wp\/v2\/types\/post"}],"author":[{"embeddable":true,"href":"https:\/\/wolfgang-kipferl.de\/sch_aktuell_blog\/index.php?rest_route=\/wp\/v2\/users\/4"}],"replies":[{"embeddable":true,"href":"https:\/\/wolfgang-kipferl.de\/sch_aktuell_blog\/index.php?rest_route=%2Fwp%2Fv2%2Fcomments&post=5419"}],"version-history":[{"count":0,"href":"https:\/\/wolfgang-kipferl.de\/sch_aktuell_blog\/index.php?rest_route=\/wp\/v2\/posts\/5419\/revisions"}],"wp:attachment":[{"href":"https:\/\/wolfgang-kipferl.de\/sch_aktuell_blog\/index.php?rest_route=%2Fwp%2Fv2%2Fmedia&parent=5419"}],"wp:term":[{"taxonomy":"category","embeddable":true,"href":"https:\/\/wolfgang-kipferl.de\/sch_aktuell_blog\/index.php?rest_route=%2Fwp%2Fv2%2Fcategories&post=5419"},{"taxonomy":"post_tag","embeddable":true,"href":"https:\/\/wolfgang-kipferl.de\/sch_aktuell_blog\/index.php?rest_route=%2Fwp%2Fv2%2Ftags&post=5419"}],"curies":[{"name":"wp","href":"https:\/\/api.w.org\/{rel}","templated":true}]}}