{"id":5902,"date":"2015-01-24T16:17:31","date_gmt":"2015-01-24T16:17:31","guid":{"rendered":"http:\/\/wolfgang-kipferl.de\/sch_aktuell_blog\/?p=5902"},"modified":"2015-02-03T20:24:49","modified_gmt":"2015-02-03T20:24:49","slug":"friedl-rinder-pokal-2015","status":"publish","type":"post","link":"https:\/\/wolfgang-kipferl.de\/sch_aktuell_blog\/?p=5902","title":{"rendered":"Friedl-Rinder-Pokal 2015"},"content":{"rendered":"<p>Bei der 4.Auflage des Friedl-Rinder-Pokals in Vaterstetten traten <strong>Maria Schilay<\/strong>, <strong>Daiana<\/strong> und <strong>Radena Burger<\/strong> in der U12 an. Maria gewann die ersten beiden Partien und stand auch gegen die sp\u00e4tere Turniersiegerin Katharina Herich (SK Tarrasch M\u00fcnchen) im Endspiel deutlich besser, lief aber in ein Grundreihenmatt. In den Runden vier und f\u00fcnf hielt sich Maria schadlos und wurde mit 4 Punkten Dritte. Einen sehr guten Vierten Platz erzielte Daiana mit 3 Punkten, die sich nur den beiden Erstplatzierten geschlagen geben musste. Radena verpasste in der letzten Runde den m\u00f6glichen f\u00fcnften Rang und wurde mit 2 Punkten Neunte.<\/p>\n<p><a href=\"http:\/\/www.scv-jugend.de\/?p=3017\" target=\"_blank\">Turnierseite<\/a><\/p>\n<h3>Related Images:<\/h3>","protected":false},"excerpt":{"rendered":"<p>Bei der 4.Auflage des Friedl-Rinder-Pokals in Vaterstetten traten Maria Schilay, Daiana und Radena Burger in der U12 an. Maria gewann die ersten beiden Partien und stand auch gegen die sp\u00e4tere Turniersiegerin Katharina Herich (SK Tarrasch M\u00fcnchen) im Endspiel deutlich besser, &hellip; <a href=\"https:\/\/wolfgang-kipferl.de\/sch_aktuell_blog\/?p=5902\">Continue reading<\/a><\/p>\n","protected":false},"author":4,"featured_media":0,"comment_status":"closed","ping_status":"closed","sticky":false,"template":"","format":"standard","meta":{"ngg_post_thumbnail":0,"footnotes":""},"categories":[30,29],"tags":[],"class_list":["post-5902","post","type-post","status-publish","format-standard","hentry","category-jugend-1415","category-saison-1415"],"_links":{"self":[{"href":"https:\/\/wolfgang-kipferl.de\/sch_aktuell_blog\/index.php?rest_route=\/wp\/v2\/posts\/5902","targetHints":{"allow":["GET"]}}],"collection":[{"href":"https:\/\/wolfgang-kipferl.de\/sch_aktuell_blog\/index.php?rest_route=\/wp\/v2\/posts"}],"about":[{"href":"https:\/\/wolfgang-kipferl.de\/sch_aktuell_blog\/index.php?rest_route=\/wp\/v2\/types\/post"}],"author":[{"embeddable":true,"href":"https:\/\/wolfgang-kipferl.de\/sch_aktuell_blog\/index.php?rest_route=\/wp\/v2\/users\/4"}],"replies":[{"embeddable":true,"href":"https:\/\/wolfgang-kipferl.de\/sch_aktuell_blog\/index.php?rest_route=%2Fwp%2Fv2%2Fcomments&post=5902"}],"version-history":[{"count":0,"href":"https:\/\/wolfgang-kipferl.de\/sch_aktuell_blog\/index.php?rest_route=\/wp\/v2\/posts\/5902\/revisions"}],"wp:attachment":[{"href":"https:\/\/wolfgang-kipferl.de\/sch_aktuell_blog\/index.php?rest_route=%2Fwp%2Fv2%2Fmedia&parent=5902"}],"wp:term":[{"taxonomy":"category","embeddable":true,"href":"https:\/\/wolfgang-kipferl.de\/sch_aktuell_blog\/index.php?rest_route=%2Fwp%2Fv2%2Fcategories&post=5902"},{"taxonomy":"post_tag","embeddable":true,"href":"https:\/\/wolfgang-kipferl.de\/sch_aktuell_blog\/index.php?rest_route=%2Fwp%2Fv2%2Ftags&post=5902"}],"curies":[{"name":"wp","href":"https:\/\/api.w.org\/{rel}","templated":true}]}}