{"id":5917,"date":"2015-01-31T20:58:59","date_gmt":"2015-01-31T20:58:59","guid":{"rendered":"http:\/\/wolfgang-kipferl.de\/sch_aktuell_blog\/?p=5917"},"modified":"2015-02-11T21:10:57","modified_gmt":"2015-02-11T21:10:57","slug":"bezirksem-u10-2015","status":"publish","type":"post","link":"https:\/\/wolfgang-kipferl.de\/sch_aktuell_blog\/?p=5917","title":{"rendered":"BezirksEM U10 2015"},"content":{"rendered":"<p>Bei den diesj\u00e4hrigen Bezirksmeisterschaften der U10 vertrat <strong>Josef Franke<\/strong> die Neumarkter Farben. Der Bayerische U8 Meister von 2013 traf zum Auftakt auf seinen Nachfolger Hugo Danninger (Zabo) und remisierte. Es folgte eine Niederlage gegen Raphael Stark (SK Rothenburg), womit die Podestpl\u00e4tze im Prinzip schon au\u00dfer Reichweite waren. Mit Siegen \u00fcber Melissa Albayrak (Zabo) sowie Robert Rerich (SGem F\u00fcrth) k\u00e4mpfte sich Josef wieder nach vorne und auch in der letzten Runde gegen Daniel Mishurisman (NT) war er mit einer Mehrfigur bereits auf Kurs. Doch leider verlor er diese wieder und kam nicht \u00fcber ein Remis hinaus. Somit verpasste er Rang vier und beendete das Turnier mit 3 Punkten auf Platz sieben.<\/p>\n<p><a href=\"http:\/\/wolfgang-kipferl.de\/sch_aktuell_blog\/wp-content\/uploads\/2015\/02\/bezu102015-fort-r5.html\" target=\"_blank\">Endstand<\/a><\/p>\n<h3>Related Images:<\/h3>","protected":false},"excerpt":{"rendered":"<p>Bei den diesj\u00e4hrigen Bezirksmeisterschaften der U10 vertrat Josef Franke die Neumarkter Farben. Der Bayerische U8 Meister von 2013 traf zum Auftakt auf seinen Nachfolger Hugo Danninger (Zabo) und remisierte. Es folgte eine Niederlage gegen Raphael Stark (SK Rothenburg), womit die &hellip; <a href=\"https:\/\/wolfgang-kipferl.de\/sch_aktuell_blog\/?p=5917\">Continue reading<\/a><\/p>\n","protected":false},"author":4,"featured_media":0,"comment_status":"closed","ping_status":"closed","sticky":false,"template":"","format":"standard","meta":{"ngg_post_thumbnail":0,"footnotes":""},"categories":[30,29],"tags":[],"class_list":["post-5917","post","type-post","status-publish","format-standard","hentry","category-jugend-1415","category-saison-1415"],"_links":{"self":[{"href":"https:\/\/wolfgang-kipferl.de\/sch_aktuell_blog\/index.php?rest_route=\/wp\/v2\/posts\/5917","targetHints":{"allow":["GET"]}}],"collection":[{"href":"https:\/\/wolfgang-kipferl.de\/sch_aktuell_blog\/index.php?rest_route=\/wp\/v2\/posts"}],"about":[{"href":"https:\/\/wolfgang-kipferl.de\/sch_aktuell_blog\/index.php?rest_route=\/wp\/v2\/types\/post"}],"author":[{"embeddable":true,"href":"https:\/\/wolfgang-kipferl.de\/sch_aktuell_blog\/index.php?rest_route=\/wp\/v2\/users\/4"}],"replies":[{"embeddable":true,"href":"https:\/\/wolfgang-kipferl.de\/sch_aktuell_blog\/index.php?rest_route=%2Fwp%2Fv2%2Fcomments&post=5917"}],"version-history":[{"count":0,"href":"https:\/\/wolfgang-kipferl.de\/sch_aktuell_blog\/index.php?rest_route=\/wp\/v2\/posts\/5917\/revisions"}],"wp:attachment":[{"href":"https:\/\/wolfgang-kipferl.de\/sch_aktuell_blog\/index.php?rest_route=%2Fwp%2Fv2%2Fmedia&parent=5917"}],"wp:term":[{"taxonomy":"category","embeddable":true,"href":"https:\/\/wolfgang-kipferl.de\/sch_aktuell_blog\/index.php?rest_route=%2Fwp%2Fv2%2Fcategories&post=5917"},{"taxonomy":"post_tag","embeddable":true,"href":"https:\/\/wolfgang-kipferl.de\/sch_aktuell_blog\/index.php?rest_route=%2Fwp%2Fv2%2Ftags&post=5917"}],"curies":[{"name":"wp","href":"https:\/\/api.w.org\/{rel}","templated":true}]}}