{"id":645,"date":"2011-07-15T21:23:58","date_gmt":"2011-07-15T21:23:58","guid":{"rendered":"http:\/\/wolfgang-kipferl.de\/sch_aktuell_blog\/?p=645"},"modified":"2011-10-25T18:35:24","modified_gmt":"2011-10-25T18:35:24","slug":"pulvermuhlblitz-2011","status":"publish","type":"post","link":"https:\/\/wolfgang-kipferl.de\/sch_aktuell_blog\/?p=645","title":{"rendered":"Pulverm\u00fchlblitz 2011"},"content":{"rendered":"<p>Zur 10.Auflage des legend\u00e4ren Pulverm\u00fchlblitz machten sich auch drei Neumarkter auf. W\u00e4hrend Sebastian M\u00f6sl schon im Vorjahr mit von der Partie war, kamen Martin Simon und Jonathan Helm zu ihrer Pulverm\u00fchlpremiere. Wie immer waren einige Spitzenspieler vor Ort, neben Lokalmatador GM Michael Bezold und GM Christian Gabriel gab sich auch IM Ilja Schneider (SF Berlin) die Ehre, der bei der DBEM 2009 in Neumarkt den dritten Platz belegt hatte. Hinzu kamen viele bekannte Gesichter aus der fr\u00e4nkischen Schachszene.<br \/>\nIm 60k\u00f6pfigen Teilnehmerfeld fanden sich die Neumarkter im hinteren Drittel der Setzliste \u2013 zumindest der nach DWZ. Martin kam aber dank seiner ELO (aus einem anderen Jahrtausend\u2026) in die obere H\u00e4lfte, gab aber zum Auftakt gegen den Abensberger Martin Schuster (1736) dennoch einen halben Punkt ab. Mit leeren H\u00e4nden standen Jonathan und Sebi da, die gegen Stefan Krug (SC 1868 Bamberg\/2123) bzw. Organisator Dr. Alexander Pauli (SK Zirndorf\/2095) jeweils 0:2 verloren, wobei Sebi in Partie zwei Remischancen hatte, aber zu viel Zeit verbrauchte. Danach mussten die beiden Spielsaal A (Bretter 1-20) verlassen und kehrten bis Turnierschluss leider nicht mehr zur\u00fcck\u2026 Besonders Jonathan fand nicht zu seinem Spiel und der Alkohol tat sein \u00dcbriges\u2026 Am Ende kam er auf 6,5 Punkte und landete somit \u201enur\u201c auf Rang 55. Nur einen halben Z\u00e4hler mehr hatte Sebi auf seinem Konto was noch zu Platz 51 reichte. Dabei konnte er immerhin Arno Schmidmeier (SV Altensittenbach\/2047) 1,5:0,5 bezwingen und holte einen Punkt gegen Cliff Walther (SV Medizin Erfurt\/2132). Dass ihm trotz der wenigen Punkte das Los in den Runden 7 und 8 Dimi Vogiatzis (NT\/2055) und Ulrich W\u00fcnsch (USG Chemnitz\/2109) bescherte half da nat\u00fcrlich auch nicht. Daf\u00fcr hatte er auch zweimal Gl\u00fcck, als er Gegner trotz kaputter Stellung und schlechterer Zeit \u00fcber dieselbige dr\u00fccken konnte.<br \/>\nMartin dagegen konnte sich zumeist im vorderen Raum halten und kam durch ein 2:0 gegen Martis Grasser (RT\/1820) in der vorletzten Runde auf gute 8,5 Punkte. Leider war dann Ossi Hirn (NT\/2242) zweimal zu stark, sonst h\u00e4tte es sogar noch zu einer besseren Platzierung als Rang 34 gereicht, f\u00fcr den es dennoch einen der zahlreichen Sachpreise gab.<\/p>\n<p><a href=\"http:\/\/wolfgang-kipferl.de\/sch_aktuell_blog\/wp-content\/uploads\/2011\/07\/Pulverm%C3%BChlblitz2011_Rangliste.html\" target=\"_blank\">Pulverm\u00fchlblitz2011_Rangliste<\/a><\/p>\n<p><a href=\"http:\/\/wolfgang-kipferl.de\/sch_aktuell_blog\/wp-content\/uploads\/2011\/07\/Pulverm%C3%BChlblitz2011_FST.html\" target=\"_blank\">Pulverm\u00fchlblitz2011_Fortschrittstabelle<\/a><\/p>\n<p><a href=\"http:\/\/www.pulverblitz.steffans-schachseiten.de\/\" target=\"_blank\">Turnierseite<\/a><\/p>\n\n<p>Bilder von Klaus Steffan (<a href=\"http:\/\/www.steffans-schachseiten.de\/4images\/categories.php?cat_id=326\" target=\"_blank\">Bilderseite<\/a>)<\/p>\n<h3>Related Images:<\/h3>","protected":false},"excerpt":{"rendered":"<p>Zur 10.Auflage des legend\u00e4ren Pulverm\u00fchlblitz machten sich auch drei Neumarkter auf. W\u00e4hrend Sebastian M\u00f6sl schon im Vorjahr mit von der Partie war, kamen Martin Simon und Jonathan Helm zu ihrer Pulverm\u00fchlpremiere. Wie immer waren einige Spitzenspieler vor Ort, neben Lokalmatador &hellip; <a href=\"https:\/\/wolfgang-kipferl.de\/sch_aktuell_blog\/?p=645\">Continue reading<\/a><\/p>\n","protected":false},"author":4,"featured_media":0,"comment_status":"closed","ping_status":"closed","sticky":false,"template":"","format":"standard","meta":{"ngg_post_thumbnail":0,"footnotes":""},"categories":[16],"tags":[],"class_list":["post-645","post","type-post","status-publish","format-standard","hentry","category-saison-1011"],"_links":{"self":[{"href":"https:\/\/wolfgang-kipferl.de\/sch_aktuell_blog\/index.php?rest_route=\/wp\/v2\/posts\/645","targetHints":{"allow":["GET"]}}],"collection":[{"href":"https:\/\/wolfgang-kipferl.de\/sch_aktuell_blog\/index.php?rest_route=\/wp\/v2\/posts"}],"about":[{"href":"https:\/\/wolfgang-kipferl.de\/sch_aktuell_blog\/index.php?rest_route=\/wp\/v2\/types\/post"}],"author":[{"embeddable":true,"href":"https:\/\/wolfgang-kipferl.de\/sch_aktuell_blog\/index.php?rest_route=\/wp\/v2\/users\/4"}],"replies":[{"embeddable":true,"href":"https:\/\/wolfgang-kipferl.de\/sch_aktuell_blog\/index.php?rest_route=%2Fwp%2Fv2%2Fcomments&post=645"}],"version-history":[{"count":0,"href":"https:\/\/wolfgang-kipferl.de\/sch_aktuell_blog\/index.php?rest_route=\/wp\/v2\/posts\/645\/revisions"}],"wp:attachment":[{"href":"https:\/\/wolfgang-kipferl.de\/sch_aktuell_blog\/index.php?rest_route=%2Fwp%2Fv2%2Fmedia&parent=645"}],"wp:term":[{"taxonomy":"category","embeddable":true,"href":"https:\/\/wolfgang-kipferl.de\/sch_aktuell_blog\/index.php?rest_route=%2Fwp%2Fv2%2Fcategories&post=645"},{"taxonomy":"post_tag","embeddable":true,"href":"https:\/\/wolfgang-kipferl.de\/sch_aktuell_blog\/index.php?rest_route=%2Fwp%2Fv2%2Ftags&post=645"}],"curies":[{"name":"wp","href":"https:\/\/api.w.org\/{rel}","templated":true}]}}