{"id":7052,"date":"2015-11-21T23:43:23","date_gmt":"2015-11-21T23:43:23","guid":{"rendered":"http:\/\/wolfgang-kipferl.de\/sch_aktuell_blog\/?p=7052"},"modified":"2015-11-23T00:36:06","modified_gmt":"2015-11-23T00:36:06","slug":"u20-bayernliga-runde-1","status":"publish","type":"post","link":"https:\/\/wolfgang-kipferl.de\/sch_aktuell_blog\/?p=7052","title":{"rendered":"U20 Bayernliga &#8211; Runde 1"},"content":{"rendered":"<p><a href=\"http:\/\/wolfgang-kipferl.de\/sch_aktuell_blog\/wp-content\/uploads\/2015\/11\/20151121_U20BAYLI201516R1-2.jpg\"><img loading=\"lazy\" decoding=\"async\" src=\"http:\/\/wolfgang-kipferl.de\/sch_aktuell_blog\/wp-content\/uploads\/2015\/11\/20151121_U20BAYLI201516R1-2-300x225.jpg\" alt=\"20151121_U20BAYLI201516R1 (2)\" width=\"300\" height=\"225\" class=\"alignright size-medium wp-image-7055\" srcset=\"https:\/\/wolfgang-kipferl.de\/sch_aktuell_blog\/wp-content\/uploads\/2015\/11\/20151121_U20BAYLI201516R1-2-300x225.jpg 300w, https:\/\/wolfgang-kipferl.de\/sch_aktuell_blog\/wp-content\/uploads\/2015\/11\/20151121_U20BAYLI201516R1-2.jpg 720w\" sizes=\"auto, (max-width: 300px) 100vw, 300px\" \/><\/a>Nach \u00fcber 15 Jahren spielt unsere U20 wieder in der h\u00f6chsten Jugendspielklasse (zuletzt gab es am 13.05.2000 ein 2:2 gegen die Schwabinger SG). Zum Auftakt der Bayernliga fuhren wir als krasser Au\u00dfenseiter &#8211; das wird sich in den weiteren Runden aber kaum \u00e4ndern&#8230; &#8211; zu SW N\u00fcrnberg S\u00fcd, gegen die wir in den vergangenen Jahren sowohl in der B1 als auch in der Landesliga Nord den K\u00fcrzeren gezogen haben. Unser Team bot dem Favoriten einen harten Kampf und musste sich nur denkbar knapp mit 2,5:3,5 geschlagen geben. Dabei m\u00fcssen wir uns noch \u00e4rgern einen Punkt liegen gelassen zu haben. Drei einz\u00fcgige Einsteller innerhalb kurzer Zeit verhinderten leider eine gro\u00dfe \u00dcberraschung.<\/p>\n<p><!--more--><br \/>\nDie S\u00fcder traten \u00fcberraschend ohne ihr nominelles Brett 3 an, wobei es noch fraglich war, ob das jetzt gut oder schlecht f\u00fcr uns sein w\u00fcrde. Nach zwei Stunden Spielzeit traute ich mir noch keine Prognose abzugeben, dazu waren mir einige Stellungen zu vogelwild. Maximilian Lutter stand leicht besser, daf\u00fcr musste Lorenz Schilay eine schwierige Position mit unrochiertem K\u00f6nig verteidigen. Simon Drechsel h\u00e4tte schon einen Bauern weniger haben k\u00f6nnen, aber nachdem Fabian Meulner die Verwicklungen nach dem Schlag nicht auf dem Brett haben wollte, war die Stellung wieder in Ordnung. Yannick Beesk und Paul Neppert hatten nach jeweils interessantem Er\u00f6ffnungsverlauf schwer einsch\u00e4tzbare Stellungen auf dem Brett. Bei Yannick war der K\u00f6nig noch in der Mitte, daf\u00fcr hatte er die offene h-Linie um Druck auf die gegnerische Rochade-Stellung aus\u00fcben zu k\u00f6nnen. Bei Paul war es der Gegner der den K\u00f6nig noch in der Mitte hatte und er versuchte durch Linien\u00f6ffnung diesem zu Leibe zu r\u00fccken. Ein weiterer unrochierter K\u00f6nig war derjenige von Eva Schilay, die ganz gegen ihre sonstigen Gewohnheiten freiwillig eine riskante Strategie verfolgte.<br \/>\nEine gute Stunde sp\u00e4ter lagen wir dann beinahe aussichtslos mit 0:3 zur\u00fcck. Zun\u00e4chst \u00fcbersah Simon eine Springergabel die eine Qualit\u00e4t kostete, wonach alles sofort auseinanderbrach. Danach w\u00e4hlte Yannick im Bestreben seinen zweiten Turm f\u00fcr den Angriff am K\u00f6nigsfl\u00fcgel zu aktivieren die falsche Variante. Lange Rochade w\u00e4re zwar der w\u00fcnschenswerte Zug gewesen, doch der verlor sofort dreiz\u00fcgig eine Figur. Nach Kf2 dagegen w\u00e4re es wohl noch rund gegangen mit allen denkbaren Resultaten. Zu allem \u00dcberfluss verkombinierte sich dann auch noch Paul, der statt Mehrbauer einen Minusturm zu verzeichnen hatte.<br \/>\nDaf\u00fcr hatte Maxi mittlerweile einen Mehrturm nachdem Melina Siegl in einer Schlagvariante einen Zwischenzug \u00fcbersehen hatte. Und auch Lorenz hatte ein vielvbersprechendes Endspiel erreicht. Zuvor h\u00e4tte er nach einer Ungenauigkeit eine Qualit\u00e4t einb\u00fc\u00dfen k\u00f6nnen, doch es kam eine Abwicklung aufs Brett in der Valentin Krasotin zwar L\u00e4ufer und Springer f\u00fcr einen Turm bekam, aber Lorenz hatte noch zwei Freibauern. Die Engine h\u00e4lt die Stellung f\u00fcr ausgeglichen, aber die Kiebitze waren sich einig, dass hier Schwarz beste Chancen h\u00e4tte. Unklar war dagegen weiterhin die Stellung von Eva, bei der wir ja nun ebenfalls einen Sieg ben\u00f6tigt h\u00e4tten. Leider \u00fcbersah sie eine gegnerische M\u00f6glichkeit, die Arthur Paul zum Remisgebot nutzte. Nach kurzer Bedenkzeit akzeptierte Eva dies trotz 0:3 R\u00fcckstands, da es aussah als w\u00fcrde ihre Stellung sofort komplett auseinanderbrechen. Tats\u00e4chlich zeigt die Engine nur leichten wei\u00dfen Vorteil an, daf\u00fcr muss man aber nachher etliche Einzige-Z\u00fcge finden (gilt allerdings auch f\u00fcr Wei\u00df). Kurz darauf brachte Maxi seine erste Bayernliga-Partie siegreich zu Ende und brach damit endlich den &#8222;Siegl-Fluch&#8220;. Bei Lorenz Partie mussten sich die beiden Leichtfiguren f\u00fcr die beiden Freibauern opfern und am Ende standen drei wei\u00dfe Bauern einem Turm und einem Bauern gegen\u00fcber, was Lorenz siegreich zu Ende brachte.<\/p>\n<p><a href=\"http:\/\/www.ligamanager.schachbund-bayern.de\/bsj\/ergebnisse\/spielplan.htm?ligaId=810\" target=\"_blank\">U20 Bayernliga<\/a><\/p>\n<p><a href=\"http:\/\/wolfgang-kipferl.de\/sch_aktuell_blog\/wp-content\/uploads\/2015\/11\/20151121_U20BAYLI201516R1-1.jpg\"><img loading=\"lazy\" decoding=\"async\" src=\"http:\/\/wolfgang-kipferl.de\/sch_aktuell_blog\/wp-content\/uploads\/2015\/11\/20151121_U20BAYLI201516R1-1-300x225.jpg\" alt=\"20151121_U20BAYLI201516R1 (1)\" width=\"300\" height=\"225\" class=\"alignleft size-medium wp-image-7054\" srcset=\"https:\/\/wolfgang-kipferl.de\/sch_aktuell_blog\/wp-content\/uploads\/2015\/11\/20151121_U20BAYLI201516R1-1-300x225.jpg 300w, https:\/\/wolfgang-kipferl.de\/sch_aktuell_blog\/wp-content\/uploads\/2015\/11\/20151121_U20BAYLI201516R1-1.jpg 720w\" sizes=\"auto, (max-width: 300px) 100vw, 300px\" \/><\/a><\/p>\n<h3>Related Images:<\/h3>","protected":false},"excerpt":{"rendered":"<p>Nach \u00fcber 15 Jahren spielt unsere U20 wieder in der h\u00f6chsten Jugendspielklasse (zuletzt gab es am 13.05.2000 ein 2:2 gegen die Schwabinger SG). Zum Auftakt der Bayernliga fuhren wir als krasser Au\u00dfenseiter &#8211; das wird sich in den weiteren Runden &hellip; <a href=\"https:\/\/wolfgang-kipferl.de\/sch_aktuell_blog\/?p=7052\">Continue reading<\/a><\/p>\n","protected":false},"author":4,"featured_media":0,"comment_status":"closed","ping_status":"closed","sticky":false,"template":"","format":"standard","meta":{"ngg_post_thumbnail":0,"footnotes":""},"categories":[36,33],"tags":[],"class_list":["post-7052","post","type-post","status-publish","format-standard","hentry","category-jugend-1516","category-saison-1516"],"_links":{"self":[{"href":"https:\/\/wolfgang-kipferl.de\/sch_aktuell_blog\/index.php?rest_route=\/wp\/v2\/posts\/7052","targetHints":{"allow":["GET"]}}],"collection":[{"href":"https:\/\/wolfgang-kipferl.de\/sch_aktuell_blog\/index.php?rest_route=\/wp\/v2\/posts"}],"about":[{"href":"https:\/\/wolfgang-kipferl.de\/sch_aktuell_blog\/index.php?rest_route=\/wp\/v2\/types\/post"}],"author":[{"embeddable":true,"href":"https:\/\/wolfgang-kipferl.de\/sch_aktuell_blog\/index.php?rest_route=\/wp\/v2\/users\/4"}],"replies":[{"embeddable":true,"href":"https:\/\/wolfgang-kipferl.de\/sch_aktuell_blog\/index.php?rest_route=%2Fwp%2Fv2%2Fcomments&post=7052"}],"version-history":[{"count":0,"href":"https:\/\/wolfgang-kipferl.de\/sch_aktuell_blog\/index.php?rest_route=\/wp\/v2\/posts\/7052\/revisions"}],"wp:attachment":[{"href":"https:\/\/wolfgang-kipferl.de\/sch_aktuell_blog\/index.php?rest_route=%2Fwp%2Fv2%2Fmedia&parent=7052"}],"wp:term":[{"taxonomy":"category","embeddable":true,"href":"https:\/\/wolfgang-kipferl.de\/sch_aktuell_blog\/index.php?rest_route=%2Fwp%2Fv2%2Fcategories&post=7052"},{"taxonomy":"post_tag","embeddable":true,"href":"https:\/\/wolfgang-kipferl.de\/sch_aktuell_blog\/index.php?rest_route=%2Fwp%2Fv2%2Ftags&post=7052"}],"curies":[{"name":"wp","href":"https:\/\/api.w.org\/{rel}","templated":true}]}}