{"id":7348,"date":"2016-01-31T21:50:34","date_gmt":"2016-01-31T21:50:34","guid":{"rendered":"http:\/\/wolfgang-kipferl.de\/sch_aktuell_blog\/?p=7348"},"modified":"2016-02-04T22:58:00","modified_gmt":"2016-02-04T22:58:00","slug":"bezirksem-u10-2016","status":"publish","type":"post","link":"https:\/\/wolfgang-kipferl.de\/sch_aktuell_blog\/?p=7348","title":{"rendered":"BezirksEM U10 2016"},"content":{"rendered":"<p><a href=\"http:\/\/wolfgang-kipferl.de\/sch_aktuell_blog\/wp-content\/uploads\/2016\/01\/20160131BezEMU102016-0.jpg\" rel=\"attachment wp-att-7351\"><img loading=\"lazy\" decoding=\"async\" src=\"http:\/\/wolfgang-kipferl.de\/sch_aktuell_blog\/wp-content\/uploads\/2016\/01\/20160131BezEMU102016-0-200x300.jpg\" alt=\"20160131BezEMU102016 (0)\" width=\"200\" height=\"300\" class=\"alignright size-medium wp-image-7351\" srcset=\"https:\/\/wolfgang-kipferl.de\/sch_aktuell_blog\/wp-content\/uploads\/2016\/01\/20160131BezEMU102016-0-200x300.jpg 200w, https:\/\/wolfgang-kipferl.de\/sch_aktuell_blog\/wp-content\/uploads\/2016\/01\/20160131BezEMU102016-0.jpg 479w\" sizes=\"auto, (max-width: 200px) 100vw, 200px\" \/><\/a>Bei den diesj\u00e4hrigen U10-Bezirksmeisterschaften in Erlangen vertraten zwei unserer J\u00fcngsten die Neumarkter Farben:<strong>Vinzenz Schilay<\/strong>, der erst vor zwei Monaten seinen sechsten Geburtstag feierte, sowie <strong>Leonhard Franke<\/strong> ebenfalls erst sechs Jahre alt.<br \/>\nVinzenz bekam es in der ersten Runde mit der Setzlistenzweiten Sviatlana Antonava (SGem F\u00fcrth) zu tun. In der l\u00e4ngsten Partie der Runde gaben letztlich nur zwei verlorene Bauern den Ausschlag zu Gunsten der Favoritin. Daf\u00fcr konnte Vinzenz die beiden anderen Spiele des ersten Turniertags f\u00fcr sich entscheiden und ging in der erweiterten Spitzengruppe in den Sonntag. Dort begann er mit einem weiteren Erfolg, ehe er sich Anton Thomas (SC Erlangen 48\/88) nach hartem Kampf knapp geschlagen geben musste. In der letzten Runde behielt er gegen Seydi Isbilir (SC Erlangen 48\/88) die Oberhand und wurde mit vier Punkten somit starker F\u00fcnfter! Damit schlug sich Vinzenz wie schon bei seinem \u00fcberraschend souver\u00e4nen Sieg bei den <a href=\"http:\/\/wolfgang-kipferl.de\/sch_aktuell_blog\/?p=7020\" target=\"_blank\">Kreismeisterschaften<\/a> hervorragend gegen die bis zu \u00fcber drei Jahre \u00e4ltere Konkurrenz.<br \/>\nLeonhard spielte noch zu schnell mit entsprechend daraus resultierenden Leichtsinnsfehlern, die mehr Punkte verhinderten. So war er in Runde vier mit einer Dame mehr auf dem besten Weg zu seinem zweiten Sieg, ehe er seinem Gegen\u00fcber ein Grundreihenmatt auflegte. Den zweiten Punkte holte er sich daf\u00fcr eine Runde sp\u00e4ter und beendete das Turnier auf Rang 17.<\/p>\n<p><a href=\"http:\/\/wolfgang-kipferl.de\/sch_aktuell_blog\/wp-content\/uploads\/2016\/02\/BezEMU10_2016.htm\" target=\"_blank\" rel=\"\">Endstand<\/a><\/p>\n\n\t\t<style type=\"text\/css\">\n\t\t\t#gallery-1 {\n\t\t\t\tmargin: auto;\n\t\t\t}\n\t\t\t#gallery-1 .gallery-item {\n\t\t\t\tfloat: left;\n\t\t\t\tmargin-top: 10px;\n\t\t\t\ttext-align: center;\n\t\t\t\twidth: 33%;\n\t\t\t}\n\t\t\t#gallery-1 img {\n\t\t\t\tborder: 2px solid #cfcfcf;\n\t\t\t}\n\t\t\t#gallery-1 .gallery-caption {\n\t\t\t\tmargin-left: 0;\n\t\t\t}\n\t\t\t\/* see gallery_shortcode() in wp-includes\/media.php *\/\n\t\t<\/style>\n\t\t<div id='gallery-1' class='gallery galleryid-7348 gallery-columns-3 gallery-size-thumbnail'><dl class='gallery-item'>\n\t\t\t<dt class='gallery-icon landscape'>\n\t\t\t\t<a href='https:\/\/wolfgang-kipferl.de\/sch_aktuell_blog\/?attachment_id=7352'><img loading=\"lazy\" decoding=\"async\" width=\"150\" height=\"150\" src=\"https:\/\/wolfgang-kipferl.de\/sch_aktuell_blog\/wp-content\/uploads\/2016\/01\/20160131BezEMU102016-1-150x150.jpg\" class=\"attachment-thumbnail size-thumbnail\" alt=\"\" srcset=\"https:\/\/wolfgang-kipferl.de\/sch_aktuell_blog\/wp-content\/uploads\/2016\/01\/20160131BezEMU102016-1-150x150.jpg 150w, https:\/\/wolfgang-kipferl.de\/sch_aktuell_blog\/wp-content\/uploads\/2016\/01\/20160131BezEMU102016-1-144x144.jpg 144w\" sizes=\"auto, (max-width: 150px) 100vw, 150px\" \/><\/a>\n\t\t\t<\/dt><\/dl><dl class='gallery-item'>\n\t\t\t<dt class='gallery-icon landscape'>\n\t\t\t\t<a href='https:\/\/wolfgang-kipferl.de\/sch_aktuell_blog\/?attachment_id=7353'><img loading=\"lazy\" decoding=\"async\" width=\"150\" height=\"150\" src=\"https:\/\/wolfgang-kipferl.de\/sch_aktuell_blog\/wp-content\/uploads\/2016\/01\/20160131BezEMU102016-2-150x150.jpg\" class=\"attachment-thumbnail size-thumbnail\" alt=\"\" srcset=\"https:\/\/wolfgang-kipferl.de\/sch_aktuell_blog\/wp-content\/uploads\/2016\/01\/20160131BezEMU102016-2-150x150.jpg 150w, https:\/\/wolfgang-kipferl.de\/sch_aktuell_blog\/wp-content\/uploads\/2016\/01\/20160131BezEMU102016-2-144x144.jpg 144w\" sizes=\"auto, (max-width: 150px) 100vw, 150px\" \/><\/a>\n\t\t\t<\/dt><\/dl><dl class='gallery-item'>\n\t\t\t<dt class='gallery-icon landscape'>\n\t\t\t\t<a href='https:\/\/wolfgang-kipferl.de\/sch_aktuell_blog\/?attachment_id=7354'><img loading=\"lazy\" decoding=\"async\" width=\"150\" height=\"150\" src=\"https:\/\/wolfgang-kipferl.de\/sch_aktuell_blog\/wp-content\/uploads\/2016\/01\/20160131BezEMU102016-3-150x150.jpg\" class=\"attachment-thumbnail size-thumbnail\" alt=\"\" srcset=\"https:\/\/wolfgang-kipferl.de\/sch_aktuell_blog\/wp-content\/uploads\/2016\/01\/20160131BezEMU102016-3-150x150.jpg 150w, https:\/\/wolfgang-kipferl.de\/sch_aktuell_blog\/wp-content\/uploads\/2016\/01\/20160131BezEMU102016-3-144x144.jpg 144w\" sizes=\"auto, (max-width: 150px) 100vw, 150px\" \/><\/a>\n\t\t\t<\/dt><\/dl><br style=\"clear: both\" \/><dl class='gallery-item'>\n\t\t\t<dt class='gallery-icon landscape'>\n\t\t\t\t<a href='https:\/\/wolfgang-kipferl.de\/sch_aktuell_blog\/?attachment_id=7355'><img loading=\"lazy\" decoding=\"async\" width=\"150\" height=\"150\" src=\"https:\/\/wolfgang-kipferl.de\/sch_aktuell_blog\/wp-content\/uploads\/2016\/01\/20160131BezEMU102016-4-150x150.jpg\" class=\"attachment-thumbnail size-thumbnail\" alt=\"\" srcset=\"https:\/\/wolfgang-kipferl.de\/sch_aktuell_blog\/wp-content\/uploads\/2016\/01\/20160131BezEMU102016-4-150x150.jpg 150w, https:\/\/wolfgang-kipferl.de\/sch_aktuell_blog\/wp-content\/uploads\/2016\/01\/20160131BezEMU102016-4-144x144.jpg 144w\" sizes=\"auto, (max-width: 150px) 100vw, 150px\" \/><\/a>\n\t\t\t<\/dt><\/dl><dl class='gallery-item'>\n\t\t\t<dt class='gallery-icon landscape'>\n\t\t\t\t<a href='https:\/\/wolfgang-kipferl.de\/sch_aktuell_blog\/?attachment_id=7356'><img loading=\"lazy\" decoding=\"async\" width=\"150\" height=\"150\" src=\"https:\/\/wolfgang-kipferl.de\/sch_aktuell_blog\/wp-content\/uploads\/2016\/01\/20160131BezEMU102016-5-150x150.jpg\" class=\"attachment-thumbnail size-thumbnail\" alt=\"\" srcset=\"https:\/\/wolfgang-kipferl.de\/sch_aktuell_blog\/wp-content\/uploads\/2016\/01\/20160131BezEMU102016-5-150x150.jpg 150w, https:\/\/wolfgang-kipferl.de\/sch_aktuell_blog\/wp-content\/uploads\/2016\/01\/20160131BezEMU102016-5-144x144.jpg 144w\" sizes=\"auto, (max-width: 150px) 100vw, 150px\" \/><\/a>\n\t\t\t<\/dt><\/dl><dl class='gallery-item'>\n\t\t\t<dt class='gallery-icon landscape'>\n\t\t\t\t<a href='https:\/\/wolfgang-kipferl.de\/sch_aktuell_blog\/?attachment_id=7357'><img loading=\"lazy\" decoding=\"async\" width=\"150\" height=\"150\" src=\"https:\/\/wolfgang-kipferl.de\/sch_aktuell_blog\/wp-content\/uploads\/2016\/01\/20160131BezEMU102016-6-150x150.jpg\" class=\"attachment-thumbnail size-thumbnail\" alt=\"\" srcset=\"https:\/\/wolfgang-kipferl.de\/sch_aktuell_blog\/wp-content\/uploads\/2016\/01\/20160131BezEMU102016-6-150x150.jpg 150w, https:\/\/wolfgang-kipferl.de\/sch_aktuell_blog\/wp-content\/uploads\/2016\/01\/20160131BezEMU102016-6-144x144.jpg 144w\" sizes=\"auto, (max-width: 150px) 100vw, 150px\" \/><\/a>\n\t\t\t<\/dt><\/dl><br style=\"clear: both\" \/>\n\t\t<\/div>\n\n<h3>Related Images:<\/h3>","protected":false},"excerpt":{"rendered":"<p>Bei den diesj\u00e4hrigen U10-Bezirksmeisterschaften in Erlangen vertraten zwei unserer J\u00fcngsten die Neumarkter Farben:Vinzenz Schilay, der erst vor zwei Monaten seinen sechsten Geburtstag feierte, sowie Leonhard Franke ebenfalls erst sechs Jahre alt. Vinzenz bekam es in der ersten Runde mit der &hellip; <a href=\"https:\/\/wolfgang-kipferl.de\/sch_aktuell_blog\/?p=7348\">Continue reading<\/a><\/p>\n","protected":false},"author":4,"featured_media":0,"comment_status":"closed","ping_status":"closed","sticky":false,"template":"","format":"standard","meta":{"ngg_post_thumbnail":0,"footnotes":""},"categories":[36,33],"tags":[],"class_list":["post-7348","post","type-post","status-publish","format-standard","hentry","category-jugend-1516","category-saison-1516"],"_links":{"self":[{"href":"https:\/\/wolfgang-kipferl.de\/sch_aktuell_blog\/index.php?rest_route=\/wp\/v2\/posts\/7348","targetHints":{"allow":["GET"]}}],"collection":[{"href":"https:\/\/wolfgang-kipferl.de\/sch_aktuell_blog\/index.php?rest_route=\/wp\/v2\/posts"}],"about":[{"href":"https:\/\/wolfgang-kipferl.de\/sch_aktuell_blog\/index.php?rest_route=\/wp\/v2\/types\/post"}],"author":[{"embeddable":true,"href":"https:\/\/wolfgang-kipferl.de\/sch_aktuell_blog\/index.php?rest_route=\/wp\/v2\/users\/4"}],"replies":[{"embeddable":true,"href":"https:\/\/wolfgang-kipferl.de\/sch_aktuell_blog\/index.php?rest_route=%2Fwp%2Fv2%2Fcomments&post=7348"}],"version-history":[{"count":0,"href":"https:\/\/wolfgang-kipferl.de\/sch_aktuell_blog\/index.php?rest_route=\/wp\/v2\/posts\/7348\/revisions"}],"wp:attachment":[{"href":"https:\/\/wolfgang-kipferl.de\/sch_aktuell_blog\/index.php?rest_route=%2Fwp%2Fv2%2Fmedia&parent=7348"}],"wp:term":[{"taxonomy":"category","embeddable":true,"href":"https:\/\/wolfgang-kipferl.de\/sch_aktuell_blog\/index.php?rest_route=%2Fwp%2Fv2%2Fcategories&post=7348"},{"taxonomy":"post_tag","embeddable":true,"href":"https:\/\/wolfgang-kipferl.de\/sch_aktuell_blog\/index.php?rest_route=%2Fwp%2Fv2%2Ftags&post=7348"}],"curies":[{"name":"wp","href":"https:\/\/api.w.org\/{rel}","templated":true}]}}