{"id":7452,"date":"2016-02-27T20:02:19","date_gmt":"2016-02-27T20:02:19","guid":{"rendered":"http:\/\/wolfgang-kipferl.de\/sch_aktuell_blog\/?p=7452"},"modified":"2016-03-02T00:06:04","modified_gmt":"2016-03-02T00:06:04","slug":"u20-bayernliga-runde-67-chance-nicht-genutzt","status":"publish","type":"post","link":"https:\/\/wolfgang-kipferl.de\/sch_aktuell_blog\/?p=7452","title":{"rendered":"U20 Bayernliga \u2013 Runde 6+7: Chance nicht genutzt"},"content":{"rendered":"<p>In der letzten Doppelrunde der U20 Bayernliga ging es f\u00fcr unser Team gegen Gastgeber Bechhofen und den SC H\u00f6chstadt. Wie zu Saisonbeginn gehofft hatten wir noch alle Chancen den Klassenerhalt zu schaffen, dazu bedurfte es aber mindestens dreier Punkte. Kein leichtes Unterfangen, da wir auch in diese Wettk\u00e4mpfe als Au\u00dfenseiter gingen, aber wir hatten in dieser Saison auch schon gegen st\u00e4rkere Mannschaften unsere Konkurrenzf\u00e4higkeit unter Beweis gestellt. Doch erschwerend kam hinzu, dass wir wie schon in den beiden Doppelrunden zuvor wieder nicht in Bestbesetzung antreten konnten. Diesmal erwischte es uns gleich doppelt und wir mussten mit Simon Drechsel und Eva Schilay gleich auf zwei Stammkr\u00e4fte verzichten. Trotzdem war die Chance auf die n\u00f6tigen Punkte f\u00fcr den Klassenerhalt auf dem Brett, aber wir haben sie nicht genutzt und unterlagen sowohl Bechhofen mit 2:4 als auch H\u00f6chstadt mit 2,5:3,5. Da obendrein M\u00fcnchen S\u00fcdost in der letzten Runde Forchheim bezwingen konnte, fielen wir noch einen Rang zur\u00fcck und steigen als Siebter wieder in die Landesliga ab. Dabei hat die Mannschaft eine sehr gute Saison gespielt, aber letzten Endes haben wir einfach zu viel liegen gelassen und k\u00f6nnen uns gewaltig \u00e4rgern. <\/p>\n<p><!--more--><br \/>\nGegen Bechhofen hatte Yannick Beesk die fr\u00fche F\u00fchrung auf dem Fu\u00df nachdem er eine Figur gewonnen hatte. Jedoch gab er danach unn\u00f6tigerweise zwei Springer f\u00fcr einen Turm und nach weiteren Ungenauigkeiten wurde die Stellung mit Mehr-Quali zunehmend unkomfortabler bis sein K\u00f6nig ins Freie getrieben und dort erlegt wurde. Der n\u00e4chste R\u00fcckschlag lie\u00df nicht lange auf sich warten: Lorenz Schilay w\u00e4hnte sich in ausgeglichener Stellung schon einen Zug weiter, dabei hatte er den angegriffenen Turm noch nicht weggezogen&#8230; Daf\u00fcr zeigte Timon G\u00f6tz bei seiner Bayernligapremiere eine sehr gute Leistung, dr\u00e4ngte seinen Gegen\u00fcber St\u00fcck f\u00fct St\u00fcck in die Defensive, gewann einen Bauern und baute seinen Vorteil immer weiter zum 1:2 aus. Maria Schilay war in eine Er\u00f6ffnungsfalle getappt und ihr K\u00f6nig wurde \u00fcber das ganze Brett gejagt. Aber nach einem Figurenverlust der Gegnerin war die Partie wieder offen. Nach wechselhaftem Verlauf schlug Maria mit einem zweiz\u00fcgigen Matt zu. Maximilian Lutter wurde im Mittelspiel in die Defensive gedr\u00e4ngt und der Druck nahm nach einem gegnerischen Qualit\u00e4tsopfer f\u00fcr einen Bauern weiter zu. In beiderseitiger Zeitnot \u00fcbersah Maxi einen Verteidigungszug der noch Widerstand h\u00e4tte bieten k\u00f6nnen und wurde Matt gesetzt. Nun hatte Paul Neppert die undankbare Aufgabe beim Stand von 2:3 in leicht schlechterer Stellung auf Sieg spielen zu m\u00fcssen. Entsprechend lehnte er ein Remisgebot ab und wich auch einer Zugwiederholung aus, was aber zur Folge hatte, dass eine Qualit\u00e4t verloren ging. Danach war die Partie nicht mehr zu halten und es stand letztlich eine vermeidbare 2:4 Niederlage zu Buche.<br \/>\nDa unser Tabellennachbar H\u00f6chstadt gegen N\u00fcrnberg S\u00fcd ebenfalls den K\u00fcrzeren zog, bestand noch die theoretische Chance mit einem 5:1 Erfolg im direkten Duell am Landesligameister des Vorjahres vorbeizuziehen. Gut das war nicht drin, aber ein Sieg h\u00e4tte es eigentlich werden m\u00fcssen. Doch der erste Nackenschlag war die \u00fcberraschend fr\u00fche Niederlage von Timon. Er h\u00e4tte in normaler Stellung seine Entwicklung beenden sollen und dann weiterschauen. Aber er wollte einen Angriff am K\u00f6nigsfl\u00fcgel lancieren, man\u00f6vrierte sich dabei in einen Abzug, der einen Bauern kostete und ruinierte die schlechte Stellung danach endg\u00fcltig. Das Bittere an dieser Niederlage war aber der einz\u00fcgige Figurengewinn in der Er\u00f6ffnung, der Timon leider entgangen war&#8230; Auch Yannick griff schon in der Er\u00f6ffnung daneben, vermischte Er\u00f6ffnungsvarianten und verlor deshalb einen Bauern. Im weiteren Verlauf kamen dann alle gegnerischen Figuren in den Angriff w\u00e4hrend Yannick mehr oder weniger auf der Grundreihe dem Ende entgegen sehen konnte. Maxi war gegen einen der Top-Scorer der Liga schnell in einem unspektakul\u00e4ren Mittelspiel gelandet in dem man sich auf Remis einigte. Maria konnte in einer Schlagvariante in der beide Spieler nicht die besten Z\u00fcge fanden eine Figur f\u00fcr zwei Bauern gewinnen. Sp\u00e4ter kam noch eine Qualit\u00e4t hinzu und sie gewann problemlos. Lorenz kam aus der Er\u00f6ffnung heraus zu druckvollem Angriff auf den unrochierten K\u00f6nig und gewann letztlich eine Figur. Somit stand es 2,5:2,5 aber bei Paul sah es nicht mehr gut aus. Er verpasste es einen gegnerischen Zentrumsbauern rechtzeitig zu schlagen und spielte fortan mit einem Bauern weniger. Er versuchte so gut es geht die gegnerischen Drohungen zu neutralisieren, \u00fcbersah aber in schwieriger Stellung einen Abzugsangriff. Somit endete der Wettkampf mit einer vollkommen unn\u00f6tigen 2,5:3,5 Niederlage.#<br \/>\nWas bleibt nun als Fazit der dritten Bayernligasaison der Vereinsgeschichte, der ersten nach 17 Jahren? Auf der einen Seite die Freude \u00fcber die gute Leistung der Mannschaft und dass man in jedem Wettkampf konkurrenzf\u00e4hig war. Aber auf der anderen Seite der \u00c4rger \u00fcber die verschenkten Punkte und die verpasste Riesenchance auf den Klassenerhalt. Allein drei verlorene Gewinnstellungen haben vier Mannschaftspunkte gekostet und auf einmal w\u00e4re man schon in Podestn\u00e4he&#8230;<br \/>\nDabei konnten wir nur in der ersten Runde in Bestbesetzung antreten und hatten acht Ersatzspielereins\u00e4tze. Diese machten ihre Sache mit 4\/8 Punkten aber sehr gut. An den Spitzenbrettern haben wir mit 7,5\/14 ordentlich gepunktet, Lorenz hat sogar die zweitbeste Bilanz aller Brett2-Spieler. Hinten war die Bilanz mit 7\/14 ebenfalls gut, aber an den mittleren Brettern h\u00e4tten es gerne mehr sein k\u00f6nnen als 2\/14. Nun werden wir in der Landesliga einen neuen Anlauf versuchen &#8211; zumindest soll es nicht wieder 17 Jahre bis zum n\u00e4chsten Bayernligaabenteuer dauern&#8230;<\/p>\n<p><a href=\"http:\/\/www.ligamanager.schachbund-bayern.de\/bsj\/ergebnisse\/spielplan.htm?ligaId=810\" target=\"_blank\">U20 Bayernliga<\/a><\/p>\n\n\t\t<style type=\"text\/css\">\n\t\t\t#gallery-1 {\n\t\t\t\tmargin: auto;\n\t\t\t}\n\t\t\t#gallery-1 .gallery-item {\n\t\t\t\tfloat: left;\n\t\t\t\tmargin-top: 10px;\n\t\t\t\ttext-align: center;\n\t\t\t\twidth: 33%;\n\t\t\t}\n\t\t\t#gallery-1 img {\n\t\t\t\tborder: 2px solid #cfcfcf;\n\t\t\t}\n\t\t\t#gallery-1 .gallery-caption {\n\t\t\t\tmargin-left: 0;\n\t\t\t}\n\t\t\t\/* see gallery_shortcode() in wp-includes\/media.php *\/\n\t\t<\/style>\n\t\t<div id='gallery-1' class='gallery galleryid-7452 gallery-columns-3 gallery-size-thumbnail'><dl class='gallery-item'>\n\t\t\t<dt class='gallery-icon landscape'>\n\t\t\t\t<a href='https:\/\/wolfgang-kipferl.de\/sch_aktuell_blog\/?attachment_id=7453'><img loading=\"lazy\" decoding=\"async\" width=\"150\" height=\"150\" src=\"https:\/\/wolfgang-kipferl.de\/sch_aktuell_blog\/wp-content\/uploads\/2016\/02\/20160227_U20BAYLIR6_7_201516-1-150x150.jpg\" class=\"attachment-thumbnail size-thumbnail\" alt=\"\" aria-describedby=\"gallery-1-7453\" srcset=\"https:\/\/wolfgang-kipferl.de\/sch_aktuell_blog\/wp-content\/uploads\/2016\/02\/20160227_U20BAYLIR6_7_201516-1-150x150.jpg 150w, https:\/\/wolfgang-kipferl.de\/sch_aktuell_blog\/wp-content\/uploads\/2016\/02\/20160227_U20BAYLIR6_7_201516-1-144x144.jpg 144w\" sizes=\"auto, (max-width: 150px) 100vw, 150px\" \/><\/a>\n\t\t\t<\/dt>\n\t\t\t\t<dd class='wp-caption-text gallery-caption' id='gallery-1-7453'>\n\t\t\t\tR7: SC H\u00f6chstadt &#8211; SK Neumarkt\n\t\t\t\t<\/dd><\/dl><dl class='gallery-item'>\n\t\t\t<dt class='gallery-icon landscape'>\n\t\t\t\t<a href='https:\/\/wolfgang-kipferl.de\/sch_aktuell_blog\/?attachment_id=7454'><img loading=\"lazy\" decoding=\"async\" width=\"150\" height=\"150\" src=\"https:\/\/wolfgang-kipferl.de\/sch_aktuell_blog\/wp-content\/uploads\/2016\/02\/20160227_U20BAYLIR6_7_201516-2-150x150.jpg\" class=\"attachment-thumbnail size-thumbnail\" alt=\"\" aria-describedby=\"gallery-1-7454\" srcset=\"https:\/\/wolfgang-kipferl.de\/sch_aktuell_blog\/wp-content\/uploads\/2016\/02\/20160227_U20BAYLIR6_7_201516-2-150x150.jpg 150w, https:\/\/wolfgang-kipferl.de\/sch_aktuell_blog\/wp-content\/uploads\/2016\/02\/20160227_U20BAYLIR6_7_201516-2-144x144.jpg 144w\" sizes=\"auto, (max-width: 150px) 100vw, 150px\" \/><\/a>\n\t\t\t<\/dt>\n\t\t\t\t<dd class='wp-caption-text gallery-caption' id='gallery-1-7454'>\n\t\t\t\tR7: SC H\u00f6chstadt &#8211; SK Neumarkt\n\t\t\t\t<\/dd><\/dl>\n\t\t\t<br style='clear: both' \/>\n\t\t<\/div>\n\n<h3>Related Images:<\/h3>","protected":false},"excerpt":{"rendered":"<p>In der letzten Doppelrunde der U20 Bayernliga ging es f\u00fcr unser Team gegen Gastgeber Bechhofen und den SC H\u00f6chstadt. Wie zu Saisonbeginn gehofft hatten wir noch alle Chancen den Klassenerhalt zu schaffen, dazu bedurfte es aber mindestens dreier Punkte. Kein &hellip; <a href=\"https:\/\/wolfgang-kipferl.de\/sch_aktuell_blog\/?p=7452\">Continue reading<\/a><\/p>\n","protected":false},"author":4,"featured_media":0,"comment_status":"closed","ping_status":"closed","sticky":false,"template":"","format":"standard","meta":{"ngg_post_thumbnail":0,"footnotes":""},"categories":[36,33],"tags":[],"class_list":["post-7452","post","type-post","status-publish","format-standard","hentry","category-jugend-1516","category-saison-1516"],"_links":{"self":[{"href":"https:\/\/wolfgang-kipferl.de\/sch_aktuell_blog\/index.php?rest_route=\/wp\/v2\/posts\/7452","targetHints":{"allow":["GET"]}}],"collection":[{"href":"https:\/\/wolfgang-kipferl.de\/sch_aktuell_blog\/index.php?rest_route=\/wp\/v2\/posts"}],"about":[{"href":"https:\/\/wolfgang-kipferl.de\/sch_aktuell_blog\/index.php?rest_route=\/wp\/v2\/types\/post"}],"author":[{"embeddable":true,"href":"https:\/\/wolfgang-kipferl.de\/sch_aktuell_blog\/index.php?rest_route=\/wp\/v2\/users\/4"}],"replies":[{"embeddable":true,"href":"https:\/\/wolfgang-kipferl.de\/sch_aktuell_blog\/index.php?rest_route=%2Fwp%2Fv2%2Fcomments&post=7452"}],"version-history":[{"count":0,"href":"https:\/\/wolfgang-kipferl.de\/sch_aktuell_blog\/index.php?rest_route=\/wp\/v2\/posts\/7452\/revisions"}],"wp:attachment":[{"href":"https:\/\/wolfgang-kipferl.de\/sch_aktuell_blog\/index.php?rest_route=%2Fwp%2Fv2%2Fmedia&parent=7452"}],"wp:term":[{"taxonomy":"category","embeddable":true,"href":"https:\/\/wolfgang-kipferl.de\/sch_aktuell_blog\/index.php?rest_route=%2Fwp%2Fv2%2Fcategories&post=7452"},{"taxonomy":"post_tag","embeddable":true,"href":"https:\/\/wolfgang-kipferl.de\/sch_aktuell_blog\/index.php?rest_route=%2Fwp%2Fv2%2Ftags&post=7452"}],"curies":[{"name":"wp","href":"https:\/\/api.w.org\/{rel}","templated":true}]}}