{"id":7466,"date":"2016-03-11T23:16:15","date_gmt":"2016-03-11T23:16:15","guid":{"rendered":"http:\/\/wolfgang-kipferl.de\/sch_aktuell_blog\/?p=7466"},"modified":"2016-03-14T23:46:54","modified_gmt":"2016-03-14T23:46:54","slug":"kreisliga-1-runde-7-2","status":"publish","type":"post","link":"https:\/\/wolfgang-kipferl.de\/sch_aktuell_blog\/?p=7466","title":{"rendered":"Kreisliga 1 \u2013 Runde 7"},"content":{"rendered":"<p>Die zweite Mannschaft trotzte in der siebten Runde der Kreisliga 1 dem Tabellenf\u00fchrer SG Anderssen\/1978 N\u00fcrnberg ein 4:4 ab, was f\u00fcr den Kampf um den Aufstieg aber zu wenig war. Gegen den Bezirksligaabsteiger gingen wir als Au\u00dfenseiter in den Wettkampf, zumal wir zuvor zwei Niederlagen quittieren mussten. Und es ging denkbar schlecht los, da Franz Xaver Beer nach einem groben Schnitzer fr\u00fch eine Figur verlor. Benedikt M\u00fcnz \u00fcbersah in un\u00fcbersichtlicher Stellung eine Kombination und verlor entscheidendes Material. Daf\u00fcr gelang Jozef Smyk ein feiner Sieg am Spitzenbrett: er ging mit minimal besserer Struktur ins Endspiel, setzte dort aber seine aktiven Figuren gekonnt in Szene. Was auf den Brettern f\u00fcnf und sechs genau passiert ist, entzieht sich der Kenntnis des Autors dieser Zeilen. Rudi Appl stand lange aktiv und bei Christian Junker rechneten eigentlich alle mit einem Sieg, doch am Ende stand bei beiden die &#8222;0&#8220; im Ergebnisformular. Immerhin hatte Zlatko Zidar zu diesem Zeitpunkt seine Partie im Prinzip schon gewonnen. Zlatko drang mit seiner Dame auf die vorletzte Reihe und trieb den gegnerischen K\u00f6nig vor sich her, was eine Figur einbrachte. Als im Endspiel dann per Springergabel noch eine Qualit\u00e4t hinzukam, stellte sein Gegen\u00fcber Jan Schindler das Spielen ein und lie\u00df grob unsportlich die Uhr \u00fcber 1 1\/2 Stunde ablaufen (da sie bereits \u00fcber 40 Z\u00fcge hatten, musste auch noch eine Umstellung der analogen Uhr durch einen Schiedsricher durchgef\u00fchrt werden&#8230;). Sebastian M\u00f6sl hatte im fr\u00fchen Mittelspiel einen Bauen eingestellt, war daf\u00fcr aber besser entwickelt und der gegnerische K\u00f6nig befand sich noch in der Mitte. Als dieser trotz des fr\u00fchen Vormarsch des g- und h-Bauers doch noch ein sicheres Pl\u00e4tzchen per kurzer Rochade fand, schien der Minusbauer die Partie zu entscheiden, zumal Sebastian &#8211; mal wieder &#8211; in arger Zeitnot war. Doch nachdem sein Gegner seinen Turm in einen Abzugsangriff gestellt hatte, behielt Sebastian die Oberhand. Thomas Hummel hatte derweil im Mittelspiel mit einer h\u00fcbschen Kombination zwei Bauern erobert und schickte sich nun an, diese im Endspiel T+S vs T+L zu verwerten. Letztlich waren zwei Freibauern zu viel und Thomas sicherte das 4:4 Unentschieden.<br \/>\nDamit liegen wir zwei Runden vor Schluss nun vier Punkte hinter dem Spitzenduo und k\u00f6nnen aus eigener Kraft nichts mehr ausrichten. \u00dcberhaupt ist die Liga mittlerweile sehr eng zusammenger\u00fcckt, denn auch das Tabellenschlusslicht ist nur f\u00fcnf Z\u00e4hler entfernt.<\/p>\n<p><a href=\"http:\/\/www.ligamanager.schachbund-bayern.de\/mfr-mitte\/ergebnisse\/spielplan.htm?ligaId=894\" target=\"_blank\">Kreisliga 1<\/a><\/p>\n<h3>Related Images:<\/h3>","protected":false},"excerpt":{"rendered":"<p>Die zweite Mannschaft trotzte in der siebten Runde der Kreisliga 1 dem Tabellenf\u00fchrer SG Anderssen\/1978 N\u00fcrnberg ein 4:4 ab, was f\u00fcr den Kampf um den Aufstieg aber zu wenig war. Gegen den Bezirksligaabsteiger gingen wir als Au\u00dfenseiter in den Wettkampf, &hellip; <a href=\"https:\/\/wolfgang-kipferl.de\/sch_aktuell_blog\/?p=7466\">Continue reading<\/a><\/p>\n","protected":false},"author":4,"featured_media":0,"comment_status":"closed","ping_status":"closed","sticky":false,"template":"","format":"standard","meta":{"ngg_post_thumbnail":0,"footnotes":""},"categories":[34,33],"tags":[],"class_list":["post-7466","post","type-post","status-publish","format-standard","hentry","category-senioren-1516","category-saison-1516"],"_links":{"self":[{"href":"https:\/\/wolfgang-kipferl.de\/sch_aktuell_blog\/index.php?rest_route=\/wp\/v2\/posts\/7466","targetHints":{"allow":["GET"]}}],"collection":[{"href":"https:\/\/wolfgang-kipferl.de\/sch_aktuell_blog\/index.php?rest_route=\/wp\/v2\/posts"}],"about":[{"href":"https:\/\/wolfgang-kipferl.de\/sch_aktuell_blog\/index.php?rest_route=\/wp\/v2\/types\/post"}],"author":[{"embeddable":true,"href":"https:\/\/wolfgang-kipferl.de\/sch_aktuell_blog\/index.php?rest_route=\/wp\/v2\/users\/4"}],"replies":[{"embeddable":true,"href":"https:\/\/wolfgang-kipferl.de\/sch_aktuell_blog\/index.php?rest_route=%2Fwp%2Fv2%2Fcomments&post=7466"}],"version-history":[{"count":0,"href":"https:\/\/wolfgang-kipferl.de\/sch_aktuell_blog\/index.php?rest_route=\/wp\/v2\/posts\/7466\/revisions"}],"wp:attachment":[{"href":"https:\/\/wolfgang-kipferl.de\/sch_aktuell_blog\/index.php?rest_route=%2Fwp%2Fv2%2Fmedia&parent=7466"}],"wp:term":[{"taxonomy":"category","embeddable":true,"href":"https:\/\/wolfgang-kipferl.de\/sch_aktuell_blog\/index.php?rest_route=%2Fwp%2Fv2%2Fcategories&post=7466"},{"taxonomy":"post_tag","embeddable":true,"href":"https:\/\/wolfgang-kipferl.de\/sch_aktuell_blog\/index.php?rest_route=%2Fwp%2Fv2%2Ftags&post=7466"}],"curies":[{"name":"wp","href":"https:\/\/api.w.org\/{rel}","templated":true}]}}