{"id":7498,"date":"2016-03-20T22:10:51","date_gmt":"2016-03-20T22:10:51","guid":{"rendered":"http:\/\/wolfgang-kipferl.de\/sch_aktuell_blog\/?p=7498"},"modified":"2016-03-23T22:16:03","modified_gmt":"2016-03-23T22:16:03","slug":"rapid-deisenhofen-2016","status":"publish","type":"post","link":"https:\/\/wolfgang-kipferl.de\/sch_aktuell_blog\/?p=7498","title":{"rendered":"Rapid Deisenhofen 2016"},"content":{"rendered":"<p>Beim Rapidturnier in Deisenhofen spielte <strong>Vinzenz Schilay<\/strong> ein starkes Turnier in der U8. Nach drei Siegen musste er sich in Runde vier dem souver\u00e4nen Turniersieger Aurelian Kr\u00fcger (SC Gr\u00f6benzell) geschlagen geben. Nach zwei weiteren Erfolgen lag Vinzenz vor der letzten Runde auf Rang drei und verlor dort das direkte Duell um Rang zwei gegen Jeremias Dorfner (TV-Gro\u00dfostheim). Dadurch konnte dessen Vereinskollegin Lin Englert noch nach Buchholz an Vinzenz vorbeiziehen, der somit Vierter wurde.<\/p>\n<p><a href=\"http:\/\/www.schachfreunde-deisenhofen.de\/index.php?option=com_content&#038;view=article&#038;id=435:ergebnisse-jugend-open-2016&#038;catid=1:jugend-open-deisenhofen\" target=\"_blank\">Ergebnisse<\/a><\/p>\n<h3>Related Images:<\/h3>","protected":false},"excerpt":{"rendered":"<p>Beim Rapidturnier in Deisenhofen spielte Vinzenz Schilay ein starkes Turnier in der U8. Nach drei Siegen musste er sich in Runde vier dem souver\u00e4nen Turniersieger Aurelian Kr\u00fcger (SC Gr\u00f6benzell) geschlagen geben. Nach zwei weiteren Erfolgen lag Vinzenz vor der letzten &hellip; <a href=\"https:\/\/wolfgang-kipferl.de\/sch_aktuell_blog\/?p=7498\">Continue reading<\/a><\/p>\n","protected":false},"author":4,"featured_media":0,"comment_status":"closed","ping_status":"closed","sticky":false,"template":"","format":"standard","meta":{"ngg_post_thumbnail":0,"footnotes":""},"categories":[36,33],"tags":[],"class_list":["post-7498","post","type-post","status-publish","format-standard","hentry","category-jugend-1516","category-saison-1516"],"_links":{"self":[{"href":"https:\/\/wolfgang-kipferl.de\/sch_aktuell_blog\/index.php?rest_route=\/wp\/v2\/posts\/7498","targetHints":{"allow":["GET"]}}],"collection":[{"href":"https:\/\/wolfgang-kipferl.de\/sch_aktuell_blog\/index.php?rest_route=\/wp\/v2\/posts"}],"about":[{"href":"https:\/\/wolfgang-kipferl.de\/sch_aktuell_blog\/index.php?rest_route=\/wp\/v2\/types\/post"}],"author":[{"embeddable":true,"href":"https:\/\/wolfgang-kipferl.de\/sch_aktuell_blog\/index.php?rest_route=\/wp\/v2\/users\/4"}],"replies":[{"embeddable":true,"href":"https:\/\/wolfgang-kipferl.de\/sch_aktuell_blog\/index.php?rest_route=%2Fwp%2Fv2%2Fcomments&post=7498"}],"version-history":[{"count":0,"href":"https:\/\/wolfgang-kipferl.de\/sch_aktuell_blog\/index.php?rest_route=\/wp\/v2\/posts\/7498\/revisions"}],"wp:attachment":[{"href":"https:\/\/wolfgang-kipferl.de\/sch_aktuell_blog\/index.php?rest_route=%2Fwp%2Fv2%2Fmedia&parent=7498"}],"wp:term":[{"taxonomy":"category","embeddable":true,"href":"https:\/\/wolfgang-kipferl.de\/sch_aktuell_blog\/index.php?rest_route=%2Fwp%2Fv2%2Fcategories&post=7498"},{"taxonomy":"post_tag","embeddable":true,"href":"https:\/\/wolfgang-kipferl.de\/sch_aktuell_blog\/index.php?rest_route=%2Fwp%2Fv2%2Ftags&post=7498"}],"curies":[{"name":"wp","href":"https:\/\/api.w.org\/{rel}","templated":true}]}}