{"id":8284,"date":"2016-12-30T23:50:33","date_gmt":"2016-12-30T23:50:33","guid":{"rendered":"http:\/\/wolfgang-kipferl.de\/sch_aktuell_blog\/?p=8284"},"modified":"2019-08-09T14:25:17","modified_gmt":"2019-08-09T14:25:17","slug":"dvm-total","status":"publish","type":"post","link":"https:\/\/wolfgang-kipferl.de\/sch_aktuell_blog\/?p=8284","title":{"rendered":"DVM Total"},"content":{"rendered":"<p><a href=\"http:\/\/wolfgang-kipferl.de\/sch_aktuell_blog\/wp-content\/uploads\/2016\/12\/DVMU16_NM.jpg\"><img loading=\"lazy\" decoding=\"async\" class=\"alignright size-medium wp-image-8330\" src=\"http:\/\/wolfgang-kipferl.de\/sch_aktuell_blog\/wp-content\/uploads\/2016\/12\/DVMU16_NM-300x200.jpg\" alt=\"dvmu16_nm\" width=\"300\" height=\"200\" srcset=\"https:\/\/wolfgang-kipferl.de\/sch_aktuell_blog\/wp-content\/uploads\/2016\/12\/DVMU16_NM-300x200.jpg 300w, https:\/\/wolfgang-kipferl.de\/sch_aktuell_blog\/wp-content\/uploads\/2016\/12\/DVMU16_NM.jpg 720w\" sizes=\"auto, (max-width: 300px) 100vw, 300px\" \/><\/a>Seit der erstmaligen Qualifikation 2012 ist unser Verein jedes Jahr bei den Deutschen Vereinsjugendmeisterschaften mit von der Partie, die vom 26. \u2013 30. Dezember stattfinden. Doch dieses Jahr schie\u00dfen wir den Vogel ab. Unsere <a href=\"http:\/\/www.deutsche-schachjugend.de\/2016\/dvm-u14w\/sk-neumarkt\/\" target=\"_blank\" rel=\"noopener noreferrer\">U14 M\u00e4dchen<\/a> haben sich das f\u00fcnfte Jahr in Folge f\u00fcr die Deutsche qualifiziert (das gelang sonst nur noch Empor Erfurt und Solingen), die dieses Jahr in D\u00fcsseldorf ausgetragen wird. Au\u00dferdem nimmt wieder eine <a href=\"http:\/\/www.deutsche-schachjugend.de\/2016\/dvm-u10\/sk-neumarkt\/\" target=\"_blank\" rel=\"noopener noreferrer\">U10-Mannschaft<\/a> (eigentlich ist es eine U8-Mannschaft!) an der Offenen Deutschen U10 Meisterschaft vom 27. \u2013 29. Dezember in Magdeburg teil. Vollkommen \u00fcberraschend darf auch unser <a href=\"http:\/\/www.deutsche-schachjugend.de\/2016\/dvm-u12\/sk-neumarkt\/\" target=\"_blank\" rel=\"noopener noreferrer\">U12-Team<\/a> zur Deutschen in Magdeburg, nachdem sich der Bayerische Meister SK M\u00fcnchen S\u00fcdost und der Vize FC Ergolding f\u00fcr die Teilnahme in der U14 entschieden haben. Und um den ganzen noch die Krone aufzusetzen richten wir mit der <a href=\"http:\/\/www.deutsche-schachjugend.de\/2016\/dvm-u16\/sk-neumarkt\/\" target=\"_blank\" rel=\"noopener noreferrer\">U16<\/a> gleich selbst eine Alterklasse in Neumarkt aus. Zwar sind wir in allen AKs im hinteren Bereich der Setzliste zu finden, aber vier Teilnahmen und eine Ausrichtung muss man erst mal schaffen. Trotzdem wollen wir nat\u00fcrlich den ein oder anderen Punkt holen &#8211; dr\u00fcckt die Daumen!<\/p>\n<p><a href=\"http:\/\/wolfgang-kipferl.de\/dvm2016\/\" target=\"_blank\" rel=\"noopener noreferrer\">Meisterschaftsseite der DVM U16<\/a><\/p>\n<p><a href=\"http:\/\/www.deutsche-schachjugend.de\/2016\/dvm-u10\/\" target=\"_blank\" rel=\"noopener noreferrer\">Turnierseite U10<\/a><br \/>\n<a href=\"http:\/\/www.deutsche-schachjugend.de\/2016\/dvm-u12\/\" target=\"_blank\" rel=\"noopener noreferrer\">Turnierseite U12<\/a><br \/>\n<a href=\"http:\/\/www.deutsche-schachjugend.de\/2016\/dvm-u14w\/\" target=\"_blank\" rel=\"noopener noreferrer\">Turnierseite U14w<\/a><br \/>\n<a href=\"http:\/\/www.deutsche-schachjugend.de\/2016\/dvm-u16\/\" target=\"_blank\" rel=\"noopener noreferrer\">Turnierseite U16<\/a><\/p>\n<p><!--more--><br \/>\nUnsere junge U10 Mannschaft &#8211; Vinzenz Schilay (7), Leonhard Franke (7), Andreas Hierl (8) und Simon Thieme (8) &#8211; konnte in Magdeburg wieder viel Erfahrung sammeln. Einen Sieg und zwei Unentschieden hatte man letztlich auf der Habenseite, womit man auf dem Setzlistenplatz 56 landete. Damit war man hinter dem L\u00fcbecker SV II (5 Punkte) zweitbestes U8-Team im Feld.<\/p>\n\n\t\t<style type=\"text\/css\">\n\t\t\t#gallery-1 {\n\t\t\t\tmargin: auto;\n\t\t\t}\n\t\t\t#gallery-1 .gallery-item {\n\t\t\t\tfloat: left;\n\t\t\t\tmargin-top: 10px;\n\t\t\t\ttext-align: center;\n\t\t\t\twidth: 33%;\n\t\t\t}\n\t\t\t#gallery-1 img {\n\t\t\t\tborder: 2px solid #cfcfcf;\n\t\t\t}\n\t\t\t#gallery-1 .gallery-caption {\n\t\t\t\tmargin-left: 0;\n\t\t\t}\n\t\t\t\/* see gallery_shortcode() in wp-includes\/media.php *\/\n\t\t<\/style>\n\t\t<div id='gallery-1' class='gallery galleryid-8284 gallery-columns-3 gallery-size-thumbnail'><dl class='gallery-item'>\n\t\t\t<dt class='gallery-icon landscape'>\n\t\t\t\t<a href='https:\/\/wolfgang-kipferl.de\/sch_aktuell_blog\/?attachment_id=8331'><img loading=\"lazy\" decoding=\"async\" width=\"150\" height=\"150\" src=\"https:\/\/wolfgang-kipferl.de\/sch_aktuell_blog\/wp-content\/uploads\/2016\/12\/20161229_DVMU102016-1-150x150.jpg\" class=\"attachment-thumbnail size-thumbnail\" alt=\"\" srcset=\"https:\/\/wolfgang-kipferl.de\/sch_aktuell_blog\/wp-content\/uploads\/2016\/12\/20161229_DVMU102016-1-150x150.jpg 150w, https:\/\/wolfgang-kipferl.de\/sch_aktuell_blog\/wp-content\/uploads\/2016\/12\/20161229_DVMU102016-1-144x144.jpg 144w\" sizes=\"auto, (max-width: 150px) 100vw, 150px\" \/><\/a>\n\t\t\t<\/dt><\/dl><dl class='gallery-item'>\n\t\t\t<dt class='gallery-icon landscape'>\n\t\t\t\t<a href='https:\/\/wolfgang-kipferl.de\/sch_aktuell_blog\/?attachment_id=8332'><img loading=\"lazy\" decoding=\"async\" width=\"150\" height=\"150\" src=\"https:\/\/wolfgang-kipferl.de\/sch_aktuell_blog\/wp-content\/uploads\/2016\/12\/20161229_DVMU102016-2-150x150.jpg\" class=\"attachment-thumbnail size-thumbnail\" alt=\"\" srcset=\"https:\/\/wolfgang-kipferl.de\/sch_aktuell_blog\/wp-content\/uploads\/2016\/12\/20161229_DVMU102016-2-150x150.jpg 150w, https:\/\/wolfgang-kipferl.de\/sch_aktuell_blog\/wp-content\/uploads\/2016\/12\/20161229_DVMU102016-2-144x144.jpg 144w\" sizes=\"auto, (max-width: 150px) 100vw, 150px\" \/><\/a>\n\t\t\t<\/dt><\/dl><dl class='gallery-item'>\n\t\t\t<dt class='gallery-icon landscape'>\n\t\t\t\t<a href='https:\/\/wolfgang-kipferl.de\/sch_aktuell_blog\/?attachment_id=8333'><img loading=\"lazy\" decoding=\"async\" width=\"150\" height=\"150\" src=\"https:\/\/wolfgang-kipferl.de\/sch_aktuell_blog\/wp-content\/uploads\/2016\/12\/20161229_DVMU102016-3-150x150.jpg\" class=\"attachment-thumbnail size-thumbnail\" alt=\"\" srcset=\"https:\/\/wolfgang-kipferl.de\/sch_aktuell_blog\/wp-content\/uploads\/2016\/12\/20161229_DVMU102016-3-150x150.jpg 150w, https:\/\/wolfgang-kipferl.de\/sch_aktuell_blog\/wp-content\/uploads\/2016\/12\/20161229_DVMU102016-3-144x144.jpg 144w\" sizes=\"auto, (max-width: 150px) 100vw, 150px\" \/><\/a>\n\t\t\t<\/dt><\/dl><br style=\"clear: both\" \/><dl class='gallery-item'>\n\t\t\t<dt class='gallery-icon landscape'>\n\t\t\t\t<a href='https:\/\/wolfgang-kipferl.de\/sch_aktuell_blog\/?attachment_id=8334'><img loading=\"lazy\" decoding=\"async\" width=\"150\" height=\"150\" src=\"https:\/\/wolfgang-kipferl.de\/sch_aktuell_blog\/wp-content\/uploads\/2016\/12\/20161229_DVMU102016-4-150x150.jpg\" class=\"attachment-thumbnail size-thumbnail\" alt=\"\" srcset=\"https:\/\/wolfgang-kipferl.de\/sch_aktuell_blog\/wp-content\/uploads\/2016\/12\/20161229_DVMU102016-4-150x150.jpg 150w, https:\/\/wolfgang-kipferl.de\/sch_aktuell_blog\/wp-content\/uploads\/2016\/12\/20161229_DVMU102016-4-144x144.jpg 144w\" sizes=\"auto, (max-width: 150px) 100vw, 150px\" \/><\/a>\n\t\t\t<\/dt><\/dl><dl class='gallery-item'>\n\t\t\t<dt class='gallery-icon landscape'>\n\t\t\t\t<a href='https:\/\/wolfgang-kipferl.de\/sch_aktuell_blog\/?attachment_id=8335'><img loading=\"lazy\" decoding=\"async\" width=\"150\" height=\"150\" src=\"https:\/\/wolfgang-kipferl.de\/sch_aktuell_blog\/wp-content\/uploads\/2016\/12\/20161229_DVMU102016-5-150x150.jpg\" class=\"attachment-thumbnail size-thumbnail\" alt=\"\" srcset=\"https:\/\/wolfgang-kipferl.de\/sch_aktuell_blog\/wp-content\/uploads\/2016\/12\/20161229_DVMU102016-5-150x150.jpg 150w, https:\/\/wolfgang-kipferl.de\/sch_aktuell_blog\/wp-content\/uploads\/2016\/12\/20161229_DVMU102016-5-144x144.jpg 144w\" sizes=\"auto, (max-width: 150px) 100vw, 150px\" \/><\/a>\n\t\t\t<\/dt><\/dl>\n\t\t\t<br style='clear: both' \/>\n\t\t<\/div>\n\n<p>Den erwartet schweren Stand hatte die Neumarkter U12-Mannschaft bestehend aus Josef Franke, Daniel Henseler, Sebastian Henseler und Christoph Reger. Schon die Qualifikation f\u00fcr das Bayerische Finale war ein Riesenerfolg und nun musste man noch auf Maria Schilay und Denis Dechand verzichten. Obendrein ging Daniel gesundheitlich angeschlagen ins Turnier. So befand sich das Team mit einigem Abstand am Ende der Setzliste und realistisch gesehen lagen nur zwei andere Mannschaften in Reichweite. Trotzdem hielt man in vielen Partien gut mit, insbesondere Daniel kosteten meist erst Ungenauigkeiten im Endspiel den ein oder anderen Punkt. Aber auf diesem Niveau werden Fehler halt gnadenlos bestraft und so standen am Ende doch sieben Niederlagen zu Buche.<\/p>\n\n\t\t<style type=\"text\/css\">\n\t\t\t#gallery-2 {\n\t\t\t\tmargin: auto;\n\t\t\t}\n\t\t\t#gallery-2 .gallery-item {\n\t\t\t\tfloat: left;\n\t\t\t\tmargin-top: 10px;\n\t\t\t\ttext-align: center;\n\t\t\t\twidth: 50%;\n\t\t\t}\n\t\t\t#gallery-2 img {\n\t\t\t\tborder: 2px solid #cfcfcf;\n\t\t\t}\n\t\t\t#gallery-2 .gallery-caption {\n\t\t\t\tmargin-left: 0;\n\t\t\t}\n\t\t\t\/* see gallery_shortcode() in wp-includes\/media.php *\/\n\t\t<\/style>\n\t\t<div id='gallery-2' class='gallery galleryid-8284 gallery-columns-2 gallery-size-thumbnail'><dl class='gallery-item'>\n\t\t\t<dt class='gallery-icon landscape'>\n\t\t\t\t<a href='https:\/\/wolfgang-kipferl.de\/sch_aktuell_blog\/?attachment_id=8336'><img loading=\"lazy\" decoding=\"async\" width=\"150\" height=\"150\" src=\"https:\/\/wolfgang-kipferl.de\/sch_aktuell_blog\/wp-content\/uploads\/2016\/12\/20161230_DVMU122016-1-150x150.jpg\" class=\"attachment-thumbnail size-thumbnail\" alt=\"\" srcset=\"https:\/\/wolfgang-kipferl.de\/sch_aktuell_blog\/wp-content\/uploads\/2016\/12\/20161230_DVMU122016-1-150x150.jpg 150w, https:\/\/wolfgang-kipferl.de\/sch_aktuell_blog\/wp-content\/uploads\/2016\/12\/20161230_DVMU122016-1-144x144.jpg 144w\" sizes=\"auto, (max-width: 150px) 100vw, 150px\" \/><\/a>\n\t\t\t<\/dt><\/dl><dl class='gallery-item'>\n\t\t\t<dt class='gallery-icon landscape'>\n\t\t\t\t<a href='https:\/\/wolfgang-kipferl.de\/sch_aktuell_blog\/?attachment_id=8337'><img loading=\"lazy\" decoding=\"async\" width=\"150\" height=\"150\" src=\"https:\/\/wolfgang-kipferl.de\/sch_aktuell_blog\/wp-content\/uploads\/2016\/12\/20161230_DVMU122016-2-150x150.jpg\" class=\"attachment-thumbnail size-thumbnail\" alt=\"\" srcset=\"https:\/\/wolfgang-kipferl.de\/sch_aktuell_blog\/wp-content\/uploads\/2016\/12\/20161230_DVMU122016-2-150x150.jpg 150w, https:\/\/wolfgang-kipferl.de\/sch_aktuell_blog\/wp-content\/uploads\/2016\/12\/20161230_DVMU122016-2-144x144.jpg 144w\" sizes=\"auto, (max-width: 150px) 100vw, 150px\" \/><\/a>\n\t\t\t<\/dt><\/dl><br style=\"clear: both\" \/><dl class='gallery-item'>\n\t\t\t<dt class='gallery-icon landscape'>\n\t\t\t\t<a href='https:\/\/wolfgang-kipferl.de\/sch_aktuell_blog\/?attachment_id=8338'><img loading=\"lazy\" decoding=\"async\" width=\"150\" height=\"150\" src=\"https:\/\/wolfgang-kipferl.de\/sch_aktuell_blog\/wp-content\/uploads\/2016\/12\/20161230_DVMU122016-3-150x150.jpg\" class=\"attachment-thumbnail size-thumbnail\" alt=\"\" srcset=\"https:\/\/wolfgang-kipferl.de\/sch_aktuell_blog\/wp-content\/uploads\/2016\/12\/20161230_DVMU122016-3-150x150.jpg 150w, https:\/\/wolfgang-kipferl.de\/sch_aktuell_blog\/wp-content\/uploads\/2016\/12\/20161230_DVMU122016-3-144x144.jpg 144w\" sizes=\"auto, (max-width: 150px) 100vw, 150px\" \/><\/a>\n\t\t\t<\/dt><\/dl><dl class='gallery-item'>\n\t\t\t<dt class='gallery-icon landscape'>\n\t\t\t\t<a href='https:\/\/wolfgang-kipferl.de\/sch_aktuell_blog\/?attachment_id=8339'><img loading=\"lazy\" decoding=\"async\" width=\"150\" height=\"150\" src=\"https:\/\/wolfgang-kipferl.de\/sch_aktuell_blog\/wp-content\/uploads\/2016\/12\/20161230_DVMU122016-4-150x150.jpg\" class=\"attachment-thumbnail size-thumbnail\" alt=\"\" srcset=\"https:\/\/wolfgang-kipferl.de\/sch_aktuell_blog\/wp-content\/uploads\/2016\/12\/20161230_DVMU122016-4-150x150.jpg 150w, https:\/\/wolfgang-kipferl.de\/sch_aktuell_blog\/wp-content\/uploads\/2016\/12\/20161230_DVMU122016-4-144x144.jpg 144w\" sizes=\"auto, (max-width: 150px) 100vw, 150px\" \/><\/a>\n\t\t\t<\/dt><\/dl><br style=\"clear: both\" \/>\n\t\t<\/div>\n\n<p>Auch die U14-M\u00e4dchen konnten nicht in Bestbesetzung antreten und fanden sich somit am Ende der Setzliste wieder. Dennoch w\u00e4re hier f\u00fcr Maria Schilay, Gastspielerin Lisa Adelhardt (ST R\u00f6ttenbach), Daiana Burger und Radena Burger deutlich mehr drin gewesen als ein Mannschaftssieg und Rang 20. Aber einige vergebene Chancen sowie der krankheitsbedingte Ausfall von Lisa in den Runden f\u00fcnf und sechs verhinderten ein m\u00f6gliches besseres Resultat.<\/p>\n<p><a href=\"http:\/\/wolfgang-kipferl.de\/sch_aktuell_blog\/wp-content\/uploads\/2016\/12\/DVM-u14w.pdf\" target=\"_blank\" rel=\"noopener noreferrer\">Bericht von Dennis Adelh\u00fctte<\/a><\/p>\n\n\t\t<style type=\"text\/css\">\n\t\t\t#gallery-3 {\n\t\t\t\tmargin: auto;\n\t\t\t}\n\t\t\t#gallery-3 .gallery-item {\n\t\t\t\tfloat: left;\n\t\t\t\tmargin-top: 10px;\n\t\t\t\ttext-align: center;\n\t\t\t\twidth: 33%;\n\t\t\t}\n\t\t\t#gallery-3 img {\n\t\t\t\tborder: 2px solid #cfcfcf;\n\t\t\t}\n\t\t\t#gallery-3 .gallery-caption {\n\t\t\t\tmargin-left: 0;\n\t\t\t}\n\t\t\t\/* see gallery_shortcode() in wp-includes\/media.php *\/\n\t\t<\/style>\n\t\t<div id='gallery-3' class='gallery galleryid-8284 gallery-columns-3 gallery-size-thumbnail'><dl class='gallery-item'>\n\t\t\t<dt class='gallery-icon landscape'>\n\t\t\t\t<a href='https:\/\/wolfgang-kipferl.de\/sch_aktuell_blog\/?attachment_id=8342'><img loading=\"lazy\" decoding=\"async\" width=\"150\" height=\"150\" src=\"https:\/\/wolfgang-kipferl.de\/sch_aktuell_blog\/wp-content\/uploads\/2016\/12\/20161230_DVMU14w2016-3-150x150.jpg\" class=\"attachment-thumbnail size-thumbnail\" alt=\"\" srcset=\"https:\/\/wolfgang-kipferl.de\/sch_aktuell_blog\/wp-content\/uploads\/2016\/12\/20161230_DVMU14w2016-3-150x150.jpg 150w, https:\/\/wolfgang-kipferl.de\/sch_aktuell_blog\/wp-content\/uploads\/2016\/12\/20161230_DVMU14w2016-3-144x144.jpg 144w\" sizes=\"auto, (max-width: 150px) 100vw, 150px\" \/><\/a>\n\t\t\t<\/dt><\/dl><dl class='gallery-item'>\n\t\t\t<dt class='gallery-icon landscape'>\n\t\t\t\t<a href='https:\/\/wolfgang-kipferl.de\/sch_aktuell_blog\/?attachment_id=8343'><img loading=\"lazy\" decoding=\"async\" width=\"150\" height=\"150\" src=\"https:\/\/wolfgang-kipferl.de\/sch_aktuell_blog\/wp-content\/uploads\/2016\/12\/20161230_DVMU14w2016-4-150x150.jpg\" class=\"attachment-thumbnail size-thumbnail\" alt=\"\" srcset=\"https:\/\/wolfgang-kipferl.de\/sch_aktuell_blog\/wp-content\/uploads\/2016\/12\/20161230_DVMU14w2016-4-150x150.jpg 150w, https:\/\/wolfgang-kipferl.de\/sch_aktuell_blog\/wp-content\/uploads\/2016\/12\/20161230_DVMU14w2016-4-144x144.jpg 144w\" sizes=\"auto, (max-width: 150px) 100vw, 150px\" \/><\/a>\n\t\t\t<\/dt><\/dl><dl class='gallery-item'>\n\t\t\t<dt class='gallery-icon landscape'>\n\t\t\t\t<a href='https:\/\/wolfgang-kipferl.de\/sch_aktuell_blog\/?attachment_id=8344'><img loading=\"lazy\" decoding=\"async\" width=\"150\" height=\"150\" src=\"https:\/\/wolfgang-kipferl.de\/sch_aktuell_blog\/wp-content\/uploads\/2016\/12\/20161230_DVMU14w2016-5-150x150.jpg\" class=\"attachment-thumbnail size-thumbnail\" alt=\"\" srcset=\"https:\/\/wolfgang-kipferl.de\/sch_aktuell_blog\/wp-content\/uploads\/2016\/12\/20161230_DVMU14w2016-5-150x150.jpg 150w, https:\/\/wolfgang-kipferl.de\/sch_aktuell_blog\/wp-content\/uploads\/2016\/12\/20161230_DVMU14w2016-5-144x144.jpg 144w\" sizes=\"auto, (max-width: 150px) 100vw, 150px\" \/><\/a>\n\t\t\t<\/dt><\/dl><br style=\"clear: both\" \/><dl class='gallery-item'>\n\t\t\t<dt class='gallery-icon landscape'>\n\t\t\t\t<a href='https:\/\/wolfgang-kipferl.de\/sch_aktuell_blog\/?attachment_id=8341'><img loading=\"lazy\" decoding=\"async\" width=\"150\" height=\"150\" src=\"https:\/\/wolfgang-kipferl.de\/sch_aktuell_blog\/wp-content\/uploads\/2016\/12\/20161230_DVMU14w2016-2-150x150.jpg\" class=\"attachment-thumbnail size-thumbnail\" alt=\"\" srcset=\"https:\/\/wolfgang-kipferl.de\/sch_aktuell_blog\/wp-content\/uploads\/2016\/12\/20161230_DVMU14w2016-2-150x150.jpg 150w, https:\/\/wolfgang-kipferl.de\/sch_aktuell_blog\/wp-content\/uploads\/2016\/12\/20161230_DVMU14w2016-2-144x144.jpg 144w\" sizes=\"auto, (max-width: 150px) 100vw, 150px\" \/><\/a>\n\t\t\t<\/dt><\/dl><dl class='gallery-item'>\n\t\t\t<dt class='gallery-icon landscape'>\n\t\t\t\t<a href='https:\/\/wolfgang-kipferl.de\/sch_aktuell_blog\/?attachment_id=8340'><img loading=\"lazy\" decoding=\"async\" width=\"150\" height=\"150\" src=\"https:\/\/wolfgang-kipferl.de\/sch_aktuell_blog\/wp-content\/uploads\/2016\/12\/20161230_DVMU14w2016-1-150x150.jpg\" class=\"attachment-thumbnail size-thumbnail\" alt=\"\" srcset=\"https:\/\/wolfgang-kipferl.de\/sch_aktuell_blog\/wp-content\/uploads\/2016\/12\/20161230_DVMU14w2016-1-150x150.jpg 150w, https:\/\/wolfgang-kipferl.de\/sch_aktuell_blog\/wp-content\/uploads\/2016\/12\/20161230_DVMU14w2016-1-144x144.jpg 144w\" sizes=\"auto, (max-width: 150px) 100vw, 150px\" \/><\/a>\n\t\t\t<\/dt><\/dl>\n\t\t\t<br style='clear: both' \/>\n\t\t<\/div>\n\n<h3>Related Images:<\/h3>","protected":false},"excerpt":{"rendered":"<p>Seit der erstmaligen Qualifikation 2012 ist unser Verein jedes Jahr bei den Deutschen Vereinsjugendmeisterschaften mit von der Partie, die vom 26. \u2013 30. Dezember stattfinden. Doch dieses Jahr schie\u00dfen wir den Vogel ab. Unsere U14 M\u00e4dchen haben sich das f\u00fcnfte &hellip; <a href=\"https:\/\/wolfgang-kipferl.de\/sch_aktuell_blog\/?p=8284\">Continue reading<\/a><\/p>\n","protected":false},"author":4,"featured_media":0,"comment_status":"closed","ping_status":"closed","sticky":false,"template":"","format":"standard","meta":{"ngg_post_thumbnail":0,"footnotes":""},"categories":[39,38],"tags":[],"class_list":["post-8284","post","type-post","status-publish","format-standard","hentry","category-jugend-1617","category-saison-1617"],"_links":{"self":[{"href":"https:\/\/wolfgang-kipferl.de\/sch_aktuell_blog\/index.php?rest_route=\/wp\/v2\/posts\/8284","targetHints":{"allow":["GET"]}}],"collection":[{"href":"https:\/\/wolfgang-kipferl.de\/sch_aktuell_blog\/index.php?rest_route=\/wp\/v2\/posts"}],"about":[{"href":"https:\/\/wolfgang-kipferl.de\/sch_aktuell_blog\/index.php?rest_route=\/wp\/v2\/types\/post"}],"author":[{"embeddable":true,"href":"https:\/\/wolfgang-kipferl.de\/sch_aktuell_blog\/index.php?rest_route=\/wp\/v2\/users\/4"}],"replies":[{"embeddable":true,"href":"https:\/\/wolfgang-kipferl.de\/sch_aktuell_blog\/index.php?rest_route=%2Fwp%2Fv2%2Fcomments&post=8284"}],"version-history":[{"count":0,"href":"https:\/\/wolfgang-kipferl.de\/sch_aktuell_blog\/index.php?rest_route=\/wp\/v2\/posts\/8284\/revisions"}],"wp:attachment":[{"href":"https:\/\/wolfgang-kipferl.de\/sch_aktuell_blog\/index.php?rest_route=%2Fwp%2Fv2%2Fmedia&parent=8284"}],"wp:term":[{"taxonomy":"category","embeddable":true,"href":"https:\/\/wolfgang-kipferl.de\/sch_aktuell_blog\/index.php?rest_route=%2Fwp%2Fv2%2Fcategories&post=8284"},{"taxonomy":"post_tag","embeddable":true,"href":"https:\/\/wolfgang-kipferl.de\/sch_aktuell_blog\/index.php?rest_route=%2Fwp%2Fv2%2Ftags&post=8284"}],"curies":[{"name":"wp","href":"https:\/\/api.w.org\/{rel}","templated":true}]}}