{"id":8350,"date":"2017-01-15T19:51:43","date_gmt":"2017-01-15T19:51:43","guid":{"rendered":"http:\/\/wolfgang-kipferl.de\/sch_aktuell_blog\/?p=8350"},"modified":"2017-01-15T19:51:43","modified_gmt":"2017-01-15T19:51:43","slug":"bezirksem-maedchen-2017-zwei-titel-fuer-den-skn","status":"publish","type":"post","link":"https:\/\/wolfgang-kipferl.de\/sch_aktuell_blog\/?p=8350","title":{"rendered":"BezirksEM M\u00e4dchen 2017 \u2013 Zwei Titel f\u00fcr den SKN"},"content":{"rendered":"<p><a href=\"http:\/\/wolfgang-kipferl.de\/sch_aktuell_blog\/wp-content\/uploads\/2017\/01\/20170115_BezEMw2017-7.jpg\"><img loading=\"lazy\" decoding=\"async\" src=\"http:\/\/wolfgang-kipferl.de\/sch_aktuell_blog\/wp-content\/uploads\/2017\/01\/20170115_BezEMw2017-7-300x225.jpg\" alt=\"20170115_BezEMw2017 (7)\" width=\"300\" height=\"225\" class=\"alignright size-medium wp-image-8355\" srcset=\"https:\/\/wolfgang-kipferl.de\/sch_aktuell_blog\/wp-content\/uploads\/2017\/01\/20170115_BezEMw2017-7-300x225.jpg 300w, https:\/\/wolfgang-kipferl.de\/sch_aktuell_blog\/wp-content\/uploads\/2017\/01\/20170115_BezEMw2017-7.jpg 720w\" sizes=\"auto, (max-width: 300px) 100vw, 300px\" \/><\/a>Nach drei Jahren richteten wir wieder mal die Mittelfr\u00e4nkischen M\u00e4dchenmeisterschaften im Gesindehaus aus. Eva Schilay sicherte sich in der kombinierten Altersklasse U16\/18 mit 5\/5 den Sieg und holte damit das sechste (!) Jahr in Folge den Titel. Einen Neumarkter Erfolg gab es auch in der U14 durch Maria Schilay mit 5,5\/6. Ihre Titelserie war ja im Vorjahr gerissen, nun holte sie zum f\u00fcnften Mal die Meisterschaft. Dabei h\u00e4tte ihr diese Daiana Burger durchaus streitig machen k\u00f6nnen, doch diese lie\u00df leider einige Punkte liegen und wurde somit unter Wert Vierte. Auch Radena Burger verpasste in der U12 eine gute Chance auf das Podest zu klettern und belegte Rang f\u00fcnf.<\/p>\n<p><!--more--><br \/>\nRadena startete mit zwei Siegen gut ins Turnier. Zum Abschluss des ersten Turniertags griff Radena jedoch nicht im &#8222;Nese-Albayrak-Selbstbedienungsladen&#8220; zu. Diesen Gefallen erwiderte die Setzlistenerste nicht und so ging die Partie in die Binsen. Tags darauf setzte es Niederlagen gegen Amalia Stark (SK Rothenburg) sowie Titelverteidigerin Lisa Adelhardt (ST R\u00f6ttenbach), vor zwei Wochen noch Teamkollegin bei der DVM. In der letzten Runde verpasste Radena einen Turmgewinn und musste sich in der Folge abermals geschlagen geben, so dass sie mit zwei Z\u00e4hlern auf Rang f\u00fcnf landete.<\/p>\n<p><a href=\"http:\/\/wolfgang-kipferl.de\/sch_aktuell_blog\/wp-content\/uploads\/2017\/01\/2017emu12w.html\" target=\"_blank\">Endstand U12<\/a><\/p>\n<p>Top-Favoritin in der U14 war Maria, die in der Hinrunde 2,5 Z\u00e4hler holte. Dabei war das Remis gegen Daiana aber mehr als schmeichelhaft, die aus dem in der Mitte verbliebenen K\u00f6nig Marias mehr Kapital h\u00e4tte schlagen k\u00f6nnen. \u00dcberhaupt agierte Daiana sehr ungl\u00fccklich, verlor das ausgeglichene Turmendspiel gegen Berrak Albayrak sowie die klar vorteilhafte Stellung gegen Christina Dietrich (SGem F\u00fcrth 1882). In der R\u00fcckrunde dasselbe Bild im vereinsinternen Duell: Maria patzte in der Er\u00f6ffnung und Daiana bekam eine Traum-Angriffsstellung. Doch ein grober Schnitzer r\u00fcckte die Verh\u00e4ltnisse wieder zurecht. In der letzten Runde holte Daiana ihren mehr als verdienten ersten Sieg bei diesem Turnier, da war das Podest aber schon au\u00dfer Reichweite. Maria stand schon vor der letzten Runde als neue Meisterin fest und hatte gegen Berrak einige kritische Momente zu \u00fcberstehen ehe sie Sieg Nummer f\u00fcnf unter Dach und Fach brachte.<\/p>\n<p><a href=\"http:\/\/wolfgang-kipferl.de\/sch_aktuell_blog\/wp-content\/uploads\/2017\/01\/2017emu14w.html\" target=\"_blank\">Endstand U14<\/a><\/p>\n<p>In der U16\/18 f\u00fchrte Eva mit Abstand die Setzliste an und wurde ihrer Favoritenrolle mit f\u00fcnf Siegen auch gerecht.<\/p>\n<p><a href=\"http:\/\/wolfgang-kipferl.de\/sch_aktuell_blog\/wp-content\/uploads\/2017\/01\/2017emu16wu18w.html\" target=\"_blank\">Endstand U16\/18<\/a><\/p>\n\n\t\t<style type=\"text\/css\">\n\t\t\t#gallery-1 {\n\t\t\t\tmargin: auto;\n\t\t\t}\n\t\t\t#gallery-1 .gallery-item {\n\t\t\t\tfloat: left;\n\t\t\t\tmargin-top: 10px;\n\t\t\t\ttext-align: center;\n\t\t\t\twidth: 33%;\n\t\t\t}\n\t\t\t#gallery-1 img {\n\t\t\t\tborder: 2px solid #cfcfcf;\n\t\t\t}\n\t\t\t#gallery-1 .gallery-caption {\n\t\t\t\tmargin-left: 0;\n\t\t\t}\n\t\t\t\/* see gallery_shortcode() in wp-includes\/media.php *\/\n\t\t<\/style>\n\t\t<div id='gallery-1' class='gallery galleryid-8350 gallery-columns-3 gallery-size-thumbnail'><dl class='gallery-item'>\n\t\t\t<dt class='gallery-icon landscape'>\n\t\t\t\t<a href='https:\/\/wolfgang-kipferl.de\/sch_aktuell_blog\/?attachment_id=8356'><img loading=\"lazy\" decoding=\"async\" width=\"150\" height=\"150\" src=\"https:\/\/wolfgang-kipferl.de\/sch_aktuell_blog\/wp-content\/uploads\/2017\/01\/20170115_BezEMw2017-1-150x150.jpg\" class=\"attachment-thumbnail size-thumbnail\" alt=\"\" aria-describedby=\"gallery-1-8356\" srcset=\"https:\/\/wolfgang-kipferl.de\/sch_aktuell_blog\/wp-content\/uploads\/2017\/01\/20170115_BezEMw2017-1-150x150.jpg 150w, https:\/\/wolfgang-kipferl.de\/sch_aktuell_blog\/wp-content\/uploads\/2017\/01\/20170115_BezEMw2017-1-144x144.jpg 144w\" sizes=\"auto, (max-width: 150px) 100vw, 150px\" \/><\/a>\n\t\t\t<\/dt>\n\t\t\t\t<dd class='wp-caption-text gallery-caption' id='gallery-1-8356'>\n\t\t\t\tU16\/18\n\t\t\t\t<\/dd><\/dl><dl class='gallery-item'>\n\t\t\t<dt class='gallery-icon landscape'>\n\t\t\t\t<a href='https:\/\/wolfgang-kipferl.de\/sch_aktuell_blog\/?attachment_id=8357'><img loading=\"lazy\" decoding=\"async\" width=\"150\" height=\"150\" src=\"https:\/\/wolfgang-kipferl.de\/sch_aktuell_blog\/wp-content\/uploads\/2017\/01\/20170115_BezEMw2017-2-150x150.jpg\" class=\"attachment-thumbnail size-thumbnail\" alt=\"\" aria-describedby=\"gallery-1-8357\" srcset=\"https:\/\/wolfgang-kipferl.de\/sch_aktuell_blog\/wp-content\/uploads\/2017\/01\/20170115_BezEMw2017-2-150x150.jpg 150w, https:\/\/wolfgang-kipferl.de\/sch_aktuell_blog\/wp-content\/uploads\/2017\/01\/20170115_BezEMw2017-2-144x144.jpg 144w\" sizes=\"auto, (max-width: 150px) 100vw, 150px\" \/><\/a>\n\t\t\t<\/dt>\n\t\t\t\t<dd class='wp-caption-text gallery-caption' id='gallery-1-8357'>\n\t\t\t\tU14\/U12\n\t\t\t\t<\/dd><\/dl><dl class='gallery-item'>\n\t\t\t<dt class='gallery-icon landscape'>\n\t\t\t\t<a href='https:\/\/wolfgang-kipferl.de\/sch_aktuell_blog\/?attachment_id=8358'><img loading=\"lazy\" decoding=\"async\" width=\"150\" height=\"150\" src=\"https:\/\/wolfgang-kipferl.de\/sch_aktuell_blog\/wp-content\/uploads\/2017\/01\/20170115_BezEMw2017-3-150x150.jpg\" class=\"attachment-thumbnail size-thumbnail\" alt=\"\" aria-describedby=\"gallery-1-8358\" srcset=\"https:\/\/wolfgang-kipferl.de\/sch_aktuell_blog\/wp-content\/uploads\/2017\/01\/20170115_BezEMw2017-3-150x150.jpg 150w, https:\/\/wolfgang-kipferl.de\/sch_aktuell_blog\/wp-content\/uploads\/2017\/01\/20170115_BezEMw2017-3-144x144.jpg 144w\" sizes=\"auto, (max-width: 150px) 100vw, 150px\" \/><\/a>\n\t\t\t<\/dt>\n\t\t\t\t<dd class='wp-caption-text gallery-caption' id='gallery-1-8358'>\n\t\t\t\tSiegerehrung U16\/18\n\t\t\t\t<\/dd><\/dl><br style=\"clear: both\" \/><dl class='gallery-item'>\n\t\t\t<dt class='gallery-icon landscape'>\n\t\t\t\t<a href='https:\/\/wolfgang-kipferl.de\/sch_aktuell_blog\/?attachment_id=8360'><img loading=\"lazy\" decoding=\"async\" width=\"150\" height=\"150\" src=\"https:\/\/wolfgang-kipferl.de\/sch_aktuell_blog\/wp-content\/uploads\/2017\/01\/20170115_BezEMw2017-5-150x150.jpg\" class=\"attachment-thumbnail size-thumbnail\" alt=\"\" aria-describedby=\"gallery-1-8360\" srcset=\"https:\/\/wolfgang-kipferl.de\/sch_aktuell_blog\/wp-content\/uploads\/2017\/01\/20170115_BezEMw2017-5-150x150.jpg 150w, https:\/\/wolfgang-kipferl.de\/sch_aktuell_blog\/wp-content\/uploads\/2017\/01\/20170115_BezEMw2017-5-144x144.jpg 144w\" sizes=\"auto, (max-width: 150px) 100vw, 150px\" \/><\/a>\n\t\t\t<\/dt>\n\t\t\t\t<dd class='wp-caption-text gallery-caption' id='gallery-1-8360'>\n\t\t\t\tSiegerehrung U14\n\t\t\t\t<\/dd><\/dl><dl class='gallery-item'>\n\t\t\t<dt class='gallery-icon landscape'>\n\t\t\t\t<a href='https:\/\/wolfgang-kipferl.de\/sch_aktuell_blog\/?attachment_id=8359'><img loading=\"lazy\" decoding=\"async\" width=\"150\" height=\"150\" src=\"https:\/\/wolfgang-kipferl.de\/sch_aktuell_blog\/wp-content\/uploads\/2017\/01\/20170115_BezEMw2017-4-150x150.jpg\" class=\"attachment-thumbnail size-thumbnail\" alt=\"\" aria-describedby=\"gallery-1-8359\" srcset=\"https:\/\/wolfgang-kipferl.de\/sch_aktuell_blog\/wp-content\/uploads\/2017\/01\/20170115_BezEMw2017-4-150x150.jpg 150w, https:\/\/wolfgang-kipferl.de\/sch_aktuell_blog\/wp-content\/uploads\/2017\/01\/20170115_BezEMw2017-4-144x144.jpg 144w\" sizes=\"auto, (max-width: 150px) 100vw, 150px\" \/><\/a>\n\t\t\t<\/dt>\n\t\t\t\t<dd class='wp-caption-text gallery-caption' id='gallery-1-8359'>\n\t\t\t\tSiegerehrung U12\n\t\t\t\t<\/dd><\/dl><dl class='gallery-item'>\n\t\t\t<dt class='gallery-icon landscape'>\n\t\t\t\t<a href='https:\/\/wolfgang-kipferl.de\/sch_aktuell_blog\/?attachment_id=8361'><img loading=\"lazy\" decoding=\"async\" width=\"150\" height=\"150\" src=\"https:\/\/wolfgang-kipferl.de\/sch_aktuell_blog\/wp-content\/uploads\/2017\/01\/20170115_BezEMw2017-6-150x150.jpg\" class=\"attachment-thumbnail size-thumbnail\" alt=\"\" aria-describedby=\"gallery-1-8361\" srcset=\"https:\/\/wolfgang-kipferl.de\/sch_aktuell_blog\/wp-content\/uploads\/2017\/01\/20170115_BezEMw2017-6-150x150.jpg 150w, https:\/\/wolfgang-kipferl.de\/sch_aktuell_blog\/wp-content\/uploads\/2017\/01\/20170115_BezEMw2017-6-144x144.jpg 144w\" sizes=\"auto, (max-width: 150px) 100vw, 150px\" \/><\/a>\n\t\t\t<\/dt>\n\t\t\t\t<dd class='wp-caption-text gallery-caption' id='gallery-1-8361'>\n\t\t\t\tDer neue M\u00e4dchentrainer? Noch lacht er&#8230;\n\t\t\t\t<\/dd><\/dl><br style=\"clear: both\" \/>\n\t\t<\/div>\n\n<h3>Related Images:<\/h3>","protected":false},"excerpt":{"rendered":"<p>Nach drei Jahren richteten wir wieder mal die Mittelfr\u00e4nkischen M\u00e4dchenmeisterschaften im Gesindehaus aus. Eva Schilay sicherte sich in der kombinierten Altersklasse U16\/18 mit 5\/5 den Sieg und holte damit das sechste (!) Jahr in Folge den Titel. Einen Neumarkter Erfolg &hellip; <a href=\"https:\/\/wolfgang-kipferl.de\/sch_aktuell_blog\/?p=8350\">Continue reading<\/a><\/p>\n","protected":false},"author":4,"featured_media":0,"comment_status":"closed","ping_status":"closed","sticky":false,"template":"","format":"standard","meta":{"ngg_post_thumbnail":0,"footnotes":""},"categories":[39,38],"tags":[],"class_list":["post-8350","post","type-post","status-publish","format-standard","hentry","category-jugend-1617","category-saison-1617"],"_links":{"self":[{"href":"https:\/\/wolfgang-kipferl.de\/sch_aktuell_blog\/index.php?rest_route=\/wp\/v2\/posts\/8350","targetHints":{"allow":["GET"]}}],"collection":[{"href":"https:\/\/wolfgang-kipferl.de\/sch_aktuell_blog\/index.php?rest_route=\/wp\/v2\/posts"}],"about":[{"href":"https:\/\/wolfgang-kipferl.de\/sch_aktuell_blog\/index.php?rest_route=\/wp\/v2\/types\/post"}],"author":[{"embeddable":true,"href":"https:\/\/wolfgang-kipferl.de\/sch_aktuell_blog\/index.php?rest_route=\/wp\/v2\/users\/4"}],"replies":[{"embeddable":true,"href":"https:\/\/wolfgang-kipferl.de\/sch_aktuell_blog\/index.php?rest_route=%2Fwp%2Fv2%2Fcomments&post=8350"}],"version-history":[{"count":0,"href":"https:\/\/wolfgang-kipferl.de\/sch_aktuell_blog\/index.php?rest_route=\/wp\/v2\/posts\/8350\/revisions"}],"wp:attachment":[{"href":"https:\/\/wolfgang-kipferl.de\/sch_aktuell_blog\/index.php?rest_route=%2Fwp%2Fv2%2Fmedia&parent=8350"}],"wp:term":[{"taxonomy":"category","embeddable":true,"href":"https:\/\/wolfgang-kipferl.de\/sch_aktuell_blog\/index.php?rest_route=%2Fwp%2Fv2%2Fcategories&post=8350"},{"taxonomy":"post_tag","embeddable":true,"href":"https:\/\/wolfgang-kipferl.de\/sch_aktuell_blog\/index.php?rest_route=%2Fwp%2Fv2%2Ftags&post=8350"}],"curies":[{"name":"wp","href":"https:\/\/api.w.org\/{rel}","templated":true}]}}