{"id":838,"date":"2011-09-17T21:11:10","date_gmt":"2011-09-17T21:11:10","guid":{"rendered":"http:\/\/wolfgang-kipferl.de\/sch_aktuell_blog\/?p=838"},"modified":"2011-10-25T18:25:34","modified_gmt":"2011-10-25T18:25:34","slug":"jutu-bechhofen-neumarkter-doppelsieg","status":"publish","type":"post","link":"https:\/\/wolfgang-kipferl.de\/sch_aktuell_blog\/?p=838","title":{"rendered":"JuTu Bechhofen &#8211; Neumarkter Doppelsieg"},"content":{"rendered":"<p>Beim diesj\u00e4hrigen T\u00fcrmchenturnier in Bechhofen vertraten Maria Schilay und Tim Erik Gresch in der U8 unsere Farben. Maria galt angesichts der vergangenen Erfolge als Favoritin, ben\u00f6tigte aber in Runde eins etwas Gl\u00fcck, da Tim Schwegler (K\u00f6tz\/Ichenhausen) einen h\u00e4ngenden Springer nicht nahm. Danach spielte Maria routiniert ihren Materialvorteil nach Hause und auch Tim gewann seine Auftaktpartie gegen Vanessa Wiemann aus Seubelsdorf.<br \/>\nRunde zwei sah das direkte Neumarkter Duell. Zun\u00e4chst konnte Maria einen Bauern gewinnen, b\u00fcsste dann aber eine Qualit\u00e4t per R\u00f6ntgenangriff ein. Tim nutzte seinen Vorteil geschickt, aktivierte seine T\u00fcrme und gewann Bauer um Bauer und auch einen L\u00e4ufer. Doch kurz vorm Matt stellt er dann einen Turm ein unnd Maria versuchte sofort aktiv einen eigenen Bauern durchzubringen. Da Tim aber schon zwei Bauern auf der zweiten Reihe hatte war er schneller und gewann mit 2:1 Damen die Partie. In den folgenden Runden unterstrich Tim seine gute Form, spielte sch\u00f6ne Partien und eilte von Sieg zu Sieg. Auch Maria zeigte nun zusehends ihre Klasse und lie\u00df den Gegnern keine Chance.<br \/>\nMit dem Turniersieg vor Augen begann Tim in den letzten beiden Runden pl\u00f6tzlich zu hektisch zu agieren. Prompt verlor er in Runde sechs (ich war nur kurz drau\u00dfen, bis ich zur\u00fcckkam war die Partie schon beendet&#8230;) gegen den Forchheimer Stefan Seitz und damit schlossen Maria und Vanessa Wiemann mit je 5\/6 zu Tim auf. Da Tim aber gegen beide M\u00e4dels gewonnen hatte war klar, dass er bei Punktgleichheit das bessere Ende f\u00fcr sich haben w\u00fcrde. Doch auch in der letzten Runde zeigte er Nerven und es sah nicht gut aus. Als aber sein Gegner eine Gewinnchance auslie\u00df, ergriff Tim die Chance, setzte matt und gewann damit erstmals ein Schachturnier! Maria hatte im Verfolgerduell mit Vanessa die Partie immer im Griff, eroberte sukzessive Material und holte ebenfalls Sieg Nummer sechs. Dies bedeutete Rang zwei in der Gesamtwertung und den Pokal f\u00fcr das beste M\u00e4dchen. Ein toller Erfolg f\u00fcr unsere beiden Youngster, denn einen Neumarkter Doppelsieg gibt es nun wirklich nicht alle Tage.<br \/>\nEin Dankesch\u00f6n geht an die Bechh\u00f6fer f\u00fcr das gut organisierte Turnier, das mehr Teilnehmer verdient gehabt h\u00e4tte.<\/p>\n<p><a href=\"http:\/\/www.sc-bechhofen.de\/2011\/09\/17\/30-teilnehmer-beim-4-turmchenturnier-in-bechhofen.html\" target=\"_blank\">Turnierseite<\/a><\/p>\n\n\t\t<style type=\"text\/css\">\n\t\t\t#gallery-1 {\n\t\t\t\tmargin: auto;\n\t\t\t}\n\t\t\t#gallery-1 .gallery-item {\n\t\t\t\tfloat: left;\n\t\t\t\tmargin-top: 10px;\n\t\t\t\ttext-align: center;\n\t\t\t\twidth: 33%;\n\t\t\t}\n\t\t\t#gallery-1 img {\n\t\t\t\tborder: 2px solid #cfcfcf;\n\t\t\t}\n\t\t\t#gallery-1 .gallery-caption {\n\t\t\t\tmargin-left: 0;\n\t\t\t}\n\t\t\t\/* see gallery_shortcode() in wp-includes\/media.php *\/\n\t\t<\/style>\n\t\t<div id='gallery-1' class='gallery galleryid-838 gallery-columns-3 gallery-size-thumbnail'><dl class='gallery-item'>\n\t\t\t<dt class='gallery-icon landscape'>\n\t\t\t\t<a href='https:\/\/wolfgang-kipferl.de\/sch_aktuell_blog\/?attachment_id=839'><img loading=\"lazy\" decoding=\"async\" width=\"150\" height=\"150\" src=\"https:\/\/wolfgang-kipferl.de\/sch_aktuell_blog\/wp-content\/uploads\/2011\/09\/CIMG1578-720x540-150x150.jpg\" class=\"attachment-thumbnail size-thumbnail\" alt=\"\" aria-describedby=\"gallery-1-839\" \/><\/a>\n\t\t\t<\/dt>\n\t\t\t\t<dd class='wp-caption-text gallery-caption' id='gallery-1-839'>\n\t\t\t\tVereinsduell\n\t\t\t\t<\/dd><\/dl><dl class='gallery-item'>\n\t\t\t<dt class='gallery-icon landscape'>\n\t\t\t\t<a href='https:\/\/wolfgang-kipferl.de\/sch_aktuell_blog\/?attachment_id=840'><img loading=\"lazy\" decoding=\"async\" width=\"150\" height=\"150\" src=\"https:\/\/wolfgang-kipferl.de\/sch_aktuell_blog\/wp-content\/uploads\/2011\/09\/CIMG1579-720x540-150x150.jpg\" class=\"attachment-thumbnail size-thumbnail\" alt=\"\" aria-describedby=\"gallery-1-840\" \/><\/a>\n\t\t\t<\/dt>\n\t\t\t\t<dd class='wp-caption-text gallery-caption' id='gallery-1-840'>\n\t\t\t\tVorentscheidung in Runde 2 &#8211; Tim gewinnt gegen Maria\n\t\t\t\t<\/dd><\/dl><dl class='gallery-item'>\n\t\t\t<dt class='gallery-icon landscape'>\n\t\t\t\t<a href='https:\/\/wolfgang-kipferl.de\/sch_aktuell_blog\/?attachment_id=841'><img loading=\"lazy\" decoding=\"async\" width=\"150\" height=\"150\" src=\"https:\/\/wolfgang-kipferl.de\/sch_aktuell_blog\/wp-content\/uploads\/2011\/09\/CIMG1580-720x540-150x150.jpg\" class=\"attachment-thumbnail size-thumbnail\" alt=\"\" aria-describedby=\"gallery-1-841\" \/><\/a>\n\t\t\t<\/dt>\n\t\t\t\t<dd class='wp-caption-text gallery-caption' id='gallery-1-841'>\n\t\t\t\tLetzte Runde &#8211; Kampf um den Gesamtsieg\n\t\t\t\t<\/dd><\/dl><br style=\"clear: both\" \/><dl class='gallery-item'>\n\t\t\t<dt class='gallery-icon landscape'>\n\t\t\t\t<a href='https:\/\/wolfgang-kipferl.de\/sch_aktuell_blog\/?attachment_id=842'><img loading=\"lazy\" decoding=\"async\" width=\"150\" height=\"150\" src=\"https:\/\/wolfgang-kipferl.de\/sch_aktuell_blog\/wp-content\/uploads\/2011\/09\/CIMG1581-720x540-150x150.jpg\" class=\"attachment-thumbnail size-thumbnail\" alt=\"\" aria-describedby=\"gallery-1-842\" \/><\/a>\n\t\t\t<\/dt>\n\t\t\t\t<dd class='wp-caption-text gallery-caption' id='gallery-1-842'>\n\t\t\t\tTim auf dem Weg zum ersten Turniersieg\n\t\t\t\t<\/dd><\/dl><dl class='gallery-item'>\n\t\t\t<dt class='gallery-icon landscape'>\n\t\t\t\t<a href='https:\/\/wolfgang-kipferl.de\/sch_aktuell_blog\/?attachment_id=843'><img loading=\"lazy\" decoding=\"async\" width=\"150\" height=\"150\" src=\"https:\/\/wolfgang-kipferl.de\/sch_aktuell_blog\/wp-content\/uploads\/2011\/09\/CIMG1582-720x540-150x150.jpg\" class=\"attachment-thumbnail size-thumbnail\" alt=\"\" aria-describedby=\"gallery-1-843\" \/><\/a>\n\t\t\t<\/dt>\n\t\t\t\t<dd class='wp-caption-text gallery-caption' id='gallery-1-843'>\n\t\t\t\tMaria hochkonzentriert im Kampf um den M\u00e4dchenpokal\n\t\t\t\t<\/dd><\/dl><dl class='gallery-item'>\n\t\t\t<dt class='gallery-icon landscape'>\n\t\t\t\t<a href='https:\/\/wolfgang-kipferl.de\/sch_aktuell_blog\/?attachment_id=844'><img loading=\"lazy\" decoding=\"async\" width=\"150\" height=\"150\" src=\"https:\/\/wolfgang-kipferl.de\/sch_aktuell_blog\/wp-content\/uploads\/2011\/09\/CIMG1584-720x540-150x150.jpg\" class=\"attachment-thumbnail size-thumbnail\" alt=\"\" aria-describedby=\"gallery-1-844\" \/><\/a>\n\t\t\t<\/dt>\n\t\t\t\t<dd class='wp-caption-text gallery-caption' id='gallery-1-844'>\n\t\t\t\tDie beiden stolzen Sieger\n\t\t\t\t<\/dd><\/dl><br style=\"clear: both\" \/>\n\t\t<\/div>\n\n<h3>Related Images:<\/h3>","protected":false},"excerpt":{"rendered":"<p>Beim diesj\u00e4hrigen T\u00fcrmchenturnier in Bechhofen vertraten Maria Schilay und Tim Erik Gresch in der U8 unsere Farben. Maria galt angesichts der vergangenen Erfolge als Favoritin, ben\u00f6tigte aber in Runde eins etwas Gl\u00fcck, da Tim Schwegler (K\u00f6tz\/Ichenhausen) einen h\u00e4ngenden Springer nicht &hellip; <a href=\"https:\/\/wolfgang-kipferl.de\/sch_aktuell_blog\/?p=838\">Continue reading<\/a><\/p>\n","protected":false},"author":4,"featured_media":0,"comment_status":"closed","ping_status":"closed","sticky":false,"template":"","format":"standard","meta":{"ngg_post_thumbnail":0,"footnotes":""},"categories":[13],"tags":[],"class_list":["post-838","post","type-post","status-publish","format-standard","hentry","category-jugend-1112"],"_links":{"self":[{"href":"https:\/\/wolfgang-kipferl.de\/sch_aktuell_blog\/index.php?rest_route=\/wp\/v2\/posts\/838","targetHints":{"allow":["GET"]}}],"collection":[{"href":"https:\/\/wolfgang-kipferl.de\/sch_aktuell_blog\/index.php?rest_route=\/wp\/v2\/posts"}],"about":[{"href":"https:\/\/wolfgang-kipferl.de\/sch_aktuell_blog\/index.php?rest_route=\/wp\/v2\/types\/post"}],"author":[{"embeddable":true,"href":"https:\/\/wolfgang-kipferl.de\/sch_aktuell_blog\/index.php?rest_route=\/wp\/v2\/users\/4"}],"replies":[{"embeddable":true,"href":"https:\/\/wolfgang-kipferl.de\/sch_aktuell_blog\/index.php?rest_route=%2Fwp%2Fv2%2Fcomments&post=838"}],"version-history":[{"count":0,"href":"https:\/\/wolfgang-kipferl.de\/sch_aktuell_blog\/index.php?rest_route=\/wp\/v2\/posts\/838\/revisions"}],"wp:attachment":[{"href":"https:\/\/wolfgang-kipferl.de\/sch_aktuell_blog\/index.php?rest_route=%2Fwp%2Fv2%2Fmedia&parent=838"}],"wp:term":[{"taxonomy":"category","embeddable":true,"href":"https:\/\/wolfgang-kipferl.de\/sch_aktuell_blog\/index.php?rest_route=%2Fwp%2Fv2%2Fcategories&post=838"},{"taxonomy":"post_tag","embeddable":true,"href":"https:\/\/wolfgang-kipferl.de\/sch_aktuell_blog\/index.php?rest_route=%2Fwp%2Fv2%2Ftags&post=838"}],"curies":[{"name":"wp","href":"https:\/\/api.w.org\/{rel}","templated":true}]}}