{"id":8496,"date":"2017-03-11T20:05:44","date_gmt":"2017-03-11T20:05:44","guid":{"rendered":"http:\/\/wolfgang-kipferl.de\/sch_aktuell_blog\/?p=8496"},"modified":"2017-03-15T21:03:33","modified_gmt":"2017-03-15T21:03:33","slug":"u20-landesliga-nord-runde-67","status":"publish","type":"post","link":"https:\/\/wolfgang-kipferl.de\/sch_aktuell_blog\/?p=8496","title":{"rendered":"U20 Landesliga Nord \u2013 Runde 6+7"},"content":{"rendered":"<p>Die letzte Doppelrunde der U20 Landesliga Nord verlief f\u00fcr unseren Nachwuchs alles andere als gew\u00fcnscht. Als verlustpunktfreier Spitzenreiter mit zwei Punkten Vorsprung wollten wir nat\u00fcrlich die erhoffte Meisterschaft einfahren. Aber der unerwartete Wegfall des nach DWZ-Performance besten Spielers der Liga machte die Aufgabe nicht einfacher. Trotzdem ging man nicht chancenlos in den Spieltag, doch nach einer \u00fcberraschend deutlichen 0:4 Niederlage gegen den leicht favorisierten Verfolger SK Kelheim war man die Tabellenf\u00fchrung los. Zum Abschluss gab es ein 2:2 gegen Bavaria Regensburg 2 wodurch wir die Saison auf einem guten, aber letztlich sehr bitteren dritten Rang beenden.<\/p>\n<p><!--more--><br \/>\nNach dem mehr als unn\u00f6tigen Abstieg aus der Bayernliga im Vorjahr, war die bisherige Saison in der Landesliga bislang glatt gelaufen, sogar die mit Abstand st\u00e4rkste Mannschaft der Liga konnte \u00fcberraschend souver\u00e4n bezwungen werden. Dass dann unser Spitzenbrett die Mannschaft im Stich l\u00e4sst war ein herber Schlag und ver\u00e4nderte die Vorzeichen im Spitzenduell mit Kelheim. Statt als leichter Favorit ging es nun als leichter Au\u00dfenseiter in den wichtigen Wettkampf. Doch angesichts der guten Ausgangslage h\u00e4tte es ja nicht mal unbedingt eines Sieges bedurft, selbst bei einer knappen Niederlage w\u00e4re noch alles drin gewesen. Aber es kam anders: Eva Schilay verlor schon fr\u00fch ersatzlos einen Bauern und als sie ihrem Gegen\u00fcber sp\u00e4ter noch eine taktische Chance servierte lie\u00df dieser sich nicht zweimal bitten. Zu allem \u00dcberfluss verlor dann auch noch Simon Drechsel in totaler Gewinnstellung vollkommen den Faden und musste sich sogar noch geschlagen geben. Paul Neppert geriet in komlizierter Stellung am K\u00f6nigsfl\u00fcgel unter Druck und konnte nach einem Fehler den Laden nicht mehr zusammenhalten. Lorenz Schilay sah sich aus der Er\u00f6ffnung heraus konstantem Druckspiel auf seinen K\u00f6nig ausgesetzt, das letztlich einen Bauern kostete was langfristig die Partie entschied.<br \/>\nDurch die hohe Niederlage zogen die Kelheimer ans uns vorbei, aber immerhin behaupteten wir noch Rang zwei dank des gewonnenen direkten Vergleichs vor NT. Damit h\u00e4tte es aber eines 4:0 bedurft um diesen sicher zu halten. Allerdings wartete mit Bavaria Regensburg 2 noch ein nominell \u00e4hnlich starkes Team auf uns, das noch jeden Punkt f\u00fcr den Klassenerhalt ben\u00f6tigte. Simon agierte erneut sehr ungl\u00fccklich: nachdem er eine Qualit\u00e4t erobert hatte, leistete er sich eine Ungenauigkeit und geriet unter Druck. Die Folge war die R\u00fcckgabe der Quali, doch dann lie\u00df er sich in ausgeglichener Stellung in vier Z\u00fcgen Matt setzen. Lorenz profitierte davon, dass sein Gegner ihm das Feld c4 f\u00fcr seine Springer \u00fcberlie\u00df. In Verbindung mit der Kontrolle der offenen a-Linie ergab das Druckspiel einen Bauerngewinn, den Lorenz sicher verwertete. Paul landete in einer \u00e4hnlichen Stellung wie die Runde zuvor und \u00f6ffnete diesmal das Zentrum um nicht wieder am K\u00f6nigsfl\u00fcgel in die Klemme zu geraten. Doch dies erwies sich ebenfalls als schwer zu spielen und nach einem Bauernverlust wurde Paul dem Freibauern auf der d-Linie nicht mehr Herr. Daf\u00fcr konnte Eva ihre Horror-Serie beenden und zum 2:2 ausgleichen. Dabei hatte sie Gl\u00fcck, dass ihr Kontrahent einen taktische Chance auslie\u00df, w\u00e4hrend Eva bei der sich ihr bietenden Gelegenheit zuschlug.<\/p>\n<p><a href=\"http:\/\/www.ligamanager.schachbund-bayern.de\/bsj\/ergebnisse\/spielplan.htm?ligaId=1030\" target=\"_blank\">U20 Landesliga Nord<\/a><\/p>\n<h3>Related Images:<\/h3>","protected":false},"excerpt":{"rendered":"<p>Die letzte Doppelrunde der U20 Landesliga Nord verlief f\u00fcr unseren Nachwuchs alles andere als gew\u00fcnscht. Als verlustpunktfreier Spitzenreiter mit zwei Punkten Vorsprung wollten wir nat\u00fcrlich die erhoffte Meisterschaft einfahren. Aber der unerwartete Wegfall des nach DWZ-Performance besten Spielers der Liga &hellip; <a href=\"https:\/\/wolfgang-kipferl.de\/sch_aktuell_blog\/?p=8496\">Continue reading<\/a><\/p>\n","protected":false},"author":4,"featured_media":0,"comment_status":"closed","ping_status":"closed","sticky":false,"template":"","format":"standard","meta":{"ngg_post_thumbnail":0,"footnotes":""},"categories":[39,38],"tags":[],"class_list":["post-8496","post","type-post","status-publish","format-standard","hentry","category-jugend-1617","category-saison-1617"],"_links":{"self":[{"href":"https:\/\/wolfgang-kipferl.de\/sch_aktuell_blog\/index.php?rest_route=\/wp\/v2\/posts\/8496","targetHints":{"allow":["GET"]}}],"collection":[{"href":"https:\/\/wolfgang-kipferl.de\/sch_aktuell_blog\/index.php?rest_route=\/wp\/v2\/posts"}],"about":[{"href":"https:\/\/wolfgang-kipferl.de\/sch_aktuell_blog\/index.php?rest_route=\/wp\/v2\/types\/post"}],"author":[{"embeddable":true,"href":"https:\/\/wolfgang-kipferl.de\/sch_aktuell_blog\/index.php?rest_route=\/wp\/v2\/users\/4"}],"replies":[{"embeddable":true,"href":"https:\/\/wolfgang-kipferl.de\/sch_aktuell_blog\/index.php?rest_route=%2Fwp%2Fv2%2Fcomments&post=8496"}],"version-history":[{"count":0,"href":"https:\/\/wolfgang-kipferl.de\/sch_aktuell_blog\/index.php?rest_route=\/wp\/v2\/posts\/8496\/revisions"}],"wp:attachment":[{"href":"https:\/\/wolfgang-kipferl.de\/sch_aktuell_blog\/index.php?rest_route=%2Fwp%2Fv2%2Fmedia&parent=8496"}],"wp:term":[{"taxonomy":"category","embeddable":true,"href":"https:\/\/wolfgang-kipferl.de\/sch_aktuell_blog\/index.php?rest_route=%2Fwp%2Fv2%2Fcategories&post=8496"},{"taxonomy":"post_tag","embeddable":true,"href":"https:\/\/wolfgang-kipferl.de\/sch_aktuell_blog\/index.php?rest_route=%2Fwp%2Fv2%2Ftags&post=8496"}],"curies":[{"name":"wp","href":"https:\/\/api.w.org\/{rel}","templated":true}]}}