{"id":8802,"date":"2017-07-01T21:07:09","date_gmt":"2017-07-01T21:07:09","guid":{"rendered":"http:\/\/wolfgang-kipferl.de\/sch_aktuell_blog\/?p=8802"},"modified":"2017-07-01T21:58:13","modified_gmt":"2017-07-01T21:58:13","slug":"5-theo-betz-schulschachturnier-2017","status":"publish","type":"post","link":"https:\/\/wolfgang-kipferl.de\/sch_aktuell_blog\/?p=8802","title":{"rendered":"5. Theo-Betz-Schulschachturnier 2017"},"content":{"rendered":"<p><a href=\"http:\/\/wolfgang-kipferl.de\/sch_aktuell_blog\/wp-content\/uploads\/2017\/07\/20170701_TBS2017-1.jpg\"><img loading=\"lazy\" decoding=\"async\" src=\"http:\/\/wolfgang-kipferl.de\/sch_aktuell_blog\/wp-content\/uploads\/2017\/07\/20170701_TBS2017-1-300x225.jpg\" alt=\"\" width=\"300\" height=\"225\" class=\"alignright size-medium wp-image-8808\" srcset=\"https:\/\/wolfgang-kipferl.de\/sch_aktuell_blog\/wp-content\/uploads\/2017\/07\/20170701_TBS2017-1-300x225.jpg 300w, https:\/\/wolfgang-kipferl.de\/sch_aktuell_blog\/wp-content\/uploads\/2017\/07\/20170701_TBS2017-1.jpg 720w\" sizes=\"auto, (max-width: 300px) 100vw, 300px\" \/><\/a>Am Samstag machte die <a href=\"http:\/\/www.theo-betz.de\/projekte\/schach\/\" target=\"_blank\" rel=\"noopener noreferrer\">Theo-Betz-Schule<\/a> ihren Namen als <a href=\"http:\/\/wolfgang-kipferl.de\/sch_aktuell_blog\/?p=7142\" target=\"_blank\" rel=\"noopener noreferrer\">Deutsche Schachschule<\/a> einmal mehr alle Ehre. Bei der f\u00fcnften Auflage des Schulschachturniers sorgten 61 Sch\u00fclerinnen und Sch\u00fcler f\u00fcr einen neuen Teilnehmerrekord. Zudem gab es eine Premiere: erstmals wurde auch ein Elternturnier angeboten, das mit zehn Teilnehmern durchgef\u00fchrt wurde. Alle Spieler mussten sieben Runden bei einer Bedenkzeit von 15 Minuten absolvieren. Konrektorin Christine Fersch freute sich bei der Begr\u00fc\u00dfung \u00fcber die vielen schachbegeisterten Kinder und Eltern, was einmal mehr den besonderen Stellenwert von Schach in der Schule zeigt. Zudem bedankte sie sich beim Schachklub Neumarkt f\u00fcr die Kooperation und insbesondere bei den &#8222;Schachlehrkr\u00e4ften&#8220; Sabine Goehrke und Susanne Harrer f\u00fcr ihren unerm\u00fcdlichen Einsatz.<\/p>\n<p><!--more--><br \/>\nIn der Gruppe I (1.\/2.Klasse) meldeten sich erstmals so viele M\u00e4dchen an, dass sie ein eigenes Turnier spielen konnten. Bemerkenswerterweise waren sie sogar knapp in der \u00dcberzahl (16:15)! Nach zwei Runden lagen mit Hannah Kapfer und Annalena Zunner zwei M\u00e4dchen mit zwei Punkten in Front, die bereits beim <a href=\"http:\/\/wolfgang-kipferl.de\/sch_aktuell_blog\/?p=8515\" target=\"_blank\">Neumarkter M\u00e4dchenschachtag<\/a> Erfahrung sammeln konnten. Das direkte Duell in Runde drei entschied Annalena f\u00fcr sich, die sich in der Partie darauf aber Laura Windsch geschlagen geben musste. Diese musste die F\u00fchrung nach einer Niederlage gegen Hannah aber wieder abgeben. Hannah und Annalena gaben jeweils noch ein Remis ab und lagen somit mit 5,5 Punkten gleichauf. Die bessere Buchholz gab knapp mit 25,5:24,5 den Ausschlag zu Gunsten von Hannah, die im Vorjahr schon die M\u00e4dchenwertung in der Gruppe I gewonnen hatte. Platz drei sicherte sich Laura mit 4,5 Punkten knapp vor Ronja Albert, Valentina Gro\u00dfer sowie Taisia Wedel (je 4).<br \/>\nBei den Jungs gab Max Blank nur gegen Ren\u00e9 Oberm\u00fcller in Runde zwei ein Unentschieden ab, eilte danach aber von Sieg zu Sieg und schlug in den letzten beiden Runden auch seine hartn\u00e4ckigsten Verfolger Lukas Kraus und Julian Schrade. Damit sicherte er sich mit 6,5 Punkten letztlich souver\u00e4n den Sieg vor Julian (5) der dank der besseren Buchholz Lukas auf Rang drei verwies. Knapp am Podest vorbein schrammten Ren\u00e9 sowie Razvan Popan mit je 4,5 Z\u00e4hlern.<br \/>\nIn der Gruppe II (3.\/4.Klasse) zeigte Andreas Hierl einmal mehr seine Klasse. Nachdem er schon in den beiden vergangenen Jahren in der Gruppe I den Sieg geholt hatte, setzte er sich nun auch in der Gruppe II durch und das mit makelloser Bilanz. Ein starkes Turnier spielte auch Arda Ordu der einzig dem Sieger unterlag und mit 6 Z\u00e4hlern Zweiter wurde. Podestplatz drei sicherte sich Karl Gro\u00dfer (5) vor Jakob Hierl und David Hartmeier (je 4,5). Bestes M\u00e4dchen wurde Johanna Meyer mit 3,5 Punkten dank der besseren Buchholz vor Edona Aliu.<br \/>\nWie im Vorjahr gab es erneut eine Gruppe III (5.\/6.Klasse) f\u00fcr ehemalige Teilnehmer an den Schach-AGs der Schule. Favorit Denis Dechand musste fr\u00fch im Turnier einen R\u00fcckschlag verkraften, als er gegen Eduard Bulinger \u00fcbersah, dass sein K\u00f6nig im Schach steht und in der Folge die Dame verlor. Aber er fand schnell zur\u00fcck in die Erfolgsspur und bezwang mit Sebastian Henseler einen seiner \u00e4rgsten Konkurrenten. Die Entscheidung fiel dann in der Partie gegen den F\u00fchrenden Jakob Kraus. Dieser war mit einer Figur mehr bereits auf einem guten Weg, k\u00fcmmerte sich aber nicht rechtzeitig um ein Loch in seiner K\u00f6nigsstellung, das Denis zum Mattangriff nutzte. Damit zog Denis nach Punkten mit Jakob gleich und kr\u00f6nte sich dank der besseren SoBe bereits zum vierten Mal zum Turniersieger. Platz drei ging an Sebastian (5) vor Eduard, Noah Sch\u00e4fer und Benjamin L\u00f6we (je 3). Bestes M\u00e4dchen wurde Sina Ritschel.<br \/>\nBei den Erwachsenen fiel die Vorentscheidung tats\u00e4chlich schon in Runde zwei. Andre Gro\u00dfer und Zeljko Milasinovic lieferten sich einen packenden Fight bishin zu einem Zeitnotdrama. Zuerst hatte Andre Vorteile, aber Zeljko kam zur\u00fcck in die Partie. Dann versuchte Andre mit einem Figurenopfer die Stellung zu verkomplizieren und setzte dabei auch auf seinen Zeitvorteil. Aber Zeljko brachte einen Bauern zur Umwandlung, hatte aber weniger als 30 Sekunden auf der Uhr um mit Dame und Turm gegen Turm Matt zu setzen. Einmal bot sich eine zweiz\u00fcgige Chance, aber Andre kam noch einmal davon und gewann durch Zeit\u00fcberschreitung seitens Zeljko. Neben Andre war auch Jan Stottko noch verlustpunktfrei, nachdem er seine Gegnerschaft zur &#8222;ehrenhaften Aufgabe&#8220; \u00fcberreden konnte (nat\u00fcrlich waren die Stellungen jeweils klar gewonnen). In Runde vier fand er aber in Andre seinen Meister, obwohl die Stellung mit Quali weniger gegen einen gef\u00e4hrlichen vom L\u00e4ufer unterst\u00fctzten Freibauern nicht so klar war, aber kaum war man mal 30 Sekunden an einem anderen Brett war die Partie \u00fcberraschend schnell entschieden. Nach einem weiteren Erfolg \u00fcber Bj\u00f6rn Rometsch war in Runde sechs die F\u00fchrung von Andre nochmal ernsthaft in Gefahr da Houman Feldberger (der mitunter schon mal zum Sch\u00e4fermatt griff) mit aktivem Figurenspiel den gegnerischen Monarchen in arge Bedr\u00e4ngnis gebracht hatte, dann aber einen Turm stehen lie\u00df. Somit konnte sich Andre durchsetzen und schon vor der letzten Partie zum Premierensieger kr\u00f6nen. Auch in der letzten Runde konnte sein Lauf von Thorsten Mahncke nicht gestoppt werden und er behielt seine wei\u00dfe Weste. Platz zwei ging an Zeljko mit 6 Punkten, der gute Partien zeigte, aber gegen den Turniersieger ein paar Sekunden zu wenig auf der Uhr hatte. Den verbliebenen Podestplatz sicherte sich Jan (5) vor Bj\u00f6rn und Houman (je 4). Beste Dame im Feld wurde Ines Bauer (3) vor Cati Schneider (2,5) sowie Nancy Worch (1).<br \/>\nBei der folgenden Siegerehrung gab es f\u00fcr alle Teilnehmer eine Urkunde und einen Sachpreis, die besten Drei sowie das beste M\u00e4dchen jeder Gruppe nahmen obendrein stolz ihre Pokale entgegen. Alle hatten viel Spa\u00df und der tolle Schachtag, der auch dank der tatkr\u00e4ftigen Unterst\u00fctzung vieler Eltern erneut reibungslos \u00fcber die B\u00fchne gegangen war, klang im Pausenhof beim Grillabend gem\u00fctlich aus.<\/p>\n<p><a href=\"http:\/\/wolfgang-kipferl.de\/sch_aktuell_blog\/wp-content\/uploads\/2017\/07\/TBS_TurnierI_M2017-Fort-R7.html\" target=\"_blank\" rel=\"noopener noreferrer\">Endstand Gruppe I M\u00e4dchen<\/a><\/p>\n<p><a href=\"http:\/\/wolfgang-kipferl.de\/sch_aktuell_blog\/wp-content\/uploads\/2017\/07\/TBS_TurnierI_J2017-Fort-R7.html\" target=\"_blank\" rel=\"noopener noreferrer\">Endstand Gruppe I <\/a><\/p>\n<p><a href=\"http:\/\/wolfgang-kipferl.de\/sch_aktuell_blog\/wp-content\/uploads\/2017\/07\/TBS_TurnierII2017-Fort-R7.html\" target=\"_blank\" rel=\"noopener noreferrer\">Endstand Gruppe II<\/a><\/p>\n<p><a href=\"http:\/\/wolfgang-kipferl.de\/sch_aktuell_blog\/wp-content\/uploads\/2017\/07\/TBS_TurnierIII2017-Kreuz-R7.html\" target=\"_blank\" rel=\"noopener noreferrer\">Endstand Gruppe III<\/a><\/p>\n<p><a href=\"http:\/\/wolfgang-kipferl.de\/sch_aktuell_blog\/wp-content\/uploads\/2017\/07\/TBS_TurnierIV2017-Fort-R7.html\" target=\"_blank\" rel=\"noopener noreferrer\">Endstand Gruppe IV Eltern<\/a><\/p>\n\n\t\t<style type=\"text\/css\">\n\t\t\t#gallery-1 {\n\t\t\t\tmargin: auto;\n\t\t\t}\n\t\t\t#gallery-1 .gallery-item {\n\t\t\t\tfloat: left;\n\t\t\t\tmargin-top: 10px;\n\t\t\t\ttext-align: center;\n\t\t\t\twidth: 33%;\n\t\t\t}\n\t\t\t#gallery-1 img {\n\t\t\t\tborder: 2px solid #cfcfcf;\n\t\t\t}\n\t\t\t#gallery-1 .gallery-caption {\n\t\t\t\tmargin-left: 0;\n\t\t\t}\n\t\t\t\/* see gallery_shortcode() in wp-includes\/media.php *\/\n\t\t<\/style>\n\t\t<div id='gallery-1' class='gallery galleryid-8802 gallery-columns-3 gallery-size-thumbnail'><dl class='gallery-item'>\n\t\t\t<dt class='gallery-icon landscape'>\n\t\t\t\t<a href='https:\/\/wolfgang-kipferl.de\/sch_aktuell_blog\/?attachment_id=8809'><img loading=\"lazy\" decoding=\"async\" width=\"150\" height=\"150\" src=\"https:\/\/wolfgang-kipferl.de\/sch_aktuell_blog\/wp-content\/uploads\/2017\/07\/20170701_TBS2017-2-150x150.jpg\" class=\"attachment-thumbnail size-thumbnail\" alt=\"\" srcset=\"https:\/\/wolfgang-kipferl.de\/sch_aktuell_blog\/wp-content\/uploads\/2017\/07\/20170701_TBS2017-2-150x150.jpg 150w, https:\/\/wolfgang-kipferl.de\/sch_aktuell_blog\/wp-content\/uploads\/2017\/07\/20170701_TBS2017-2-144x144.jpg 144w\" sizes=\"auto, (max-width: 150px) 100vw, 150px\" \/><\/a>\n\t\t\t<\/dt><\/dl><dl class='gallery-item'>\n\t\t\t<dt class='gallery-icon landscape'>\n\t\t\t\t<a href='https:\/\/wolfgang-kipferl.de\/sch_aktuell_blog\/?attachment_id=8810'><img loading=\"lazy\" decoding=\"async\" width=\"150\" height=\"150\" src=\"https:\/\/wolfgang-kipferl.de\/sch_aktuell_blog\/wp-content\/uploads\/2017\/07\/20170701_TBS2017-3-150x150.jpg\" class=\"attachment-thumbnail size-thumbnail\" alt=\"\" srcset=\"https:\/\/wolfgang-kipferl.de\/sch_aktuell_blog\/wp-content\/uploads\/2017\/07\/20170701_TBS2017-3-150x150.jpg 150w, https:\/\/wolfgang-kipferl.de\/sch_aktuell_blog\/wp-content\/uploads\/2017\/07\/20170701_TBS2017-3-144x144.jpg 144w\" sizes=\"auto, (max-width: 150px) 100vw, 150px\" \/><\/a>\n\t\t\t<\/dt><\/dl><dl class='gallery-item'>\n\t\t\t<dt class='gallery-icon landscape'>\n\t\t\t\t<a href='https:\/\/wolfgang-kipferl.de\/sch_aktuell_blog\/?attachment_id=8811'><img loading=\"lazy\" decoding=\"async\" width=\"150\" height=\"150\" src=\"https:\/\/wolfgang-kipferl.de\/sch_aktuell_blog\/wp-content\/uploads\/2017\/07\/20170701_TBS2017-4-150x150.jpg\" class=\"attachment-thumbnail size-thumbnail\" alt=\"\" srcset=\"https:\/\/wolfgang-kipferl.de\/sch_aktuell_blog\/wp-content\/uploads\/2017\/07\/20170701_TBS2017-4-150x150.jpg 150w, https:\/\/wolfgang-kipferl.de\/sch_aktuell_blog\/wp-content\/uploads\/2017\/07\/20170701_TBS2017-4-144x144.jpg 144w\" sizes=\"auto, (max-width: 150px) 100vw, 150px\" \/><\/a>\n\t\t\t<\/dt><\/dl><br style=\"clear: both\" \/><dl class='gallery-item'>\n\t\t\t<dt class='gallery-icon landscape'>\n\t\t\t\t<a href='https:\/\/wolfgang-kipferl.de\/sch_aktuell_blog\/?attachment_id=8812'><img loading=\"lazy\" decoding=\"async\" width=\"150\" height=\"150\" src=\"https:\/\/wolfgang-kipferl.de\/sch_aktuell_blog\/wp-content\/uploads\/2017\/07\/20170701_TBS2017-5-150x150.jpg\" class=\"attachment-thumbnail size-thumbnail\" alt=\"\" srcset=\"https:\/\/wolfgang-kipferl.de\/sch_aktuell_blog\/wp-content\/uploads\/2017\/07\/20170701_TBS2017-5-150x150.jpg 150w, https:\/\/wolfgang-kipferl.de\/sch_aktuell_blog\/wp-content\/uploads\/2017\/07\/20170701_TBS2017-5-144x144.jpg 144w\" sizes=\"auto, (max-width: 150px) 100vw, 150px\" \/><\/a>\n\t\t\t<\/dt><\/dl><dl class='gallery-item'>\n\t\t\t<dt class='gallery-icon landscape'>\n\t\t\t\t<a href='https:\/\/wolfgang-kipferl.de\/sch_aktuell_blog\/?attachment_id=8813'><img loading=\"lazy\" decoding=\"async\" width=\"150\" height=\"150\" src=\"https:\/\/wolfgang-kipferl.de\/sch_aktuell_blog\/wp-content\/uploads\/2017\/07\/20170701_TBS2017-6-150x150.jpg\" class=\"attachment-thumbnail size-thumbnail\" alt=\"\" srcset=\"https:\/\/wolfgang-kipferl.de\/sch_aktuell_blog\/wp-content\/uploads\/2017\/07\/20170701_TBS2017-6-150x150.jpg 150w, https:\/\/wolfgang-kipferl.de\/sch_aktuell_blog\/wp-content\/uploads\/2017\/07\/20170701_TBS2017-6-144x144.jpg 144w\" sizes=\"auto, (max-width: 150px) 100vw, 150px\" \/><\/a>\n\t\t\t<\/dt><\/dl><dl class='gallery-item'>\n\t\t\t<dt class='gallery-icon landscape'>\n\t\t\t\t<a href='https:\/\/wolfgang-kipferl.de\/sch_aktuell_blog\/?attachment_id=8814'><img loading=\"lazy\" decoding=\"async\" width=\"150\" height=\"150\" src=\"https:\/\/wolfgang-kipferl.de\/sch_aktuell_blog\/wp-content\/uploads\/2017\/07\/20170701_TBS2017-7-150x150.jpg\" class=\"attachment-thumbnail size-thumbnail\" alt=\"\" srcset=\"https:\/\/wolfgang-kipferl.de\/sch_aktuell_blog\/wp-content\/uploads\/2017\/07\/20170701_TBS2017-7-150x150.jpg 150w, https:\/\/wolfgang-kipferl.de\/sch_aktuell_blog\/wp-content\/uploads\/2017\/07\/20170701_TBS2017-7-144x144.jpg 144w\" sizes=\"auto, (max-width: 150px) 100vw, 150px\" \/><\/a>\n\t\t\t<\/dt><\/dl><br style=\"clear: both\" \/>\n\t\t<\/div>\n\n<h3>Related Images:<\/h3>","protected":false},"excerpt":{"rendered":"<p>Am Samstag machte die Theo-Betz-Schule ihren Namen als Deutsche Schachschule einmal mehr alle Ehre. Bei der f\u00fcnften Auflage des Schulschachturniers sorgten 61 Sch\u00fclerinnen und Sch\u00fcler f\u00fcr einen neuen Teilnehmerrekord. Zudem gab es eine Premiere: erstmals wurde auch ein Elternturnier angeboten, &hellip; <a href=\"https:\/\/wolfgang-kipferl.de\/sch_aktuell_blog\/?p=8802\">Continue reading<\/a><\/p>\n","protected":false},"author":4,"featured_media":0,"comment_status":"closed","ping_status":"closed","sticky":false,"template":"","format":"standard","meta":{"ngg_post_thumbnail":0,"footnotes":""},"categories":[39,38],"tags":[],"class_list":["post-8802","post","type-post","status-publish","format-standard","hentry","category-jugend-1617","category-saison-1617"],"_links":{"self":[{"href":"https:\/\/wolfgang-kipferl.de\/sch_aktuell_blog\/index.php?rest_route=\/wp\/v2\/posts\/8802","targetHints":{"allow":["GET"]}}],"collection":[{"href":"https:\/\/wolfgang-kipferl.de\/sch_aktuell_blog\/index.php?rest_route=\/wp\/v2\/posts"}],"about":[{"href":"https:\/\/wolfgang-kipferl.de\/sch_aktuell_blog\/index.php?rest_route=\/wp\/v2\/types\/post"}],"author":[{"embeddable":true,"href":"https:\/\/wolfgang-kipferl.de\/sch_aktuell_blog\/index.php?rest_route=\/wp\/v2\/users\/4"}],"replies":[{"embeddable":true,"href":"https:\/\/wolfgang-kipferl.de\/sch_aktuell_blog\/index.php?rest_route=%2Fwp%2Fv2%2Fcomments&post=8802"}],"version-history":[{"count":0,"href":"https:\/\/wolfgang-kipferl.de\/sch_aktuell_blog\/index.php?rest_route=\/wp\/v2\/posts\/8802\/revisions"}],"wp:attachment":[{"href":"https:\/\/wolfgang-kipferl.de\/sch_aktuell_blog\/index.php?rest_route=%2Fwp%2Fv2%2Fmedia&parent=8802"}],"wp:term":[{"taxonomy":"category","embeddable":true,"href":"https:\/\/wolfgang-kipferl.de\/sch_aktuell_blog\/index.php?rest_route=%2Fwp%2Fv2%2Fcategories&post=8802"},{"taxonomy":"post_tag","embeddable":true,"href":"https:\/\/wolfgang-kipferl.de\/sch_aktuell_blog\/index.php?rest_route=%2Fwp%2Fv2%2Ftags&post=8802"}],"curies":[{"name":"wp","href":"https:\/\/api.w.org\/{rel}","templated":true}]}}